{"id":920,"date":"2021-06-13T12:08:00","date_gmt":"2021-06-13T15:08:00","guid":{"rendered":"https:\/\/iigual.com.br\/blog\/?p=920"},"modified":"2021-06-12T12:34:59","modified_gmt":"2021-06-12T15:34:59","slug":"candidatos-com-deficiencia","status":"publish","type":"post","link":"https:\/\/iigual.com.br\/blog\/candidatos-com-deficiencia\/","title":{"rendered":"Como o preconceito atrapalha a contrata\u00e7\u00e3o de candidatos com defici\u00eancia"},"content":{"rendered":"\n<p>Infelizmente o preconceito contra as pessoas com defici\u00eancia ainda \u00e9 muito comum e atual. Mesmo com tanta evolu\u00e7\u00e3o social, a realidade \u00e9 que o surgimento da nossa sociedade criou ra\u00edzes t\u00e3o s\u00f3lidas de descrimina\u00e7\u00e3o e preconceito, que at\u00e9 os dias de hoje eles ainda s\u00e3o recorrentes, e refletem os preju\u00edzos do surgimento de uma sociedade fundada na falta de empatia e compaix\u00e3o.&nbsp;<\/p>\n\n\n\n<p>Fazendo uma breve abordagem hist\u00f3rica, as pessoas com defici\u00eancia eram consideradas amaldi\u00e7oadas, um \u201ccastigo\u201d divino, e por isso sofriam a marginaliza\u00e7\u00e3o social, e o preconceito, que por muito tempo ensejou a morte de milhares de crian\u00e7as com defici\u00eancia. Naquela \u00e9poca, sem estudo algum, as pessoas justificavam suas atitudes genocidas com a religi\u00e3o. Por\u00e9m, os reflexos dessa \u00e9poca marcada por tantas mortes e sofrimento s\u00e3o assistidos hoje, e se manifestam nas mais variadas formas, atitudes, frases, \u201cbrincadeiras\u201d. E isso faz com que as pessoas com defici\u00eancia participem cada vez menos da vida social, e dos direitos sociais, sendo privadas do acesso \u00e0s escolas, ao lazer, \u00e0 cultura, e principalmente do ambiente de trabalho, que \u00e9 fundamental na vida de qualquer pessoa que pretende buscar sua autonomia. Como j\u00e1 mencionado, o preconceito se manifesta de diversas formas, entre elas na contrata\u00e7\u00e3o de candidatos com defici\u00eancia para trabalhar nas empresas.<\/p>\n\n\n\n<figure class=\"wp-block-image size-large\"><img loading=\"lazy\" decoding=\"async\" width=\"1024\" height=\"696\" src=\"https:\/\/iigual.com.br\/blog\/wp-content\/uploads\/2021\/06\/preconceito-1-1024x696.jpg\" alt=\"Como o preconceito atrapalha a contrata\u00e7\u00e3o de candidatos com defici\u00eancia\" class=\"wp-image-921\" srcset=\"https:\/\/iigual.com.br\/blog\/wp-content\/uploads\/2021\/06\/preconceito-1-1024x696.jpg 1024w, https:\/\/iigual.com.br\/blog\/wp-content\/uploads\/2021\/06\/preconceito-1-300x204.jpg 300w, https:\/\/iigual.com.br\/blog\/wp-content\/uploads\/2021\/06\/preconceito-1-768x522.jpg 768w, https:\/\/iigual.com.br\/blog\/wp-content\/uploads\/2021\/06\/preconceito-1-1536x1044.jpg 1536w, https:\/\/iigual.com.br\/blog\/wp-content\/uploads\/2021\/06\/preconceito-1-2048x1393.jpg 2048w, https:\/\/iigual.com.br\/blog\/wp-content\/uploads\/2021\/06\/preconceito-1-750x510.jpg 750w, https:\/\/iigual.com.br\/blog\/wp-content\/uploads\/2021\/06\/preconceito-1-1140x775.jpg 1140w\" sizes=\"auto, (max-width: 1024px) 100vw, 1024px\" \/><\/figure>\n\n\n\n<p>Atualmente, o desenvolvimento da sociedade fez com que o Estado precisasse criar mecanismos de garantia de acessibilidade aos direitos sociais, atrav\u00e9s da igualdade.&nbsp;<\/p>\n\n\n\n<p>Mesmo que de forma um pouco tardia, o Estado se preocupou em promulgar a lei de cotas, que garante a acessibilidade e possibilidade de contrata\u00e7\u00e3o de candidatos com defici\u00eancia para compor o quadro de funcion\u00e1rios da empresa. Quer entender mais sobre essa lei, e a sua aplicabilidade? Ent\u00e3o fique com a gente. Afinal, ser\u00e1 que somente a lei de cotas consegue acabar com o preconceito, ou mesmo com a lei ainda vemos a dificuldade na contrata\u00e7\u00e3o de candidatos com defici\u00eancia?<\/p>\n\n\n\n<h2 class=\"wp-block-heading\"><a href=\"https:\/\/www.gov.br\/mdh\/pt-br\/assuntos\/noticias\/2020-2\/julho\/inclusao-no-mercado-de-trabalho-lei-de-cotas-para-pessoas-com-deficiencia-completa-29-anos\" target=\"_blank\" rel=\"noreferrer noopener\">Lei de cotas<\/a>: como ficou a contrata\u00e7\u00e3o de candidatos com defici\u00eancia ap\u00f3s 2004?<\/h2>\n\n\n\n<p>Muitas pessoas preferem acreditar que depois da cria\u00e7\u00e3o da lei de cotas todas as pessoas com defici\u00eancia est\u00e3o empregadas, e que isso resolveu todo o problema envolvendo a contrata\u00e7\u00e3o de PCDs. Por\u00e9m, sabemos que isso n\u00e3o \u00e9 bem verdade. Atualmente, no Brasil, existem cerca de 45 milh\u00f5es de pessoas com defici\u00eancia, e um n\u00famero super reduzido de pessoas que chegam ao mercado de trabalho.&nbsp;<\/p>\n\n\n\n<p>A lei prev\u00ea a obrigatoriedade da destina\u00e7\u00e3o de 2% a 5% das vagas nas empresas que tiverem mais de 99 funcion\u00e1rios, sendo dividida da seguinte forma:<\/p>\n\n\n\n<ul class=\"wp-block-list\"><li>De 100 a 200 empregados &#8211; 2% de trabalhadores com defici\u00eancia;<\/li><li>De 201 a 500 empregados &#8211; 3% de trabalhadores com defici\u00eancia;<\/li><li>De 501 a 100 empregados &#8211; 4% de trabalhadores com defici\u00eancia;<\/li><li>Acima de 1000 empregados &#8211; 5% de trabalhadores com defici\u00eancia (cota fixa).<\/li><\/ul>\n\n\n\n<p>Por\u00e9m, ser\u00e1 que a mera integra\u00e7\u00e3o da pcd no mercado de trabalho garante a acessibilidade? Ser\u00e1 que \u00e9 f\u00e1cil o ingresso das pcds ao mercado?<\/p>\n\n\n\n<p>A resposta \u00e9 simples e dolorosa: N\u00e3o \u00e9 f\u00e1cil o ingresso da pessoa com defici\u00eancia no mercado de trabalho. A lei de cotas imp\u00f5e san\u00e7\u00f5es \u00e0s empresas que descumprirem o legislado, por\u00e9m, a realidade \u00e9 que o preconceito fala mais alto em muitas empresas. Mesmo que algumas delas procedam \u00e0 contrata\u00e7\u00e3o dos candidatos com defici\u00eancia, elas n\u00e3o garantem o m\u00ednimo necess\u00e1rio para que essa pessoa desempenhe seus servi\u00e7os com destreza, ou seja, promovem a integra\u00e7\u00e3o, mas deixam de lado a inclus\u00e3o.&nbsp;<\/p>\n\n\n\n<p>O preconceito no ambiente de trabalho pode se manifestar de v\u00e1rias formas, e por isso a import\u00e2ncia de uma forte atua\u00e7\u00e3o do RH, em conjunto com os gestores, e todos os funcion\u00e1rios da empresa.&nbsp;<\/p>\n\n\n\n<p>Somente a legisla\u00e7\u00e3o n\u00e3o \u00e9 capaz de garantir a inclus\u00e3o atrav\u00e9s de seus mecanismos legais. O fim do preconceito somente ser\u00e1 poss\u00edvel quando houver a conscientiza\u00e7\u00e3o do maior n\u00famero poss\u00edvel de pessoas de como ele \u00e9 prejudicial e atrapalha a vida e a autonomia das pessoas com defici\u00eancia,&nbsp;&nbsp;<\/p>\n\n\n\n<p>Os avan\u00e7os da tecnologia permitiram hoje uma maior dissemina\u00e7\u00e3o da realidade das PCDs, e como elas sofrem por n\u00e3o serem vistas como pessoas normais, que pode ser totalmente visto nas manifesta\u00e7\u00f5es do capacitismo,&nbsp;<\/p>\n\n\n\n<p>As pessoas sem defici\u00eancia insistem em discriminar e infantilizar as pessoas com defici\u00eancia, mesmo sabendo de todos os reflexos negativos que isso pode trazer para a vida dessa pessoa.&nbsp;<\/p>\n\n\n\n<p>Algumas coisas podem ajudar diretamente a compreender e entender a rotina e a vida das PCDs, com por exemplo segui-las nas redes sociais, a fim de entender melhor as coisas que s\u00e3o prejudiciais, e as coisas que de fato podem colaborar para o fim da marginaliza\u00e7\u00e3o social.&nbsp;<\/p>\n\n\n\n<h2 class=\"wp-block-heading\">Formas de minimizar e acabar com o preconceito sendo gestor de uma empresa<\/h2>\n\n\n\n<p>Em primeiro lugar, se voc\u00ea pretende desconstruir algumas mentiras sobre as pessoas com defici\u00eancia, voc\u00ea, como gestor, deve estar totalmente a par da situa\u00e7\u00e3o, e saber tudo que envolve o tema, a fim de minimizar as manifesta\u00e7\u00f5es preconceituosas dentro do seu ambiente de trabalho.&nbsp;<\/p>\n\n\n\n<p>Voc\u00ea, como gestor, tem a obriga\u00e7\u00e3o de fortalecer a atua\u00e7\u00e3o do RH da sua empresa, para que sempre estejam atentos \u00e0 qualquer discrimina\u00e7\u00e3o que o candidato com defici\u00eancia possa estar passando.&nbsp;<\/p>\n\n\n\n<p>Mapeie a sua empresa a fim de conhecer o perfil de cada um dos seus funcion\u00e1rios, pois somente assim voc\u00ea poder\u00e1 saber qual voc\u00ea dever\u00e1 trabalhar mais, e como abord\u00e1-lo caso ele esteja praticando o preconceito. Esse mapeamento de perfil pode ser feito a partir de um censo de representatividade.&nbsp;<\/p>\n\n\n\n<p>Se voc\u00ea sentir maiores dificuldades em minimizar o preconceito na sua empresa, voc\u00ea pode procurar ajuda de uma consultoria especializada pcd, que saber\u00e1 exatamente onde e como atuar na sua empresa, trazendo dicas e melhoramentos que talvez voc\u00ea n\u00e3o consiga enxergar.&nbsp;<\/p>\n\n\n\n<figure class=\"wp-block-image size-large\"><img loading=\"lazy\" decoding=\"async\" width=\"1024\" height=\"683\" src=\"https:\/\/iigual.com.br\/blog\/wp-content\/uploads\/2021\/06\/preconceito-2-1-1024x683.jpg\" alt=\"Como o preconceito atrapalha a contrata\u00e7\u00e3o de candidatos com defici\u00eancia\" class=\"wp-image-922\" srcset=\"https:\/\/iigual.com.br\/blog\/wp-content\/uploads\/2021\/06\/preconceito-2-1-1024x683.jpg 1024w, https:\/\/iigual.com.br\/blog\/wp-content\/uploads\/2021\/06\/preconceito-2-1-300x200.jpg 300w, https:\/\/iigual.com.br\/blog\/wp-content\/uploads\/2021\/06\/preconceito-2-1-768x512.jpg 768w, https:\/\/iigual.com.br\/blog\/wp-content\/uploads\/2021\/06\/preconceito-2-1-1536x1025.jpg 1536w, https:\/\/iigual.com.br\/blog\/wp-content\/uploads\/2021\/06\/preconceito-2-1-2048x1367.jpg 2048w, https:\/\/iigual.com.br\/blog\/wp-content\/uploads\/2021\/06\/preconceito-2-1-750x500.jpg 750w, https:\/\/iigual.com.br\/blog\/wp-content\/uploads\/2021\/06\/preconceito-2-1-1140x761.jpg 1140w\" sizes=\"auto, (max-width: 1024px) 100vw, 1024px\" \/><\/figure>\n\n\n\n<p>A empresa inclusiva tem trazido diversos benef\u00edcios ao mundo dos neg\u00f3cios, melhorando, inclusive, a imagem da empresa e seu desenvolvimento. Voc\u00ea n\u00e3o vai deixar o preconceito atrapalhar seu crescimento, n\u00e3o \u00e9 mesmo?<\/p>\n\n\n\n<p>Gostou do nosso artigo sobre como o preconceito atrapalha na contrata\u00e7\u00e3o de candidatos com defici\u00eancia? Esse \u00e9 um tema que deve ser cada dia mais debatido, a fim de garantir que as pessoas com defici\u00eancia possam viver sua vida com autonomia e liberdade.<\/p>\n\n\n\n<p>A <a href=\"https:\/\/iigual.com.br\/\" target=\"_blank\" rel=\"noreferrer noopener\">Iigual<\/a> j\u00e1 incluiu mais de 20 mil pessoas com defici\u00eancia no mercado de trabalho. A consultoria nasceu da experi\u00eancia de vida do casal fundador Andrea Schwarz e Jaques Haber, quando Andrea se tornou cadeirante em 1998 aos 22 anos.<\/p>\n\n\n\n<p>Somos especializados em a\u00e7\u00f5es de Inclus\u00e3o e Diversidade com foco em recrutamento e sele\u00e7\u00e3o, palestras, treinamentos, acessibilidade f\u00edsica e digital, Censo da Inclus\u00e3o e Diversidade e consultoria em D&amp;I.<\/p>\n\n\n\n<p>Conhe\u00e7a mais sobre o nosso trabalho e acesse as redes dos nossos fundadores:<\/p>\n\n\n\n<p>Andrea Schwarz<\/p>\n\n\n\n<p>Linkedin<\/p>\n\n\n\n<p><a href=\"http:\/\/linkedin.com\/in\/andrea-schwarz\" target=\"_blank\" rel=\"noreferrer noopener\">http:\/\/linkedin.com\/in\/andrea-schwarz<\/a><\/p>\n\n\n\n<p>Instagram<\/p>\n\n\n\n<p><a href=\"https:\/\/www.instagram.com\/dea_schwarz\/?hl=pt-br\" target=\"_blank\" rel=\"noreferrer noopener\">@dea_schwarz<\/a><\/p>\n\n\n\n<p>Jaques Haber<\/p>\n\n\n\n<p>Linkedin<\/p>\n\n\n\n<p><a href=\"http:\/\/linkedin.com\/in\/jaqueshaber\" target=\"_blank\" rel=\"noreferrer noopener\">http:\/\/linkedin.com\/in\/jaqueshaber<\/a><\/p>\n","protected":false},"excerpt":{"rendered":"<p>Infelizmente o preconceito contra as pessoas com defici\u00eancia ainda \u00e9 muito comum e atual. Mesmo com tanta evolu\u00e7\u00e3o social, a realidade \u00e9 que o surgimento da nossa sociedade criou ra\u00edzes t\u00e3o s\u00f3lidas de descrimina\u00e7\u00e3o e preconceito, que at\u00e9 os dias de hoje eles ainda s\u00e3o recorrentes, e refletem os preju\u00edzos do surgimento de uma sociedade [&hellip;]<\/p>\n","protected":false},"author":7,"featured_media":921,"comment_status":"open","ping_status":"open","sticky":false,"template":"","format":"standard","meta":{"footnotes":""},"categories":[3,4],"tags":[204],"class_list":["post-920","post","type-post","status-publish","format-standard","has-post-thumbnail","hentry","category-carreira","category-inclusao","tag-candidatos-com-deficiencia"],"_links":{"self":[{"href":"https:\/\/iigual.com.br\/blog\/wp-json\/wp\/v2\/posts\/920","targetHints":{"allow":["GET"]}}],"collection":[{"href":"https:\/\/iigual.com.br\/blog\/wp-json\/wp\/v2\/posts"}],"about":[{"href":"https:\/\/iigual.com.br\/blog\/wp-json\/wp\/v2\/types\/post"}],"author":[{"embeddable":true,"href":"https:\/\/iigual.com.br\/blog\/wp-json\/wp\/v2\/users\/7"}],"replies":[{"embeddable":true,"href":"https:\/\/iigual.com.br\/blog\/wp-json\/wp\/v2\/comments?post=920"}],"version-history":[{"count":1,"href":"https:\/\/iigual.com.br\/blog\/wp-json\/wp\/v2\/posts\/920\/revisions"}],"predecessor-version":[{"id":923,"href":"https:\/\/iigual.com.br\/blog\/wp-json\/wp\/v2\/posts\/920\/revisions\/923"}],"wp:featuredmedia":[{"embeddable":true,"href":"https:\/\/iigual.com.br\/blog\/wp-json\/wp\/v2\/media\/921"}],"wp:attachment":[{"href":"https:\/\/iigual.com.br\/blog\/wp-json\/wp\/v2\/media?parent=920"}],"wp:term":[{"taxonomy":"category","embeddable":true,"href":"https:\/\/iigual.com.br\/blog\/wp-json\/wp\/v2\/categories?post=920"},{"taxonomy":"post_tag","embeddable":true,"href":"https:\/\/iigual.com.br\/blog\/wp-json\/wp\/v2\/tags?post=920"}],"curies":[{"name":"wp","href":"https:\/\/api.w.org\/{rel}","templated":true}]}}