{"id":829,"date":"2021-05-26T09:35:36","date_gmt":"2021-05-26T12:35:36","guid":{"rendered":"https:\/\/iigual.com.br\/blog\/?p=829"},"modified":"2021-05-26T09:39:51","modified_gmt":"2021-05-26T12:39:51","slug":"capacitismo-redes-sociais","status":"publish","type":"post","link":"https:\/\/iigual.com.br\/blog\/capacitismo-redes-sociais\/","title":{"rendered":"Redes sociais como protagonistas da desmistifica\u00e7\u00e3o do capacitismo"},"content":{"rendered":"\n<p>Como todos j\u00e1 sabem, estamos vivendo \u201ca era digital\u201d. A populariza\u00e7\u00e3o da internet deu voz a diversos grupos e pessoas, e de certa forma isso contribuiu muito de forma positiva para a coloca\u00e7\u00e3o em pauta de alguns assuntos que estavam silenciados h\u00e1 muito tempo. Mesmo com tanto tempo passando, e com o avan\u00e7o constante da globaliza\u00e7\u00e3o, o preconceito contra as minorias(capacitismo, preconceito, homofobia) ainda se faz presente, e isso acaba dificultando o processo de inclus\u00e3o social.\u00a0<\/p>\n\n\n\n<figure class=\"wp-block-image size-large\"><img loading=\"lazy\" decoding=\"async\" width=\"1024\" height=\"702\" src=\"https:\/\/iigual.com.br\/blog\/wp-content\/uploads\/2021\/05\/annie-spratt-sggw4-qDD54-unsplash-1-1024x702.jpg\" alt=\"\" class=\"wp-image-832\" srcset=\"https:\/\/iigual.com.br\/blog\/wp-content\/uploads\/2021\/05\/annie-spratt-sggw4-qDD54-unsplash-1-1024x702.jpg 1024w, https:\/\/iigual.com.br\/blog\/wp-content\/uploads\/2021\/05\/annie-spratt-sggw4-qDD54-unsplash-1-300x206.jpg 300w, https:\/\/iigual.com.br\/blog\/wp-content\/uploads\/2021\/05\/annie-spratt-sggw4-qDD54-unsplash-1-768x526.jpg 768w, https:\/\/iigual.com.br\/blog\/wp-content\/uploads\/2021\/05\/annie-spratt-sggw4-qDD54-unsplash-1-1536x1052.jpg 1536w, https:\/\/iigual.com.br\/blog\/wp-content\/uploads\/2021\/05\/annie-spratt-sggw4-qDD54-unsplash-1-2048x1403.jpg 2048w, https:\/\/iigual.com.br\/blog\/wp-content\/uploads\/2021\/05\/annie-spratt-sggw4-qDD54-unsplash-1-750x514.jpg 750w, https:\/\/iigual.com.br\/blog\/wp-content\/uploads\/2021\/05\/annie-spratt-sggw4-qDD54-unsplash-1-1140x781.jpg 1140w\" sizes=\"auto, (max-width: 1024px) 100vw, 1024px\" \/><\/figure>\n\n\n\n<p>Atualmente, com diversos tipos de penalidades aprovados pela <a href=\"http:\/\/www.planalto.gov.br\/ccivil_03\/_ato2015-2018\/2015\/lei\/l13146.htm\" target=\"_blank\" rel=\"noreferrer noopener\">LBI- Lei Brasileira de Inclus\u00e3o<\/a> (Estatuto da Pessoa com Defici\u00eancia), muitas pessoas manifestam o seus preconceitos pelo capacitismo, que \u00e9 uma forma de preconceito, mas que se \u201cesconde\u201d atr\u00e1s de alguns coment\u00e1rios que primordialmente n\u00e3o parecem ofensivos, mas que no fundo, s\u00e3o ensejadores de discrimina\u00e7\u00e3o, e infantiliza\u00e7\u00e3o das pessoas com defici\u00eancia.\u00a0<\/p>\n\n\n\n<p>Antes de adentrarmos a esse assunto, vamos fazer uma breve abordagem sobre o que \u00e9 o capacitismo e como ele se manifesta em nossa sociedade? A seguir dessas considera\u00e7\u00f5es, analisaremos como as redes sociais ajudam na desmistifica\u00e7\u00e3o desse instituto.&nbsp;<\/p>\n\n\n\n<h2 class=\"wp-block-heading\">O que \u00e9 capacitismo?&nbsp;<\/h2>\n\n\n\n<p>Capacitismo pode ser compreendido como a caracteriza\u00e7\u00e3o da discrimina\u00e7\u00e3o sofrida pelas pessoas com defici\u00eancia de forma \u201ccamuflada\u201d. Esse termo surgiu por conta de uma constru\u00e7\u00e3o da sociedade que considera as pessoas sem defici\u00eancia \u201cnormais\u201d, criando uma subestima\u00e7\u00e3o da capacidade e aptid\u00e3o das pessoas com defici\u00eancia, infantilizando assim, sempre as suas atitudes e a sua exist\u00eancia.<\/p>\n\n\n\n<p>Muitas pessoas n\u00e3o sabem o que \u00e9 capacitismo justamente pela falta de interesse em discutir assuntos t\u00e3o pol\u00eamicos, que, al\u00e9m das pessoas participantes da sociedade, envolve ainda o Estado como protagonista de toda essa falta de pol\u00edticas p\u00fablicas que ensejem a inclus\u00e3o.&nbsp;<\/p>\n\n\n\n<p>N\u00e3o \u00e9 novidade para ningu\u00e9m, que \u00e9 o Estado quem deve garantir as necessidades b\u00e1sicas de todos os cidad\u00e3os, incluindo educa\u00e7\u00e3o, lazer, transporte e seguran\u00e7a.&nbsp;<\/p>\n\n\n\n<p>Por\u00e9m, as pessoas com defici\u00eancia geralmente n\u00e3o conseguem desfrutar desses mecanismos, principalmente devido \u00e0 falta de acessibilidade e inclus\u00e3o.&nbsp;<\/p>\n\n\n\n<p>Entender sobre esses aspectos nos leva a compreender um pouco da realidade de cada pessoa que j\u00e1 passou por essa discrimina\u00e7\u00e3o e sofrimento, e acima de tudo nos mostra a import\u00e2ncia de discutirmos e trazermos \u00e0 tona temas t\u00e3o importantes e atuais, principalmente atrav\u00e9s das redes sociais, como instagram, facebook, tiktok, entre outras.&nbsp;<\/p>\n\n\n\n<p>O capacitismo como preconceito e discrimina\u00e7\u00e3o se manifesta principalmente quando uma pessoa subestima a capacidade da outra pelo simples fato de ela ser pessoa com defci\u00eancia. Geralmente a pessoa com defici\u00eancia \u00e9 tratada de forma infantilizada em todas as suas atitudes, e pormenorizada pelo simples fato de ter alguma defici\u00eancia que \u00e9 vis\u00edvel, sem ser notada ou percebida pela sua capacidade, mas apenas pela sua defici\u00eancia.&nbsp;<\/p>\n\n\n\n<p>Entender o que \u00e9 capacitismo \u00e9 muito importante, principalmente pelo fato de que, por n\u00e3o ser muito conhecido, acabamos praticando de forma involunt\u00e1ria. Como \u00e9 o caso dos vieses inconscientes, o capacitismo tamb\u00e9m pode ser evitado quando compreendido e estudado.&nbsp;<\/p>\n\n\n\n<p>A cultura capacitista ainda se manifesta muito na vida das pessoas com defici\u00eancia, por isso precisamos aprender como superar o capacitismo. Um exemplo comum de capacitismo, \u00e9 querer sempre evidenciar as atitudes praticadas pelas PCDs. Para evitar esse tipo de pr\u00e1tica, basta voc\u00ea analisar se faria o mesmo coment\u00e1rio para uma pessoa sem defici\u00eancia. Um coment\u00e1rio que \u00e9 muito comum as PCDs escutarem \u00e9 que elas \u201cvivem a vida normalmente&#8221;, u\u00e9, por qual motivo elas n\u00e3o viveriam a vida normalmente? A defici\u00eancia n\u00e3o faz de ningu\u00e9m \u201canormal\u201d.<\/p>\n\n\n\n<h2 class=\"wp-block-heading\">De que forma as redes sociais ajudam no combate ao capacitismo?<\/h2>\n\n\n\n<p>Como citamos acima, estamos vivendo a era digital,&nbsp; e com isso, muitas pessoas com defici\u00eancia se aproveitam das redes para promover campanhas de conscientiza\u00e7\u00e3o.&nbsp;<\/p>\n\n\n\n<p>Hoje, no instagram, por exemplo, diversas blogueiras e blogueiros com defici\u00eancia est\u00e3o tomando conta dos famosos \u201creels\u201d, ou at\u00e9 mesmo nas outras plataformas, como o tiktok.&nbsp;<\/p>\n\n\n\n<p>Por esses meios, as pessoas com defici\u00eancia conseguem debater assuntos que jamais foram abordados, incluindo entre eles as manifesta\u00e7\u00f5es do capacitismo, e como elas podem influenciar negativamente na vida dessas pessoas.&nbsp;<\/p>\n\n\n\n<p>\u00c9 claro que precisamos nos lembrar que atualmente, muitos poucos sites oferecem a op\u00e7\u00e3o inclusiva, o que pode afetar diretamente a dissemina\u00e7\u00e3o desses assuntos, por\u00e9m, com esse \u201csurgimento\u201d nas redes mais procuradas do momento, os blogueiros com defici\u00eancia est\u00e3o atraindo os mais diversos olhares.&nbsp;<\/p>\n\n\n\n<p>N\u00e3o existe nada melhor do que podermos compreender a realidade de uma pessoa com defici\u00eancia quando ela \u00e9 contada por ela mesma.&nbsp;<\/p>\n\n\n\n<p>Notar que as pessoas com defici\u00eancia s\u00e3o plenamente capazes, pode fazer com que v\u00e1rias pessoas preconceituosas caiam por terra, e come\u00e7am a notar que o preconceito \u00e9 fundado apenas em algumas inverdades enraizadas, que acabamos crescendo com elas.<\/p>\n\n\n\n<p>O capacitismo se manifesta de diversas formas, e ao seguir as pessoas com defici\u00eancia, elas podem trazer o tema \u00e0 tona, evidenciando todo tipo de preconceito que elas s\u00e3o obrigadas a conviverem. Por isso \u00e9 t\u00e3o importante o papel das redes sociais, pois somente atrav\u00e9s dessa dissemina\u00e7\u00e3o \u00e9 que poderemos conter os avan\u00e7os do preconceito.&nbsp;<\/p>\n\n\n\n<p>Quer algumas dicas de quem seguir para entender um pouco melhor sobre esse assunto?<\/p>\n\n\n\n<h3 class=\"wp-block-heading\">Blogueiros com defici\u00eancia: dicas para seguir:<\/h3>\n\n\n\n<ul class=\"wp-block-list\"><li>Andrea Schwarz- @dea_schwarz<\/li><li>Vit\u00f3ria Mesquita- @Hey.Viti&nbsp;&nbsp;<\/li><li>Cacai Bauer- @cacaibauer&nbsp;<\/li><li>Lorena Eltz- @lorenaeltzz&nbsp;<\/li><li>Lorrane Silva- @_pequenalo&nbsp;<\/li><li>Marcos Lima- @historiasdecego<\/li><li>Maria J\u00falia de Ara\u00fajo- @majudearaujo<\/li><\/ul>\n\n\n\n<p>Al\u00e9m desses, ainda existem muitos outros, que\u00a0 com certeza contribuir\u00e3o muito para o seu crescimento e desenvolvimento no que tange os assuntos relacionados \u00e0s pessoas com defici\u00eancia. Desmistificar algumas \u201cverdades absolutas\u201d contribui significativamente para o fim das manifesta\u00e7\u00f5es do capacitismo. E a\u00ed, est\u00e1 preparado para compreender melhor sobre esse tema? Comece agora a seguir esses blogueiros!<\/p>\n\n\n\n<figure class=\"wp-block-image size-large\"><img loading=\"lazy\" decoding=\"async\" width=\"1024\" height=\"575\" src=\"https:\/\/iigual.com.br\/blog\/wp-content\/uploads\/2021\/05\/dole777-EQSPI11rf68-unsplash-1024x575.jpg\" alt=\"\" class=\"wp-image-831\" srcset=\"https:\/\/iigual.com.br\/blog\/wp-content\/uploads\/2021\/05\/dole777-EQSPI11rf68-unsplash-1024x575.jpg 1024w, https:\/\/iigual.com.br\/blog\/wp-content\/uploads\/2021\/05\/dole777-EQSPI11rf68-unsplash-300x168.jpg 300w, https:\/\/iigual.com.br\/blog\/wp-content\/uploads\/2021\/05\/dole777-EQSPI11rf68-unsplash-768x431.jpg 768w, https:\/\/iigual.com.br\/blog\/wp-content\/uploads\/2021\/05\/dole777-EQSPI11rf68-unsplash-1536x862.jpg 1536w, https:\/\/iigual.com.br\/blog\/wp-content\/uploads\/2021\/05\/dole777-EQSPI11rf68-unsplash-2048x1150.jpg 2048w, https:\/\/iigual.com.br\/blog\/wp-content\/uploads\/2021\/05\/dole777-EQSPI11rf68-unsplash-750x421.jpg 750w, https:\/\/iigual.com.br\/blog\/wp-content\/uploads\/2021\/05\/dole777-EQSPI11rf68-unsplash-1140x640.jpg 1140w\" sizes=\"auto, (max-width: 1024px) 100vw, 1024px\" \/><\/figure>\n\n\n\n<p>Gostou do nosso conte\u00fado sobre as redes sociais como protagonistas da desmistifica\u00e7\u00e3o do capacitismo? Se sim, compartilhe com os seus amigos, e escreva pra gente nos coment\u00e1rios se voc\u00ea tem, ou conhece algu\u00e9m que tenha um blog pessoal sobre esses assuntos tamb\u00e9m.<\/p>\n\n\n\n<p>A <a href=\"https:\/\/iigual.com.br\/blog\/\" target=\"_blank\" rel=\"noreferrer noopener\">Iigual<\/a> j\u00e1 incluiu mais de 20 mil pessoas com defici\u00eancia no mercado de trabalho. A consultoria nasceu da experi\u00eancia de vida do casal fundador Andrea Schwarz e Jaques Haber, quando Andrea se tornou cadeirante em 1998 aos 22 anos.<\/p>\n\n\n\n<p>Somos especializados em a\u00e7\u00f5es de Inclus\u00e3o e Diversidade com foco em recrutamento e sele\u00e7\u00e3o, palestras, treinamentos, acessibilidade f\u00edsica e digital, Censo da Inclus\u00e3o e Diversidade e consultoria em D&amp;I.<\/p>\n\n\n\n<p>Conhe\u00e7a mais sobre o nosso trabalho e acesse as redes dos nossos fundadores:<\/p>\n\n\n\n<p>Andrea Schwarz<\/p>\n\n\n\n<p>Linkedin<\/p>\n\n\n\n<p><a href=\"http:\/\/linkedin.com\/in\/andrea-schwarz\" target=\"_blank\" rel=\"noreferrer noopener\">http:\/\/linkedin.com\/in\/andrea-schwarz<\/a><\/p>\n\n\n\n<p>Instagram<\/p>\n\n\n\n<p><a href=\"https:\/\/www.instagram.com\/dea_schwarz\/?hl=pt-br\" target=\"_blank\" rel=\"noreferrer noopener\">@dea_schwarz<\/a><\/p>\n\n\n\n<p>Jaques Haber<\/p>\n\n\n\n<p>Linkedin<\/p>\n\n\n\n<p><a href=\"http:\/\/linkedin.com\/in\/jaqueshaber\" target=\"_blank\" rel=\"noreferrer noopener\">http:\/\/linkedin.com\/in\/jaqueshaber<\/a><\/p>\n","protected":false},"excerpt":{"rendered":"<p>Como todos j\u00e1 sabem, estamos vivendo \u201ca era digital\u201d. A populariza\u00e7\u00e3o da internet deu voz a diversos grupos e pessoas, e de certa forma isso contribuiu muito de forma positiva para a coloca\u00e7\u00e3o em pauta de alguns assuntos que estavam silenciados h\u00e1 muito tempo. Mesmo com tanto tempo passando, e com o avan\u00e7o constante da [&hellip;]<\/p>\n","protected":false},"author":7,"featured_media":831,"comment_status":"open","ping_status":"open","sticky":false,"template":"","format":"standard","meta":{"footnotes":""},"categories":[4,7],"tags":[188],"class_list":["post-829","post","type-post","status-publish","format-standard","has-post-thumbnail","hentry","category-inclusao","category-web-acessivel","tag-redes-sociais-como-protagonistas-da-desmistificacao-do-capacitismo"],"_links":{"self":[{"href":"https:\/\/iigual.com.br\/blog\/wp-json\/wp\/v2\/posts\/829","targetHints":{"allow":["GET"]}}],"collection":[{"href":"https:\/\/iigual.com.br\/blog\/wp-json\/wp\/v2\/posts"}],"about":[{"href":"https:\/\/iigual.com.br\/blog\/wp-json\/wp\/v2\/types\/post"}],"author":[{"embeddable":true,"href":"https:\/\/iigual.com.br\/blog\/wp-json\/wp\/v2\/users\/7"}],"replies":[{"embeddable":true,"href":"https:\/\/iigual.com.br\/blog\/wp-json\/wp\/v2\/comments?post=829"}],"version-history":[{"count":1,"href":"https:\/\/iigual.com.br\/blog\/wp-json\/wp\/v2\/posts\/829\/revisions"}],"predecessor-version":[{"id":833,"href":"https:\/\/iigual.com.br\/blog\/wp-json\/wp\/v2\/posts\/829\/revisions\/833"}],"wp:featuredmedia":[{"embeddable":true,"href":"https:\/\/iigual.com.br\/blog\/wp-json\/wp\/v2\/media\/831"}],"wp:attachment":[{"href":"https:\/\/iigual.com.br\/blog\/wp-json\/wp\/v2\/media?parent=829"}],"wp:term":[{"taxonomy":"category","embeddable":true,"href":"https:\/\/iigual.com.br\/blog\/wp-json\/wp\/v2\/categories?post=829"},{"taxonomy":"post_tag","embeddable":true,"href":"https:\/\/iigual.com.br\/blog\/wp-json\/wp\/v2\/tags?post=829"}],"curies":[{"name":"wp","href":"https:\/\/api.w.org\/{rel}","templated":true}]}}