{"id":574,"date":"2021-04-10T08:30:00","date_gmt":"2021-04-10T11:30:00","guid":{"rendered":"https:\/\/iigual.com.br\/blog\/?p=574"},"modified":"2021-04-09T10:01:08","modified_gmt":"2021-04-09T13:01:08","slug":"acessibilidade-para-deficientes","status":"publish","type":"post","link":"https:\/\/iigual.com.br\/blog\/acessibilidade-para-deficientes\/","title":{"rendered":"Acessibilidade para pessoas deficientes no mundo digital"},"content":{"rendered":"\n<p>Atualmente ouvimos falar bastante sobre acessibilidade para deficientes nas mais diversas formas. Nos meios de transporte, no ambiente de trabalho, no lazer e seguran\u00e7a, e em diversas outras presta\u00e7\u00f5es estatais, ou sociais, est\u00e3o presentes os institutos de acessibilidade. Mas afinal, voc\u00ea sabe o que \u00e9 acessibilidade e qual sua import\u00e2ncia?<\/p>\n\n\n\n<figure class=\"wp-block-image size-large\"><img loading=\"lazy\" decoding=\"async\" width=\"1024\" height=\"683\" src=\"https:\/\/iigual.com.br\/blog\/wp-content\/uploads\/2021\/04\/acessibilidade-para-deficiente-2-1-1024x683.jpg\" alt=\"acessibilidade para deficiente\" class=\"wp-image-578\" srcset=\"https:\/\/iigual.com.br\/blog\/wp-content\/uploads\/2021\/04\/acessibilidade-para-deficiente-2-1-1024x683.jpg 1024w, https:\/\/iigual.com.br\/blog\/wp-content\/uploads\/2021\/04\/acessibilidade-para-deficiente-2-1-300x200.jpg 300w, https:\/\/iigual.com.br\/blog\/wp-content\/uploads\/2021\/04\/acessibilidade-para-deficiente-2-1-768x512.jpg 768w, https:\/\/iigual.com.br\/blog\/wp-content\/uploads\/2021\/04\/acessibilidade-para-deficiente-2-1-1536x1024.jpg 1536w, https:\/\/iigual.com.br\/blog\/wp-content\/uploads\/2021\/04\/acessibilidade-para-deficiente-2-1-2048x1365.jpg 2048w, https:\/\/iigual.com.br\/blog\/wp-content\/uploads\/2021\/04\/acessibilidade-para-deficiente-2-1-750x500.jpg 750w, https:\/\/iigual.com.br\/blog\/wp-content\/uploads\/2021\/04\/acessibilidade-para-deficiente-2-1-1140x760.jpg 1140w, https:\/\/iigual.com.br\/blog\/wp-content\/uploads\/2021\/04\/acessibilidade-para-deficiente-2-1-scaled.jpg 1280w\" sizes=\"auto, (max-width: 1024px) 100vw, 1024px\" \/><\/figure>\n\n\n\n<h2 class=\"wp-block-heading\">O que \u00e9 acessibilidade<\/h2>\n\n\n\n<p>A acessibilidade \u00e9 prevista na legisla\u00e7\u00e3o brasileira, atrav\u00e9s do decreto n\u00b0 5.296\/2004, que possibilitou a acessibilidade como uma condi\u00e7\u00e3o para utiliza\u00e7\u00e3o segura de espa\u00e7os mobili\u00e1rios e equipamentos urbanos, edifica\u00e7\u00f5es, servi\u00e7os de transporte, comunica\u00e7\u00e3o e informa\u00e7\u00e3o para pessoas com defici\u00eancia ou mobilidade reduzida.&nbsp;<\/p>\n\n\n\n<h3 class=\"wp-block-heading\">Tipos de acessibilidade:<\/h3>\n\n\n\n<ul class=\"wp-block-list\"><li>Acessibilidade Atitudinal: refere-se \u00e0 elimina\u00e7\u00e3o de barreiras, atrav\u00e9s de atitudes de percep\u00e7\u00e3o do outro sem preconceitos ou discrimina\u00e7\u00f5es. \u00c9 demonstrada quando existe por parte do Estado interesse na promo\u00e7\u00e3o da redu\u00e7\u00e3o das desigualdades sociais, podendo ser feito atrav\u00e9s da cria\u00e7\u00e3o de projetos, ou da prioriza\u00e7\u00e3o de recursos destinados \u00e0 acessibilidade. <\/li><\/ul>\n\n\n\n<ul class=\"wp-block-list\"><li>Acessibilidade Arquitet\u00f4nica: como o pr\u00f3prio nome j\u00e1 diz, essa acessibilidade diz respeito \u00e0 elimina\u00e7\u00e3o de barreiras seletivas no ingresso a locais p\u00fablicos ou particulares. \u00c9 a prioriza\u00e7\u00e3o de acesso para todos sem distin\u00e7\u00e3o. Pode ser feita atrav\u00e9s da implementa\u00e7\u00e3o de rampas de acesso, banheiros adaptados, elevadores adaptados, piso t\u00e1til, acesso \u00e0 informa\u00e7\u00f5es em braile e libras. <\/li><\/ul>\n\n\n\n<ul class=\"wp-block-list\"><li>Acessibilidade Metodol\u00f3gica: uma das mais conhecidas e abordadas atualmente. Diz respeito \u00e0 acessibilidade pedag\u00f3gica. Busca eliminar barreiras no ensino, para que todos tenham acesso ao ensino de qualidade sem discrimina\u00e7\u00e3o. Est\u00e1 relacionado \u00e0 forma com que o professor conduzir\u00e1 sua disciplina, possibilitando meios de aprendizagem, avalia\u00e7\u00e3o e inclus\u00e3o. S\u00e3o alguns exemplos de pr\u00e1ticas adotadas pelos professores a promo\u00e7\u00e3o de cartazes ampliados, a utiliza\u00e7\u00e3o da linguagem de sinais, leitores de texto em forma de \u00e1udio para alunos que apresentem algum problema na vis\u00e3o, dentre outras t\u00e9cnicas que devem ser avaliadas de acordo com o caso concreto.&nbsp;<\/li><\/ul>\n\n\n\n<ul class=\"wp-block-list\"><li>Acessibilidade nos transportes: a presta\u00e7\u00e3o estatal de servi\u00e7os p\u00fablicos sempre deve ser direcionada a todos, sem discrimina\u00e7\u00e3o. A import\u00e2ncia de ter acessibilidade dentro dos transportes \u00e9 extremamente relevante, uma vez que as pessoas com defici\u00eancia precisam se locomover como todas as outras. Cabe ao Estado sempre promover esse acesso, e n\u00e3o somente dentro dos transportes, mas tamb\u00e9m fora, como rampas de acesso, vagas para PCDs, dentre outros. <\/li><\/ul>\n\n\n\n<ul class=\"wp-block-list\"><li>Acessibilidade nas comunica\u00e7\u00f5es: \u00e9 a necessidade de elimina\u00e7\u00e3o de barreiras na comunica\u00e7\u00e3o interpessoal, principalmente nas situa\u00e7\u00f5es em que as pessoas precisam se manifestar para pedirem ajuda, solicitar informa\u00e7\u00f5es, ou explicar alguma coisa que est\u00e1 sendo solicitada. Um grande exemplo que se enquadra aqui \u00e9 o excesso policial quando se trata de uma pessoa com dificuldade de fala. Geralmente a pessoa n\u00e3o consegue se expressar, e acaba sendo levada \u00e0 for\u00e7a para a delegacia, pelo simples fato de n\u00e3o conseguir se comunicar. Dentro da acessibilidade nas comunica\u00e7\u00f5es \u00e9 que se encontra a necessidade da acessibilidade para deficientes no mundo digital.<\/li><\/ul>\n\n\n\n<figure class=\"wp-block-image size-large\"><img loading=\"lazy\" decoding=\"async\" width=\"1024\" height=\"508\" src=\"https:\/\/iigual.com.br\/blog\/wp-content\/uploads\/2021\/04\/acessibilidade-para-deficientes-1-1024x508.jpg\" alt=\"acessibilidade para defici\u00eantes\" class=\"wp-image-577\" srcset=\"https:\/\/iigual.com.br\/blog\/wp-content\/uploads\/2021\/04\/acessibilidade-para-deficientes-1-1024x508.jpg 1024w, https:\/\/iigual.com.br\/blog\/wp-content\/uploads\/2021\/04\/acessibilidade-para-deficientes-1-300x149.jpg 300w, https:\/\/iigual.com.br\/blog\/wp-content\/uploads\/2021\/04\/acessibilidade-para-deficientes-1-768x381.jpg 768w, https:\/\/iigual.com.br\/blog\/wp-content\/uploads\/2021\/04\/acessibilidade-para-deficientes-1-1536x762.jpg 1536w, https:\/\/iigual.com.br\/blog\/wp-content\/uploads\/2021\/04\/acessibilidade-para-deficientes-1-2048x1016.jpg 2048w, https:\/\/iigual.com.br\/blog\/wp-content\/uploads\/2021\/04\/acessibilidade-para-deficientes-1-360x180.jpg 360w, https:\/\/iigual.com.br\/blog\/wp-content\/uploads\/2021\/04\/acessibilidade-para-deficientes-1-750x372.jpg 750w, https:\/\/iigual.com.br\/blog\/wp-content\/uploads\/2021\/04\/acessibilidade-para-deficientes-1-1140x566.jpg 1140w, https:\/\/iigual.com.br\/blog\/wp-content\/uploads\/2021\/04\/acessibilidade-para-deficientes-1-scaled.jpg 1280w\" sizes=\"auto, (max-width: 1024px) 100vw, 1024px\" \/><\/figure>\n\n\n\n<h2 class=\"wp-block-heading\">Import\u00e2ncia da acessibilidade para deficientes no mundo digital<\/h2>\n\n\n\n<p>N\u00e3o \u00e9 novidade para ningu\u00e9m que atualmente estamos vivendo a era digital. Atualmente nos vemos cada vez mais ligados \u00e0 tecnologia, e dependentes dela. A internet atualmente facilita diversas coisas, entre elas a comunica\u00e7\u00e3o, o trabalho, o lazer, e principalmente a informa\u00e7\u00e3o. \u00c9 atrav\u00e9s dela que conseguimos diminuir barreiras, e atrav\u00e9s de um clique saber de tudo que est\u00e1 acontecendo no mundo. Tudo isso \u00e9 fant\u00e1stico, n\u00e9? Hoje contamos nos dedos as coisas que fazemos sem internet. Em pouco tempo ficamos totalmente dependentes das redes. Mas j\u00e1 pensou ter tudo isso \u00e0 sua disposi\u00e7\u00e3o e n\u00e3o poder desfrutar? Essa infelizmente \u00e9 uma realidade que assola grande parte das pessoas com defici\u00eancia devido \u00e0 falta de acessibilidade para deficientes no mundo digital.&nbsp;<\/p>\n\n\n\n<p>Compreender a necessidade de fornecer essa acessibilidade para deficientes no mundo digital \u00e9 a mesma coisa de compreender que um banco precisa ter acesso atrav\u00e9s de rampas para defici\u00eantes f\u00edsicos que utilizam cadeira de rodas. Ou seja, embora a acessibilidade digital n\u00e3o seja t\u00e3o falada, ela \u00e9 t\u00e3o importante quanto todas as outras.&nbsp;<\/p>\n\n\n\n<p>\u00c9 necess\u00e1rio ter um pouco de empatia para perceber que precisamos nos colocar no lugar do outro para entender a realidade a qual ele passa. Sem empatia \u00e9 f\u00e1cil julgarmos a realidade do pr\u00f3ximo, pois n\u00e3o nos colocamos no lugar dele. Falar sobre acessibilidade para deficiente \u00e9 basicamente tratar da empatia. \u00c9 saber que embora pessoas sem defici\u00eancia n\u00e3o tenham dificuldade, as mensagens, e informa\u00e7\u00f5es, devem ser disponibilizadas a todos indistintamente.<\/p>\n\n\n\n<p>No Brasil, atualmente, dados mostram que apenas 1% dos sites oferecem acessibilidade para deficiente. E no mesmo sentido, no nosso pa\u00eds, cerca de 25% da popula\u00e7\u00e3o apresenta algum tipo de defici\u00eancia.&nbsp;<\/p>\n\n\n\n<p>Disponibilizar uma linguagem que seja acess\u00edvel a todos \u00e9 basicamente t\u00e3o importante quanto a constru\u00e7\u00e3o das rampas de acesso, como no exemplo citado acima.&nbsp;<\/p>\n\n\n\n<p>Os sites que atualmente se preocupam em disponibilizar a tradu\u00e7\u00e3o em libras, sinais, braile, ou at\u00e9 mesmo a op\u00e7\u00e3o de ler em letras maiores, com mais imagens e menos palavras, est\u00e3o um passo \u00e0 frente de toda a realidade que vivenciamos. Quando um site \u00e9 acess\u00edvel, as organiza\u00e7\u00f5es ganham muito com isso, principalmente devido ao n\u00famero apresentado acima, onde 25% da popula\u00e7\u00e3o apresenta algum tipo de defici\u00eancia. Al\u00e9m das organiza\u00e7\u00f5es, e mais importante do que elas, as pessoas com defici\u00eancia conseguem ter acesso aos conte\u00fados com facilidade e clareza, sem depender de pessoas para conseguir entender ou pesquisar alguma informa\u00e7\u00e3o. Ou seja, \u00e9 uma via de m\u00e3o dupla! Isso acaba gerando maior independ\u00eancia \u00e0 pessoa com defici\u00eancia, e aumentando o sucesso e crescimento das organiza\u00e7\u00f5es que trabalham com a acessibilidade.&nbsp;<\/p>\n\n\n\n<p>Se o seu site ainda n\u00e3o oferece a acessibilidade para <a href=\"https:\/\/iigual.com.br\/blog\/2021\/03\/22\/quem-e-considerado-pessoas-com-deficiencia\/\" target=\"_blank\" rel=\"noreferrer noopener\">deficiente<\/a>, \u00e9 de suma import\u00e2ncia que considere implementar. Al\u00e9m de promover um ambiente igualit\u00e1rio, ainda promove maior n\u00famero de acessos, pois a mensagem conseguir\u00e1 ser passada a todos, indistintamente. Se preocupar com a acessibilidade no mundo digital \u00e9 sobre ter empatia, e se colocar no lugar do outro, sentindo na pele todo o descaso e falta de informa\u00e7\u00e3o. N\u00e3o fique de fora, transforme agora seu site em um local acess\u00edvel.<\/p>\n\n\n\n<p>Gostou do nosso artigo sobre acessibilidade para deficientes? Se sim, compartilhe com seus amigos, e caso voc\u00ea utilize algum site legal e acess\u00edvel, deixe abaixo nos coment\u00e1rios, pois assim outras pessoas que estiverem lendo tamb\u00e9m poder\u00e3o acessar.<\/p>\n\n\n\n<p>A Iigual j\u00e1 incluiu mais de 20 mil pessoas com defici\u00eancia no mercado de trabalho. A consultoria nasceu da experi\u00eancia de vida do casal fundador Andrea Schwarz e Jaques Haber, quando Andrea se tornou cadeirante em 1998 aos 22 anos.<\/p>\n\n\n\n<p>Somos especializados em a\u00e7\u00f5es de Inclus\u00e3o e Diversidade com foco em recrutamento e sele\u00e7\u00e3o, palestras, treinamentos, acessibilidade f\u00edsica e digital, Censo da Inclus\u00e3o e Diversidade e consultoria em D&amp;I.<\/p>\n\n\n\n<p>Conhe\u00e7a mais sobre o nosso trabalho e acesse as redes dos nossos fundadores:<\/p>\n\n\n\n<p>Andrea Schwarz<\/p>\n\n\n\n<p>Linkedin<\/p>\n\n\n\n<p><a href=\"http:\/\/linkedin.com\/in\/andrea-schwarz\" target=\"_blank\" rel=\"noreferrer noopener\">http:\/\/linkedin.com\/in\/andrea-schwarz<\/a><\/p>\n\n\n\n<p>Instagram<\/p>\n\n\n\n<p><a href=\"https:\/\/www.instagram.com\/dea_schwarz\/?hl=pt-br\" target=\"_blank\" rel=\"noreferrer noopener\">@dea_schwarz<\/a><\/p>\n\n\n\n<p>Jaques Haber<\/p>\n\n\n\n<p>Linkedin<\/p>\n\n\n\n<p><a href=\"http:\/\/linkedin.com\/in\/jaqueshaber\" target=\"_blank\" rel=\"noreferrer noopener\">http:\/\/linkedin.com\/in\/jaqueshaber<\/a><\/p>\n","protected":false},"excerpt":{"rendered":"<p>Atualmente ouvimos falar bastante sobre acessibilidade para deficientes nas mais diversas formas. Nos meios de transporte, no ambiente de trabalho, no lazer e seguran\u00e7a, e em diversas outras presta\u00e7\u00f5es estatais, ou sociais, est\u00e3o presentes os institutos de acessibilidade. Mas afinal, voc\u00ea sabe o que \u00e9 acessibilidade e qual sua import\u00e2ncia? O que \u00e9 acessibilidade A [&hellip;]<\/p>\n","protected":false},"author":7,"featured_media":577,"comment_status":"open","ping_status":"open","sticky":false,"template":"","format":"standard","meta":{"footnotes":""},"categories":[4],"tags":[146],"class_list":["post-574","post","type-post","status-publish","format-standard","has-post-thumbnail","hentry","category-inclusao","tag-acessibilidade-para-deficientes"],"_links":{"self":[{"href":"https:\/\/iigual.com.br\/blog\/wp-json\/wp\/v2\/posts\/574","targetHints":{"allow":["GET"]}}],"collection":[{"href":"https:\/\/iigual.com.br\/blog\/wp-json\/wp\/v2\/posts"}],"about":[{"href":"https:\/\/iigual.com.br\/blog\/wp-json\/wp\/v2\/types\/post"}],"author":[{"embeddable":true,"href":"https:\/\/iigual.com.br\/blog\/wp-json\/wp\/v2\/users\/7"}],"replies":[{"embeddable":true,"href":"https:\/\/iigual.com.br\/blog\/wp-json\/wp\/v2\/comments?post=574"}],"version-history":[{"count":2,"href":"https:\/\/iigual.com.br\/blog\/wp-json\/wp\/v2\/posts\/574\/revisions"}],"predecessor-version":[{"id":579,"href":"https:\/\/iigual.com.br\/blog\/wp-json\/wp\/v2\/posts\/574\/revisions\/579"}],"wp:featuredmedia":[{"embeddable":true,"href":"https:\/\/iigual.com.br\/blog\/wp-json\/wp\/v2\/media\/577"}],"wp:attachment":[{"href":"https:\/\/iigual.com.br\/blog\/wp-json\/wp\/v2\/media?parent=574"}],"wp:term":[{"taxonomy":"category","embeddable":true,"href":"https:\/\/iigual.com.br\/blog\/wp-json\/wp\/v2\/categories?post=574"},{"taxonomy":"post_tag","embeddable":true,"href":"https:\/\/iigual.com.br\/blog\/wp-json\/wp\/v2\/tags?post=574"}],"curies":[{"name":"wp","href":"https:\/\/api.w.org\/{rel}","templated":true}]}}