{"id":5360,"date":"2025-01-12T15:00:00","date_gmt":"2025-01-12T18:00:00","guid":{"rendered":"https:\/\/iigual.com.br\/blog\/?p=5360"},"modified":"2024-11-26T22:32:31","modified_gmt":"2024-11-27T01:32:31","slug":"multinacionais-empresas","status":"publish","type":"post","link":"https:\/\/iigual.com.br\/blog\/multinacionais-empresas\/","title":{"rendered":"Como s\u00e3o as pol\u00edticas de inclus\u00e3o em multinacionais? Cases de sucesso"},"content":{"rendered":"\n<p>A inclus\u00e3o tem se tornado um pilar para muitas <strong>multinacionais<\/strong>. Assim, estas empresas n\u00e3o s\u00f3 buscam contratar talentos diversos, mas tamb\u00e9m promover pol\u00edticas inclusivas que assegurem igualdade e respeito no <a href=\"https:\/\/iigual.com.br\/blog\/ambiente-de-trabalho\/\" target=\"_blank\" rel=\"noreferrer noopener\">ambiente de trabalho<\/a>.\u00a0<\/p>\n\n\n\n<p>Com isso, ent\u00e3o, saiba como essas pol\u00edticas s\u00e3o aplicadas, seus benef\u00edcios e cases de sucesso que inspiram e moldam o futuro corporativo.<\/p>\n\n\n\n<h2 class=\"wp-block-heading\">O que define uma pol\u00edtica de inclus\u00e3o em multinacionais?<\/h2>\n\n\n\n<p>As pol\u00edticas de inclus\u00e3o em multinacionais s\u00e3o diretrizes e pr\u00e1ticas que visam garantir um ambiente de trabalho diversificado, respeitoso e equitativo. Elas v\u00e3o al\u00e9m da simples contrata\u00e7\u00e3o de funcion\u00e1rios de diferentes origens e caracter\u00edsticas. Incluem estrat\u00e9gias de:&nbsp;<\/p>\n\n\n\n<ul class=\"wp-block-list\">\n<li><a href=\"https:\/\/iigual.com.br\/blog\/desenvolvimento-profissional-e-pessoal\/\" target=\"_blank\" rel=\"noreferrer noopener\">desenvolvimento profissional e pessoal<\/a>;<\/li>\n\n\n\n<li>adapta\u00e7\u00e3o de processos;<\/li>\n\n\n\n<li>treinamento para criar um espa\u00e7o onde todos os colaboradores se sintam valorizados e respeitados.<\/li>\n<\/ul>\n\n\n\n<p>Para que essas pol\u00edticas sejam eficazes, \u00e9 necess\u00e1rio serem abrangentes, contemplando aspectos como g\u00eanero, ra\u00e7a, etnia, idade, orienta\u00e7\u00e3o sexual, e defici\u00eancia.\u00a0<\/p>\n\n\n\n<p>Multinacionais que adotam essas pr\u00e1ticas compreendem que a diversidade \u00e9 um ativo estrat\u00e9gico que promove a inova\u00e7\u00e3o e a produtividade.<\/p>\n\n\n\n<h2 class=\"wp-block-heading\">Quais s\u00e3o os benef\u00edcios das pol\u00edticas de inclus\u00e3o nas empresas?<\/h2>\n\n\n\n<p>Implementar pol\u00edticas de inclus\u00e3o traz uma s\u00e9rie de benef\u00edcios para as empresas multinacionais. Dessa forma, entre os principais est\u00e3o:<\/p>\n\n\n\n<ul class=\"wp-block-list\">\n<li>diversas perspectivas contribuem para solu\u00e7\u00f5es mais criativas;<\/li>\n\n\n\n<li>empresas inclusivas s\u00e3o vistas de forma mais positiva pelo p\u00fablico;<\/li>\n\n\n\n<li>colaboradores que se sentem valorizados tendem a permanecer por mais tempo na empresa;<\/li>\n\n\n\n<li>equipes diversas e inclu\u00eddas mostram maior comprometimento e produtividade.<\/li>\n<\/ul>\n\n\n\n<p>Al\u00e9m disso, essas pol\u00edticas ajudam a cumprir exig\u00eancias legais em diferentes pa\u00edses, assegurando que a empresa esteja alinhada com as melhores pr\u00e1ticas globais.<\/p>\n\n\n\n<h2 class=\"wp-block-heading\">Quais multinacionais s\u00e3o refer\u00eancia em pol\u00edticas de inclus\u00e3o?<\/h2>\n\n\n\n<p>Muitas empresas multinacionais s\u00e3o reconhecidas por suas pr\u00e1ticas exemplares de inclus\u00e3o. A seguir, confira alguns cases de sucesso.<\/p>\n\n\n<div class=\"wp-block-image\">\n<figure class=\"aligncenter size-large is-resized\"><img loading=\"lazy\" decoding=\"async\" width=\"1024\" height=\"683\" src=\"https:\/\/iigual.com.br\/blog\/wp-content\/uploads\/2024\/11\/int-multinacionais-1024x683.webp\" alt=\"Tr\u00eas colegas trabalhando juntos em um escrit\u00f3rio, incluindo uma mulher em cadeira de rodas, em uma conversa colaborativa enquanto usam laptops e discutem ideias.\" class=\"wp-image-5362\" style=\"width:1170px;height:auto\" srcset=\"https:\/\/iigual.com.br\/blog\/wp-content\/uploads\/2024\/11\/int-multinacionais-1024x683.webp 1024w, https:\/\/iigual.com.br\/blog\/wp-content\/uploads\/2024\/11\/int-multinacionais-300x200.webp 300w, https:\/\/iigual.com.br\/blog\/wp-content\/uploads\/2024\/11\/int-multinacionais-768x512.webp 768w, https:\/\/iigual.com.br\/blog\/wp-content\/uploads\/2024\/11\/int-multinacionais-750x500.webp 750w, https:\/\/iigual.com.br\/blog\/wp-content\/uploads\/2024\/11\/int-multinacionais-1140x760.webp 1140w, https:\/\/iigual.com.br\/blog\/wp-content\/uploads\/2024\/11\/int-multinacionais.webp 1200w\" sizes=\"auto, (max-width: 1024px) 100vw, 1024px\" \/><figcaption class=\"wp-element-caption\">Os l\u00edderes podem promover a inclus\u00e3o por meio de pr\u00e1ticas de comunica\u00e7\u00e3o aberta<\/figcaption><\/figure>\n<\/div>\n\n\n<h3 class=\"wp-block-heading\">Case 1: A pol\u00edtica de inclus\u00e3o da Google&nbsp;<\/h3>\n\n\n\n<p>A Google \u00e9 conhecida por suas pol\u00edticas robustas de diversidade e inclus\u00e3o. Com programas que v\u00e3o desde o recrutamento at\u00e9 o desenvolvimento cont\u00ednuo dos funcion\u00e1rios, a empresa busca criar um ambiente onde todos possam contribuir e crescer.&nbsp;<\/p>\n\n\n\n<p>A empresa possui grupos de afinidade que apoiam comunidades espec\u00edficas, como, por exemplo, LGBTQ+, mulheres e pessoas negras.<\/p>\n\n\n\n<h3 class=\"wp-block-heading\">Case 2: As iniciativas de inclus\u00e3o da Unilever&nbsp;<\/h3>\n\n\n\n<p>A Unilever foca na promo\u00e7\u00e3o da <a href=\"https:\/\/www.ufmg.br\/espacodoconhecimento\/igualdade-de-genero\/\" target=\"_blank\" rel=\"noreferrer noopener\">igualdade de g\u00eanero<\/a> e diversidade \u00e9tnica em seus cargos de lideran\u00e7a.\u00a0<\/p>\n\n\n\n<p>Com metas claras para aumentar a representa\u00e7\u00e3o feminina em posi\u00e7\u00f5es de lideran\u00e7a e ampliar a diversidade, a Unilever tornou-se uma refer\u00eancia de inclus\u00e3o no setor de bens de consumo.<\/p>\n\n\n\n<h3 class=\"wp-block-heading\">Case 3: Como a Microsoft promove a diversidade&nbsp;<\/h3>\n\n\n\n<p>A Microsoft investe em programas de acessibilidade e inclus\u00e3o, que v\u00e3o desde tecnologia assistiva at\u00e9 pol\u00edticas de contrata\u00e7\u00e3o de pessoas com defici\u00eancia.&nbsp;<\/p>\n\n\n\n<p>A empresa tamb\u00e9m realiza workshops de conscientiza\u00e7\u00e3o para todos os seus funcion\u00e1rios, refor\u00e7ando a import\u00e2ncia da inclus\u00e3o.<\/p>\n\n\n\n<h2 class=\"wp-block-heading\">Como as pol\u00edticas de inclus\u00e3o s\u00e3o implementadas nas multinacionais?<\/h2>\n\n\n\n<p>A implementa\u00e7\u00e3o de pol\u00edticas de inclus\u00e3o requer um planejamento estrat\u00e9gico detalhado. Dessa maneira, empresas multinacionais de sucesso seguem etapas como:<\/p>\n\n\n\n<h3 class=\"wp-block-heading\">Estrat\u00e9gias de implementa\u00e7\u00e3o eficazes<\/h3>\n\n\n\n<p>Realize treinamentos regulares para educar os funcion\u00e1rios sobre temas relacionados \u00e0 diversidade e inclus\u00e3o.<\/p>\n\n\n\n<p>Ajuste processos de contrata\u00e7\u00e3o, promo\u00e7\u00e3o e avalia\u00e7\u00f5es de desempenho, a fim de evitar preconceitos impl\u00edcitos. Com a coleta de feedback dos funcion\u00e1rios tamb\u00e9m \u00e9 poss\u00edvel aprimorar as pol\u00edticas de inclus\u00e3o.<\/p>\n\n\n\n<h3 class=\"wp-block-heading\">O papel dos l\u00edderes e colaboradores&nbsp;<\/h3>\n\n\n\n<p>A lideran\u00e7a desempenha um papel crucial na implementa\u00e7\u00e3o de pol\u00edticas inclusivas. Os l\u00edderes precisam modelar comportamentos e incentivar pr\u00e1ticas inclusivas em suas equipes.&nbsp;<\/p>\n\n\n\n<p>Da mesma forma, os colaboradores devem estar engajados e conscientes de como podem contribuir para um ambiente inclusivo.<\/p>\n\n\n\n<h2 class=\"wp-block-heading\">Como medir o sucesso de uma pol\u00edtica de inclus\u00e3o?<\/h2>\n\n\n\n<p>Para avaliar a efic\u00e1cia de uma pol\u00edtica de inclus\u00e3o, multinacionais utilizam indicadores espec\u00edficos que medem tanto aspectos qualitativos quanto quantitativos.<\/p>\n\n\n\n<h3 class=\"wp-block-heading\">Indicadores e m\u00e9tricas essenciais<\/h3>\n\n\n\n<p>A taxa de reten\u00e7\u00e3o de funcion\u00e1rios diversos, por exemplo, mede se as pol\u00edticas est\u00e3o realmente criando um ambiente acolhedor.<\/p>\n\n\n\n<p>J\u00e1 a participa\u00e7\u00e3o em programas de inclus\u00e3o, verifica o engajamento dos funcion\u00e1rios em treinamentos, bem como, em workshops de inclus\u00e3o.<\/p>\n\n\n\n<p>Enquanto a satisfa\u00e7\u00e3o dos funcion\u00e1rios \u00e9 poss\u00edvel de medir com pesquisas internas para avaliar a percep\u00e7\u00e3o dos colaboradores sobre a cultura de inclus\u00e3o.<\/p>\n\n\n\n<p>Essas m\u00e9tricas ajudam a empresa a ajustar suas pr\u00e1ticas conforme necess\u00e1rio e garantem que as pol\u00edticas de inclus\u00e3o n\u00e3o sejam apenas simb\u00f3licas, mas verdadeiramente eficazes.<\/p>\n\n\n\n<h2 class=\"wp-block-heading\">O que mais saber sobre as multinacionais?<\/h2>\n\n\n\n<p>Veja, ent\u00e3o, as perguntas mais comuns sobre o assunto.<\/p>\n\n\n\n<h3 class=\"wp-block-heading\">O que diferencia uma pol\u00edtica de inclus\u00e3o de uma pol\u00edtica de diversidade?&nbsp;<\/h3>\n\n\n\n<p>A pol\u00edtica de diversidade foca em ter um grupo de funcion\u00e1rios com diferentes caracter\u00edsticas. J\u00e1 a pol\u00edtica de inclus\u00e3o, por outro lado, garante que essas diferen\u00e7as sejam respeitadas e valorizadas, promovendo a equidade.<\/p>\n\n\n\n<h3 class=\"wp-block-heading\">Como uma empresa multinacional pode come\u00e7ar a implementar uma pol\u00edtica de inclus\u00e3o?&nbsp;<\/h3>\n\n\n\n<p>Iniciar com uma an\u00e1lise de sua cultura organizacional e treinar os l\u00edderes para serem modelos de pr\u00e1ticas inclusivas \u00e9 essencial para a implementa\u00e7\u00e3o eficaz.<\/p>\n\n\n\n<h3 class=\"wp-block-heading\">Por que as pol\u00edticas de inclus\u00e3o aumentam a produtividade?&nbsp;<\/h3>\n\n\n\n<p>Ambientes inclusivos aumentam o engajamento e a satisfa\u00e7\u00e3o dos colaboradores, resultando, assim, em uma maior motiva\u00e7\u00e3o e desempenho.<\/p>\n\n\n\n<h3 class=\"wp-block-heading\">Quais s\u00e3o os desafios mais comuns na implementa\u00e7\u00e3o de pol\u00edticas de inclus\u00e3o?&nbsp;<\/h3>\n\n\n\n<p>Os desafios incluem a resist\u00eancia \u00e0 mudan\u00e7a, bem como, a necessidade de treinamento cont\u00ednuo e o ajuste de processos internos para eliminar preconceitos.<\/p>\n\n\n\n<h3 class=\"wp-block-heading\">Como os l\u00edderes podem incentivar a inclus\u00e3o no ambiente de trabalho?&nbsp;<\/h3>\n\n\n\n<p>Os l\u00edderes podem promover a inclus\u00e3o por meio de pr\u00e1ticas de comunica\u00e7\u00e3o aberta, garantindo que todos tenham voz e oferecendo apoio personalizado conforme necess\u00e1rio.<\/p>\n","protected":false},"excerpt":{"rendered":"<p>A inclus\u00e3o tem se tornado um pilar para muitas multinacionais. Assim, estas empresas n\u00e3o s\u00f3 buscam contratar talentos diversos, mas tamb\u00e9m promover pol\u00edticas inclusivas que assegurem igualdade e respeito no ambiente de trabalho.\u00a0 Com isso, ent\u00e3o, saiba como essas pol\u00edticas s\u00e3o aplicadas, seus benef\u00edcios e cases de sucesso que inspiram e moldam o futuro corporativo. [&hellip;]<\/p>\n","protected":false},"author":7,"featured_media":5361,"comment_status":"closed","ping_status":"closed","sticky":false,"template":"","format":"standard","meta":{"footnotes":""},"categories":[4],"tags":[],"class_list":["post-5360","post","type-post","status-publish","format-standard","has-post-thumbnail","hentry","category-inclusao"],"_links":{"self":[{"href":"https:\/\/iigual.com.br\/blog\/wp-json\/wp\/v2\/posts\/5360","targetHints":{"allow":["GET"]}}],"collection":[{"href":"https:\/\/iigual.com.br\/blog\/wp-json\/wp\/v2\/posts"}],"about":[{"href":"https:\/\/iigual.com.br\/blog\/wp-json\/wp\/v2\/types\/post"}],"author":[{"embeddable":true,"href":"https:\/\/iigual.com.br\/blog\/wp-json\/wp\/v2\/users\/7"}],"replies":[{"embeddable":true,"href":"https:\/\/iigual.com.br\/blog\/wp-json\/wp\/v2\/comments?post=5360"}],"version-history":[{"count":1,"href":"https:\/\/iigual.com.br\/blog\/wp-json\/wp\/v2\/posts\/5360\/revisions"}],"predecessor-version":[{"id":5363,"href":"https:\/\/iigual.com.br\/blog\/wp-json\/wp\/v2\/posts\/5360\/revisions\/5363"}],"wp:featuredmedia":[{"embeddable":true,"href":"https:\/\/iigual.com.br\/blog\/wp-json\/wp\/v2\/media\/5361"}],"wp:attachment":[{"href":"https:\/\/iigual.com.br\/blog\/wp-json\/wp\/v2\/media?parent=5360"}],"wp:term":[{"taxonomy":"category","embeddable":true,"href":"https:\/\/iigual.com.br\/blog\/wp-json\/wp\/v2\/categories?post=5360"},{"taxonomy":"post_tag","embeddable":true,"href":"https:\/\/iigual.com.br\/blog\/wp-json\/wp\/v2\/tags?post=5360"}],"curies":[{"name":"wp","href":"https:\/\/api.w.org\/{rel}","templated":true}]}}