{"id":5230,"date":"2024-10-22T15:00:00","date_gmt":"2024-10-22T18:00:00","guid":{"rendered":"https:\/\/iigual.com.br\/blog\/?p=5230"},"modified":"2024-10-22T14:24:18","modified_gmt":"2024-10-22T17:24:18","slug":"vaga-de-emprego-sem-experiencia","status":"publish","type":"post","link":"https:\/\/iigual.com.br\/blog\/vaga-de-emprego-sem-experiencia\/","title":{"rendered":"Vaga de emprego sem experi\u00eancia: dicas para pessoas com defici\u00eancia se destacarem"},"content":{"rendered":"\n<p>Buscar <strong>vaga de emprego sem experi\u00eancia <\/strong>pode ser um desafio, em especial para <a href=\"https:\/\/iigual.com.br\/blog\/quem-e-considerado-pessoas-com-deficiencia\/\" target=\"_blank\" rel=\"noreferrer noopener\">pessoas com defici\u00eancia<\/a>. No entanto, com a abordagem adequada, \u00e9 poss\u00edvel superar obst\u00e1culos e conquistar oportunidades valiosas.\u00a0<\/p>\n\n\n\n<h2 class=\"wp-block-heading\">Quais s\u00e3o os desafios enfrentados por pessoas com defici\u00eancia ao buscar uma vaga de emprego sem experi\u00eancia?<\/h2>\n\n\n\n<p>As dificuldades no mercado de trabalho v\u00e3o al\u00e9m da falta de experi\u00eancia. Ent\u00e3o, entre os principais desafios est\u00e3o:<\/p>\n\n\n\n<h3 class=\"wp-block-heading\">Preconceitos e estigmas<\/h3>\n\n\n\n<p>Muitas empresas ainda carregam preconceitos sobre a capacidade de das pessoas com defici\u00eancia, o que pode limitar as oportunidades de emprego.<\/p>\n\n\n\n<h3 class=\"wp-block-heading\">Acessibilidade<\/h3>\n\n\n\n<p>A falta de acessibilidade f\u00edsica e digital em ambientes de trabalho pode ser um impeditivo significativo para a contrata\u00e7\u00e3o.<\/p>\n\n\n\n<h3 class=\"wp-block-heading\">Concorr\u00eancia desleal<\/h3>\n\n\n\n<p>A competi\u00e7\u00e3o por vagas \u00e9 acirrada e a falta de experi\u00eancia pode tornar ainda mais dif\u00edcil se destacar em um mercado j\u00e1 saturado.<\/p>\n\n\n\n<p>Esses desafios requerem estrat\u00e9gias espec\u00edficas para que as pessoas com defici\u00eancia possam se preparar e, dessa forma, se posicionar melhor no mercado de trabalho.<\/p>\n\n\n\n<h2 class=\"wp-block-heading\">Como preparar um curr\u00edculo atraente para uma vaga de emprego sem experi\u00eancia?<\/h2>\n\n\n\n<p>Um curr\u00edculo bem estruturado pode fazer toda a diferen\u00e7a na hora de se candidatar a uma vaga. Assim, aqui est\u00e3o algumas dicas.<\/p>\n\n\n\n<h3 class=\"wp-block-heading\">Habilidades transfer\u00edveis<\/h3>\n\n\n\n<p>Foque em habilidades que voc\u00ea j\u00e1 possui e que s\u00e3o relevantes para o trabalho, como habilidades de comunica\u00e7\u00e3o, organiza\u00e7\u00e3o e <a href=\"https:\/\/www.portaldorh.ms.gov.br\/artigo-trabalho-em-equipe-veja-qual-a-importancia-para-o-sucesso-organizacional\/#:~:text=Em%20outras%20palavras%2C%20trabalho%20em,para%20trabalhar%20em%20um%20projeto.\" target=\"_blank\" rel=\"noreferrer noopener\">trabalho em equipe<\/a>.<\/p>\n\n\n\n<h3 class=\"wp-block-heading\">Experi\u00eancias informais<\/h3>\n\n\n\n<p>Inclua experi\u00eancias relevantes, como trabalhos volunt\u00e1rios ou participa\u00e7\u00e3o em projetos, que demonstrem suas capacidades.<\/p>\n\n\n\n<h3 class=\"wp-block-heading\">Seja espec\u00edfico<\/h3>\n\n\n\n<p>Use exemplos concretos de como voc\u00ea aplicou suas habilidades em situa\u00e7\u00f5es passadas, mesmo que n\u00e3o sejam relacionadas ao ambiente de trabalho.<\/p>\n\n\n\n<h2 class=\"wp-block-heading\">Quais estrat\u00e9gias podem ser usadas durante a entrevista para vaga de emprego sem experi\u00eancia?<\/h2>\n\n\n\n<p>A entrevista \u00e9 uma oportunidade crucial para se destacar e demonstrar suas qualifica\u00e7\u00f5es.<\/p>\n\n\n\n<h3 class=\"wp-block-heading\">Como abordar sua defici\u00eancia de maneira positiva<\/h3>\n\n\n\n<p>Quando apropriado, fale sobre sua defici\u00eancia de forma aberta, enfatizando suas habilidades e, ainda mais, como voc\u00ea pode contribuir para a empresa.<\/p>\n\n\n\n<p>Mostre que voc\u00ea \u00e9 capaz de se adaptar a diferentes ambientes e que possui solu\u00e7\u00f5es para poss\u00edveis desafios.<\/p>\n\n\n\n<h3 class=\"wp-block-heading\">Prepara\u00e7\u00e3o para perguntas comuns durante a entrevista<\/h3>\n\n\n\n<p>Conhecer a cultura e os valores da empresa pode ajudar a alinhar suas respostas e demonstrar seu interesse genu\u00edno.<\/p>\n\n\n\n<p>Treine respostas para perguntas comuns, como &#8220;Quais s\u00e3o suas fraquezas?&#8221; e &#8220;Por que voc\u00ea quer trabalhar aqui?&#8221;, focando em como sua defici\u00eancia n\u00e3o impede seu desempenho.<\/p>\n\n\n<div class=\"wp-block-image\">\n<figure class=\"aligncenter size-full\"><img loading=\"lazy\" decoding=\"async\" width=\"1200\" height=\"800\" src=\"https:\/\/iigual.com.br\/blog\/wp-content\/uploads\/2024\/10\/Interna-Vaga-de-emprego-sem-experiencia.webp\" alt=\"Vaga de emprego sem experi\u00eancia: dicas para pessoas com defici\u00eancia se destacarem\" class=\"wp-image-5232\" srcset=\"https:\/\/iigual.com.br\/blog\/wp-content\/uploads\/2024\/10\/Interna-Vaga-de-emprego-sem-experiencia.webp 1200w, https:\/\/iigual.com.br\/blog\/wp-content\/uploads\/2024\/10\/Interna-Vaga-de-emprego-sem-experiencia-300x200.webp 300w, https:\/\/iigual.com.br\/blog\/wp-content\/uploads\/2024\/10\/Interna-Vaga-de-emprego-sem-experiencia-1024x683.webp 1024w, https:\/\/iigual.com.br\/blog\/wp-content\/uploads\/2024\/10\/Interna-Vaga-de-emprego-sem-experiencia-768x512.webp 768w, https:\/\/iigual.com.br\/blog\/wp-content\/uploads\/2024\/10\/Interna-Vaga-de-emprego-sem-experiencia-750x500.webp 750w, https:\/\/iigual.com.br\/blog\/wp-content\/uploads\/2024\/10\/Interna-Vaga-de-emprego-sem-experiencia-1140x760.webp 1140w\" sizes=\"auto, (max-width: 1200px) 100vw, 1200px\" \/><figcaption class=\"wp-element-caption\">\u00c9 crucial saber uma abordagem eficiente para conseguir uma vaga de emprego sem experi\u00eancia.<\/figcaption><\/figure>\n<\/div>\n\n\n<h2 class=\"wp-block-heading\">Como desenvolver habilidades profissionais para vaga de emprego sem experi\u00eancia?<\/h2>\n\n\n\n<p>Desenvolver habilidades \u00e9 essencial para aumentar suas chances de sucesso em um processo seletivo, mesmo sem experi\u00eancia formal. Ent\u00e3o, aqui est\u00e3o algumas estrat\u00e9gias pr\u00e1ticas:<\/p>\n\n\n\n<h3 class=\"wp-block-heading\">Aproveitando cursos e workshops<\/h3>\n\n\n\n<p>Plataformas como Coursera, Udemy e edX oferecem cursos gratuitos ou a pre\u00e7os acess\u00edveis em diversas \u00e1reas. Assim, ao concluir um curso, voc\u00ea pode incluir essa informa\u00e7\u00e3o no seu curr\u00edculo.<\/p>\n\n\n\n<p>Procure workshops em sua comunidade ou online que ensinem habilidades espec\u00edficas que possam ser \u00fateis para o emprego desejado.<\/p>\n\n\n\n<h3 class=\"wp-block-heading\">Participa\u00e7\u00e3o em projetos volunt\u00e1rios<\/h3>\n\n\n\n<p>Participar de ONGs ou projetos comunit\u00e1rios pode fornecer experi\u00eancia pr\u00e1tica e, al\u00e9m disso, ajudar a desenvolver habilidades como comunica\u00e7\u00e3o, trabalho em equipe e lideran\u00e7a.<\/p>\n\n\n\n<p>Junte-se a projetos que permitam colaborar com outras pessoas, promovendo habilidades interpessoais e de gest\u00e3o de tempo.<\/p>\n\n\n\n<h2 class=\"wp-block-heading\">O que saber mais sobre como se destacar em vaga de emprego sem experi\u00eancia?<\/h2>\n\n\n\n<p>Veja outras d\u00favidas importantes sobre o tema.<\/p>\n\n\n\n<h3 class=\"wp-block-heading\">Quais s\u00e3o os principais desafios enfrentados por pessoas com defici\u00eancia ao buscar emprego?<\/h3>\n\n\n\n<p>Pessoas com defici\u00eancia enfrentam diferentes <a href=\"https:\/\/iigual.com.br\/blog\/tipos-de-preconceitos\/\" target=\"_blank\" rel=\"noreferrer noopener\">tipos de preconceitos<\/a>, falta de acessibilidade e, al\u00e9m disso, concorr\u00eancia acirrada no mercado de trabalho.<\/p>\n\n\n\n<h3 class=\"wp-block-heading\">Como posso destacar minhas habilidades em um curr\u00edculo, mesmo sem experi\u00eancia?<\/h3>\n\n\n\n<p>Foque em habilidades transfer\u00edveis, inclua experi\u00eancias informais e, ainda mais, seja espec\u00edfico em suas realiza\u00e7\u00f5es.<\/p>\n\n\n\n<h3 class=\"wp-block-heading\">Devo mencionar minha defici\u00eancia no curr\u00edculo?<\/h3>\n\n\n\n<p>Mencionar a defici\u00eancia pode ser relevante, especialmente se a empresa tem um compromisso com a inclus\u00e3o. No entanto, foque em suas habilidades.<\/p>\n\n\n\n<h3 class=\"wp-block-heading\">Quais s\u00e3o as melhores pr\u00e1ticas para me preparar para uma entrevista?<\/h3>\n\n\n\n<p>Pesquise sobre a empresa, pratique respostas a perguntas comuns e esteja preparado para discutir sua defici\u00eancia de maneira construtiva.<\/p>\n\n\n\n<h3 class=\"wp-block-heading\">Onde posso encontrar vagas de emprego adequadas para pessoas com defici\u00eancia?<\/h3>\n\n\n\n<p>Utilize sites de emprego especializados, redes sociais para networking e fique atento a programas de inclus\u00e3o de empresas.<\/p>\n","protected":false},"excerpt":{"rendered":"<p>Buscar vaga de emprego sem experi\u00eancia pode ser um desafio, em especial para pessoas com defici\u00eancia. No entanto, com a abordagem adequada, \u00e9 poss\u00edvel superar obst\u00e1culos e conquistar oportunidades valiosas.\u00a0 Quais s\u00e3o os desafios enfrentados por pessoas com defici\u00eancia ao buscar uma vaga de emprego sem experi\u00eancia? As dificuldades no mercado de trabalho v\u00e3o al\u00e9m [&hellip;]<\/p>\n","protected":false},"author":7,"featured_media":5231,"comment_status":"closed","ping_status":"closed","sticky":false,"template":"","format":"standard","meta":{"footnotes":""},"categories":[3],"tags":[],"class_list":["post-5230","post","type-post","status-publish","format-standard","has-post-thumbnail","hentry","category-carreira"],"_links":{"self":[{"href":"https:\/\/iigual.com.br\/blog\/wp-json\/wp\/v2\/posts\/5230","targetHints":{"allow":["GET"]}}],"collection":[{"href":"https:\/\/iigual.com.br\/blog\/wp-json\/wp\/v2\/posts"}],"about":[{"href":"https:\/\/iigual.com.br\/blog\/wp-json\/wp\/v2\/types\/post"}],"author":[{"embeddable":true,"href":"https:\/\/iigual.com.br\/blog\/wp-json\/wp\/v2\/users\/7"}],"replies":[{"embeddable":true,"href":"https:\/\/iigual.com.br\/blog\/wp-json\/wp\/v2\/comments?post=5230"}],"version-history":[{"count":2,"href":"https:\/\/iigual.com.br\/blog\/wp-json\/wp\/v2\/posts\/5230\/revisions"}],"predecessor-version":[{"id":5239,"href":"https:\/\/iigual.com.br\/blog\/wp-json\/wp\/v2\/posts\/5230\/revisions\/5239"}],"wp:featuredmedia":[{"embeddable":true,"href":"https:\/\/iigual.com.br\/blog\/wp-json\/wp\/v2\/media\/5231"}],"wp:attachment":[{"href":"https:\/\/iigual.com.br\/blog\/wp-json\/wp\/v2\/media?parent=5230"}],"wp:term":[{"taxonomy":"category","embeddable":true,"href":"https:\/\/iigual.com.br\/blog\/wp-json\/wp\/v2\/categories?post=5230"},{"taxonomy":"post_tag","embeddable":true,"href":"https:\/\/iigual.com.br\/blog\/wp-json\/wp\/v2\/tags?post=5230"}],"curies":[{"name":"wp","href":"https:\/\/api.w.org\/{rel}","templated":true}]}}