{"id":5119,"date":"2024-09-01T09:00:00","date_gmt":"2024-09-01T12:00:00","guid":{"rendered":"https:\/\/iigual.com.br\/blog\/?p=5119"},"modified":"2024-09-05T10:12:23","modified_gmt":"2024-09-05T13:12:23","slug":"barreiras-sinonimo","status":"publish","type":"post","link":"https:\/\/iigual.com.br\/blog\/barreiras-sinonimo\/","title":{"rendered":"Principais barreiras que impedem o ingresso de pessoas com defici\u00eancia no mercado de trabalho"},"content":{"rendered":"\n<p>Existem <strong>barreiras <\/strong>que impedem o acesso de <a href=\"https:\/\/iigual.com.br\/blog\/pessoas-deficientes-no-mercado-de-trabalho\/\" target=\"_blank\" rel=\"noreferrer noopener\">pessoas deficientes no mercado de trabalho<\/a> que, muitas vezes, s\u00e3o invis\u00edveis para a maioria. De fato, elas podem ser comportamentais, arquitet\u00f4nicas e metodol\u00f3gicas, e requerem medidas para inclus\u00e3o.<\/p>\n\n\n\n<h2 class=\"wp-block-heading\"><strong>Quais s\u00e3o as barreiras comportamentais para o ingresso de pessoas com defici\u00eancia no mercado de trabalho?<\/strong><\/h2>\n\n\n\n<p>As <strong>barreiras comportamentais<\/strong> s\u00e3o um dos principais desafios para pessoas, pois se relacionam com preconceitos, estigmas e na falta de conhecimento sobre as capacidades e potencialidades dessas pessoas.<\/p>\n\n\n\n<h3 class=\"wp-block-heading\"><strong>Preconceito e estigma: como eles afetam a inclus\u00e3o?<\/strong><\/h3>\n\n\n\n<p>Preconceito e estigma s\u00e3o desafios invis\u00edveis, mas poderosos, que limitam as oportunidades de emprego para pessoas com defici\u00eancia.&nbsp;<\/p>\n\n\n\n<p>Muitas vezes, empregadores assumem, sem fundamento, que pessoas com defici\u00eancia n\u00e3o s\u00e3o capazes de desempenhar certas fun\u00e7\u00f5es. Isso cria um entrave que reduz as chances desse grupo para a contrata\u00e7\u00e3o.<\/p>\n\n\n\n<p>A vis\u00e3o estigmatizada de que pessoas com defici\u00eancia s\u00e3o &#8220;dependentes&#8221; ou &#8220;menos produtivas&#8221; perpetua a exclus\u00e3o e dificulta a integra\u00e7\u00e3o no ambiente de trabalho.<\/p>\n\n\n\n<h3 class=\"wp-block-heading\"><strong>Falta de conhecimento sobre defici\u00eancia<\/strong><\/h3>\n\n\n\n<p>A falta de conhecimento sobre defici\u00eancia \u00e9 um dos principais obst\u00e1culos para a inclus\u00e3o, conforme ver\u00e1 em seguida:<\/p>\n\n\n\n<h4 class=\"wp-block-heading\"><strong>Desconhecimento das leis<\/strong><\/h4>\n\n\n\n<p>Muitas empresas n\u00e3o conhecem a legisla\u00e7\u00e3o que promove a inclus\u00e3o, como a Lei de Cotas, o que resulta em pr\u00e1ticas inadequadas ou negligentes.<\/p>\n\n\n\n<h4 class=\"wp-block-heading\"><strong>Falta de capacita\u00e7\u00e3o<\/strong><\/h4>\n\n\n\n<p>A aus\u00eancia de treinamentos voltados \u00e0 inclus\u00e3o faz com que os colaboradores n\u00e3o saibam como lidar da forma correta com colegas com defici\u00eancia. Dessa forma, geram desconforto e afastamento.<\/p>\n\n\n<div class=\"wp-block-image\">\n<figure class=\"aligncenter size-large is-resized\"><img loading=\"lazy\" decoding=\"async\" width=\"1024\" height=\"683\" src=\"https:\/\/iigual.com.br\/blog\/wp-content\/uploads\/2024\/09\/int-barreiras-1024x683.webp\" alt=\"Principais barreiras que impedem o ingresso de pessoas com defici\u00eancia no mercado de trabalho\" class=\"wp-image-5121\" style=\"width:1170px;height:auto\" srcset=\"https:\/\/iigual.com.br\/blog\/wp-content\/uploads\/2024\/09\/int-barreiras-1024x683.webp 1024w, https:\/\/iigual.com.br\/blog\/wp-content\/uploads\/2024\/09\/int-barreiras-300x200.webp 300w, https:\/\/iigual.com.br\/blog\/wp-content\/uploads\/2024\/09\/int-barreiras-768x512.webp 768w, https:\/\/iigual.com.br\/blog\/wp-content\/uploads\/2024\/09\/int-barreiras-750x500.webp 750w, https:\/\/iigual.com.br\/blog\/wp-content\/uploads\/2024\/09\/int-barreiras-1140x760.webp 1140w, https:\/\/iigual.com.br\/blog\/wp-content\/uploads\/2024\/09\/int-barreiras.webp 1200w\" sizes=\"auto, (max-width: 1024px) 100vw, 1024px\" \/><figcaption class=\"wp-element-caption\">Empresas podem investir em treinamentos de sensibiliza\u00e7\u00e3o e inclus\u00e3o para reduzir preconceitos e estigmas.<\/figcaption><\/figure>\n<\/div>\n\n\n<h2 class=\"wp-block-heading\"><strong>Como as barreiras arquitet\u00f4nicas afetam a inclus\u00e3o no ambiente de trabalho?<\/strong><\/h2>\n\n\n\n<p><strong>Barreiras arquitet\u00f4nicas <\/strong>s\u00e3o, em resumo, os obst\u00e1culos f\u00edsicos que impedem ou dificultam o acesso de pessoas com defici\u00eancia a ambientes de trabalho. Ali\u00e1s, s\u00e3o muitas vezes ignoradas ou subestimadas, mas t\u00eam um impacto direto e profundo na inclus\u00e3o.<\/p>\n\n\n\n<h3 class=\"wp-block-heading\"><strong>O que s\u00e3o barreiras arquitet\u00f4nicas e como super\u00e1-las?<\/strong><\/h3>\n\n\n\n<p>Do ponto de vista arquitet\u00f4nico est\u00e3o abrangidos qualquer impedimento f\u00edsico que dificulte a mobilidade ou o acesso, como, por exemplo:&nbsp;<\/p>\n\n\n\n<ul class=\"wp-block-list\">\n<li>escadas sem rampas ou elevadores;<\/li>\n\n\n\n<li>portas estreitas;<\/li>\n\n\n\n<li>banheiros n\u00e3o adaptados.<\/li>\n<\/ul>\n\n\n\n<p>Para resolver esse problema \u00e9 poss\u00edvel adotar rampas, instalar elevadores acess\u00edveis e adaptar banheiros. Essas s\u00e3o medidas essenciais para garantir que todos possam acessar o ambiente de trabalho de forma igualit\u00e1ria.<\/p>\n\n\n\n<h3 class=\"wp-block-heading\"><strong>A import\u00e2ncia da acessibilidade f\u00edsica no ambiente de trabalho<\/strong><\/h3>\n\n\n\n<p>A acessibilidade f\u00edsica n\u00e3o \u00e9 apenas uma quest\u00e3o de cumprimento legal, mas um pilar fundamental para a inclus\u00e3o, uma vez que promove:<\/p>\n\n\n\n<ul class=\"wp-block-list\">\n<li>autonomia, pois permitem que as pessoas se movam sem precisar de ajuda constante.<\/li>\n\n\n\n<li>seguran\u00e7a, uma vez que reduz o risco de acidentes.<\/li>\n\n\n\n<li>\u00e9 um pr\u00e9-requisito para que a inclus\u00e3o aconte\u00e7a de fato, n\u00e3o apenas no papel.<\/li>\n<\/ul>\n\n\n\n<h2 class=\"wp-block-heading\"><strong>Como a falta de pol\u00edticas inclusivas nas empresas contribui para a exclus\u00e3o?<\/strong><\/h2>\n\n\n\n<p>A aus\u00eancia de pol\u00edticas inclusivas claras e eficazes nas empresas \u00e9 uma <strong>barreira <\/strong>que impede o ingresso de pessoas com defici\u00eancia no mercado de trabalho. Isso porque, sem essas pol\u00edticas, a inclus\u00e3o se torna superficial e ineficaz.<\/p>\n\n\n\n<h3 class=\"wp-block-heading\"><strong>A import\u00e2ncia das pol\u00edticas de inclus\u00e3o para promover a diversidade no trabalho<\/strong><\/h3>\n\n\n\n<p>Pol\u00edticas inclusivas s\u00e3o essenciais para garantir que a diversidade seja respeitada e valorizada, mas para isso, \u00e9 preciso atender a alguns pontos:<\/p>\n\n\n\n<ul class=\"wp-block-list\">\n<li>devem estabelecer metas claras para a contrata\u00e7\u00e3o e reten\u00e7\u00e3o de pessoas com defici\u00eancia.<\/li>\n\n\n\n<li>adotar programas de treinamento para todos sobre inclus\u00e3o e acessibilidade.<\/li>\n\n\n\n<li>precisam ser monitoradas e ajustadas conforme necess\u00e1rio para garantir que estejam sendo eficazes.<\/li>\n<\/ul>\n\n\n\n<h3 class=\"wp-block-heading\"><strong>Como a aus\u00eancia de pol\u00edticas inclusivas perpetua as desigualdades?<\/strong><\/h3>\n\n\n\n<p>Sem pol\u00edticas inclusivas, as desigualdades tendem a se perpetuar. Isso ocorre porque, os colaboradores com defici\u00eancia podem n\u00e3o receber o suporte necess\u00e1rio para desempenhar suas fun\u00e7\u00f5es de forma eficaz.<\/p>\n\n\n\n<p>A aus\u00eancia de pol\u00edticas claras, ent\u00e3o, pode resultar em ambientes de trabalho que n\u00e3o acolhem a diversidade, o que mant\u00e9m a exclus\u00e3o.<\/p>\n\n\n\n<h2 class=\"wp-block-heading\"><strong>O que s\u00e3o barreiras metodol\u00f3gicas e como elas impactam o trabalho de pessoas com defici\u00eancia?<\/strong><\/h2>\n\n\n\n<p>As <strong>barreiras metodol\u00f3gicas <\/strong>s\u00e3o menos vis\u00edveis, porque est\u00e3o ligadas ao respeito \u00e0s pr\u00e1ticas, ferramentas e processos utilizados no ambiente de trabalho que n\u00e3o levam em conta as necessidades individuais de pessoas com defici\u00eancia.<\/p>\n\n\n\n<h3 class=\"wp-block-heading\"><strong>Ferramentas de trabalho: por que a adapta\u00e7\u00e3o \u00e9 essencial?<\/strong><\/h3>\n\n\n\n<p>Ferramentas de trabalho que n\u00e3o s\u00e3o adaptadas podem limitar muito a produtividade de pessoas com defici\u00eancia. Ao inv\u00e9s disso, \u00e9 poss\u00edvel adotar algumas medidas simples, conforme detalhado a seguir.<\/p>\n\n\n\n<h4 class=\"wp-block-heading\"><strong>Softwares e plataformas<\/strong><\/h4>\n\n\n\n<p>Muitos softwares n\u00e3o s\u00e3o acess\u00edveis para pessoas com defici\u00eancia visual ou auditiva, por exemplo, o que impede o uso pleno dessas ferramentas.<\/p>\n\n\n\n<h4 class=\"wp-block-heading\"><strong>Equipamentos<\/strong><\/h4>\n\n\n\n<p>A falta de equipamentos ergon\u00f4micos ou adaptados, como teclados especiais ou fones de ouvido com amplifica\u00e7\u00e3o, pode dificultar o desempenho no trabalho.<\/p>\n\n\n\n<h3 class=\"wp-block-heading\"><strong>Inclus\u00e3o metodol\u00f3gica: estrat\u00e9gias para tornar processos acess\u00edveis<\/strong><\/h3>\n\n\n\n<p>Para garantir a inclus\u00e3o metodol\u00f3gica, \u00e9 crucial adaptar processos e pr\u00e1ticas:<\/p>\n\n\n\n<h4 class=\"wp-block-heading\"><strong>Adapta\u00e7\u00e3o de processos<\/strong><\/h4>\n\n\n\n<p>Ajustar os processos de trabalho para incluir todos os colaboradores, independentemente de suas limita\u00e7\u00f5es, \u00e9 essencial para promover a inclus\u00e3o.<\/p>\n\n\n\n<h4 class=\"wp-block-heading\"><strong>Treinamento cont\u00ednuo<\/strong><\/h4>\n\n\n\n<p>A capacita\u00e7\u00e3o cont\u00ednua dos colaboradores e gestores sobre inclus\u00e3o e acessibilidade \u00e9 fundamental para a implementa\u00e7\u00e3o de pr\u00e1ticas inclusivas.<\/p>\n\n\n\n<h4 class=\"wp-block-heading\"><strong>Acompanhamento e feedback<\/strong><\/h4>\n\n\n\n<p>Manter um canal de comunica\u00e7\u00e3o aberto com as pessoas com defici\u00eancia na equipe para ajustar e melhorar as metodologias adotadas.<\/p>\n\n\n\n<h2 class=\"wp-block-heading\"><strong>Perguntas frequentes sobre barreiras e inclus\u00e3o de pessoas com defici\u00eancia no mercado de trabalho &#8211; FAQ<\/strong><\/h2>\n\n\n\n<p>Veja a seguir as principais d\u00favidas sobre <strong>vaga de emprego barreiras<\/strong> para pessoas com defici\u00eancia.<\/p>\n\n\n\n<h3 class=\"wp-block-heading\"><strong>O que as empresas podem fazer para reduzir as barreiras comportamentais?<\/strong>&nbsp;<\/h3>\n\n\n\n<p>Empresas podem investir em treinamentos de sensibiliza\u00e7\u00e3o e inclus\u00e3o para reduzir preconceitos e estigmas.<\/p>\n\n\n\n<h3 class=\"wp-block-heading\"><strong>Quais s\u00e3o os maiores desafios arquitet\u00f4nicos para pessoas com defici\u00eancia no trabalho?<\/strong>&nbsp;<\/h3>\n\n\n\n<p>Rampas inadequadas, falta de <a href=\"https:\/\/www.sienge.com.br\/blog\/acessibilidade-em-banheiros-exigencias-solucoes\/\" target=\"_blank\" rel=\"noreferrer noopener\">acessibilidade em banheiros<\/a> e elevadores adaptados s\u00e3o os principais desafios.<\/p>\n\n\n\n<h3 class=\"wp-block-heading\"><strong>Como adaptar ferramentas de trabalho para pessoas com defici\u00eancia?<\/strong>&nbsp;<\/h3>\n\n\n\n<p>Adapta\u00e7\u00e3o de softwares, equipamentos ergon\u00f4micos e comunica\u00e7\u00e3o acess\u00edvel s\u00e3o fundamentais.<\/p>\n\n\n\n<h3 class=\"wp-block-heading\"><strong>A legisla\u00e7\u00e3o brasileira \u00e9 eficaz na remo\u00e7\u00e3o dessas barreiras?<\/strong>&nbsp;<\/h3>\n\n\n\n<p>A legisla\u00e7\u00e3o oferece suporte, mas a implementa\u00e7\u00e3o efetiva ainda enfrenta desafios significativos.<\/p>\n\n\n\n<h3 class=\"wp-block-heading\"><strong>Por que a inclus\u00e3o metodol\u00f3gica \u00e9 crucial para o sucesso de pessoas com defici\u00eancia no trabalho?<\/strong>&nbsp;<\/h3>\n\n\n\n<p>Sem processos adaptados, mesmo ambientes acess\u00edveis podem se tornar in\u00f3spitos, dificultando a produtividade e a inclus\u00e3o real.<\/p>\n","protected":false},"excerpt":{"rendered":"<p>Existem barreiras que impedem o acesso de pessoas deficientes no mercado de trabalho que, muitas vezes, s\u00e3o invis\u00edveis para a maioria. De fato, elas podem ser comportamentais, arquitet\u00f4nicas e metodol\u00f3gicas, e requerem medidas para inclus\u00e3o. Quais s\u00e3o as barreiras comportamentais para o ingresso de pessoas com defici\u00eancia no mercado de trabalho? As barreiras comportamentais s\u00e3o [&hellip;]<\/p>\n","protected":false},"author":7,"featured_media":5120,"comment_status":"open","ping_status":"open","sticky":false,"template":"","format":"standard","meta":{"footnotes":""},"categories":[3],"tags":[],"class_list":["post-5119","post","type-post","status-publish","format-standard","has-post-thumbnail","hentry","category-carreira"],"_links":{"self":[{"href":"https:\/\/iigual.com.br\/blog\/wp-json\/wp\/v2\/posts\/5119","targetHints":{"allow":["GET"]}}],"collection":[{"href":"https:\/\/iigual.com.br\/blog\/wp-json\/wp\/v2\/posts"}],"about":[{"href":"https:\/\/iigual.com.br\/blog\/wp-json\/wp\/v2\/types\/post"}],"author":[{"embeddable":true,"href":"https:\/\/iigual.com.br\/blog\/wp-json\/wp\/v2\/users\/7"}],"replies":[{"embeddable":true,"href":"https:\/\/iigual.com.br\/blog\/wp-json\/wp\/v2\/comments?post=5119"}],"version-history":[{"count":1,"href":"https:\/\/iigual.com.br\/blog\/wp-json\/wp\/v2\/posts\/5119\/revisions"}],"predecessor-version":[{"id":5122,"href":"https:\/\/iigual.com.br\/blog\/wp-json\/wp\/v2\/posts\/5119\/revisions\/5122"}],"wp:featuredmedia":[{"embeddable":true,"href":"https:\/\/iigual.com.br\/blog\/wp-json\/wp\/v2\/media\/5120"}],"wp:attachment":[{"href":"https:\/\/iigual.com.br\/blog\/wp-json\/wp\/v2\/media?parent=5119"}],"wp:term":[{"taxonomy":"category","embeddable":true,"href":"https:\/\/iigual.com.br\/blog\/wp-json\/wp\/v2\/categories?post=5119"},{"taxonomy":"post_tag","embeddable":true,"href":"https:\/\/iigual.com.br\/blog\/wp-json\/wp\/v2\/tags?post=5119"}],"curies":[{"name":"wp","href":"https:\/\/api.w.org\/{rel}","templated":true}]}}