{"id":5073,"date":"2024-08-17T09:00:00","date_gmt":"2024-08-17T12:00:00","guid":{"rendered":"https:\/\/iigual.com.br\/blog\/?p=5073"},"modified":"2024-08-15T12:46:34","modified_gmt":"2024-08-15T15:46:34","slug":"protagonismo-o-que-e","status":"publish","type":"post","link":"https:\/\/iigual.com.br\/blog\/protagonismo-o-que-e\/","title":{"rendered":"Como incentivar o protagonismo de pessoas com defici\u00eancia no trabalho?"},"content":{"rendered":"\n<p>O <strong>protagonismo<\/strong> no ambiente de trabalho \u00e9 essencial para o crescimento pessoal e profissional de qualquer colaborador. Quando falamos de pessoas com defici\u00eancia, isso se torna ainda mais relevante para garantir uma inclus\u00e3o efetiva e igualit\u00e1ria.&nbsp;<\/p>\n\n\n\n<h2 class=\"wp-block-heading\"><strong>O que \u00e9 protagonismo no trabalho?<\/strong><\/h2>\n\n\n<div class=\"wp-block-image\">\n<figure class=\"aligncenter size-large\"><img loading=\"lazy\" decoding=\"async\" width=\"1024\" height=\"683\" src=\"https:\/\/iigual.com.br\/blog\/wp-content\/uploads\/2024\/08\/int1-protagonismo-1024x683.webp\" alt=\"\" class=\"wp-image-5075\" srcset=\"https:\/\/iigual.com.br\/blog\/wp-content\/uploads\/2024\/08\/int1-protagonismo-1024x683.webp 1024w, https:\/\/iigual.com.br\/blog\/wp-content\/uploads\/2024\/08\/int1-protagonismo-300x200.webp 300w, https:\/\/iigual.com.br\/blog\/wp-content\/uploads\/2024\/08\/int1-protagonismo-768x512.webp 768w, https:\/\/iigual.com.br\/blog\/wp-content\/uploads\/2024\/08\/int1-protagonismo-750x500.webp 750w, https:\/\/iigual.com.br\/blog\/wp-content\/uploads\/2024\/08\/int1-protagonismo-1140x760.webp 1140w, https:\/\/iigual.com.br\/blog\/wp-content\/uploads\/2024\/08\/int1-protagonismo.webp 1200w\" sizes=\"auto, (max-width: 1024px) 100vw, 1024px\" \/><figcaption class=\"wp-element-caption\">Todo mundo merece ser protagonista no trabalho. Imagem do Pexels.<\/figcaption><\/figure>\n<\/div>\n\n\n<p>O <strong>protagonismo no trabalho<\/strong> refere-se \u00e0 atitude de assumir a responsabilidade por sua pr\u00f3pria carreira e desenvolvimento profissional. Ent\u00e3o, no contexto corporativo, ser protagonista significa n\u00e3o apenas cumprir as tarefas designadas, mas tamb\u00e9m:<\/p>\n\n\n\n<ul class=\"wp-block-list\">\n<li>buscar ativamente oportunidades de crescimento;<\/li>\n\n\n\n<li>resolver problemas de forma proativa;<\/li>\n\n\n\n<li>contribuir para o sucesso da organiza\u00e7\u00e3o\u200b.<\/li>\n<\/ul>\n\n\n\n<h3 class=\"wp-block-heading\"><strong>Defini\u00e7\u00e3o de protagonismo<\/strong><\/h3>\n\n\n\n<p><strong>Protagonismo<\/strong> pode ser entendido como a capacidade de tomar as r\u00e9deas da pr\u00f3pria carreira, sendo respons\u00e1vel por suas escolhas e a\u00e7\u00f5es no ambiente de trabalho. Dessa forma, um profissional protagonista \u00e9 aquele que se destaca por sua:<\/p>\n\n\n\n<ul class=\"wp-block-list\">\n<li>iniciativa;<\/li>\n\n\n\n<li>autonomia;<\/li>\n\n\n\n<li>desejo constante de aprendizado e melhoria.&nbsp;<\/li>\n<\/ul>\n\n\n\n<p>Esse comportamento \u00e9 crucial para o <a href=\"https:\/\/iigual.com.br\/blog\/desenvolvimento-profissional-e-pessoal\/\" target=\"_blank\" rel=\"noreferrer noopener\">desenvolvimento pessoal e profissional<\/a>. Isso em especial em um mundo corporativo que valoriza a inova\u00e7\u00e3o e a adaptabilidade\u200b. N\u00e3o se pode falar sobre <strong>o que \u00e9 protagonismo<\/strong> sem pensar nesses aspectos.<\/p>\n\n\n\n<h3 class=\"wp-block-heading\"><strong>Import\u00e2ncia do protagonismo no ambiente corporativo<\/strong><\/h3>\n\n\n\n<p>Ele \u00e9 vital no ambiente corporativo porque contribui para o desempenho individual e coletivo. Portanto, colaboradores que assumem um papel ativo em seu desenvolvimento tendem a ser mais engajados, produtivos e satisfeitos com seu trabalho.&nbsp;<\/p>\n\n\n\n<p>Esse conceito, al\u00e9m disso, facilita a adapta\u00e7\u00e3o \u00e0s mudan\u00e7as, promove a inova\u00e7\u00e3o e ajuda na forma\u00e7\u00e3o de l\u00edderes dentro da organiza\u00e7\u00e3o. Empresas que incentivam essa cultura beneficiam-se de uma for\u00e7a de trabalho mais resiliente e capaz de enfrentar desafios\u200b\u200b.<\/p>\n\n\n\n<h2 class=\"wp-block-heading\"><strong>Como as empresas podem incentivar o protagonismo de pessoas com defici\u00eancia?<\/strong><\/h2>\n\n\n\n<p>Por meio de a\u00e7\u00f5es estrat\u00e9gicas e ambiente inclusivo. Incentivar o <strong>protagonismo feminino<\/strong> e masculino de pessoas com defici\u00eancia no trabalho \u00e9 crucial para promover inclus\u00e3o. Ainda mais, impacta na diversidade e inova\u00e7\u00e3o dentro das organiza\u00e7\u00f5es.&nbsp;<\/p>\n\n\n\n<p>As empresas t\u00eam um papel fundamental em criar condi\u00e7\u00f5es para que esses profissionais possam desenvolver todo o seu potencial. Ainda mais, para conseguirem assumir um papel ativo no seu desenvolvimento e na organiza\u00e7\u00e3o toda.<\/p>\n\n\n\n<h3 class=\"wp-block-heading\"><strong>A\u00e7\u00f5es estrat\u00e9gicas para fomentar o protagonismo<\/strong><\/h3>\n\n\n<div class=\"wp-block-image\">\n<figure class=\"aligncenter size-large\"><img loading=\"lazy\" decoding=\"async\" width=\"1024\" height=\"683\" src=\"https:\/\/iigual.com.br\/blog\/wp-content\/uploads\/2024\/08\/int2-protagonismo-1024x683.webp\" alt=\"protagonismo\" class=\"wp-image-5076\" srcset=\"https:\/\/iigual.com.br\/blog\/wp-content\/uploads\/2024\/08\/int2-protagonismo-1024x683.webp 1024w, https:\/\/iigual.com.br\/blog\/wp-content\/uploads\/2024\/08\/int2-protagonismo-300x200.webp 300w, https:\/\/iigual.com.br\/blog\/wp-content\/uploads\/2024\/08\/int2-protagonismo-768x512.webp 768w, https:\/\/iigual.com.br\/blog\/wp-content\/uploads\/2024\/08\/int2-protagonismo-750x500.webp 750w, https:\/\/iigual.com.br\/blog\/wp-content\/uploads\/2024\/08\/int2-protagonismo-1140x760.webp 1140w, https:\/\/iigual.com.br\/blog\/wp-content\/uploads\/2024\/08\/int2-protagonismo.webp 1200w\" sizes=\"auto, (max-width: 1024px) 100vw, 1024px\" \/><figcaption class=\"wp-element-caption\">A empresa precisa incentivar seus colaboradores. Imagem do Pexels.<\/figcaption><\/figure>\n<\/div>\n\n\n<p>Para fomentar o <strong>protagonismo social<\/strong> de pessoas com defici\u00eancia, as empresas podem adotar diversas <strong>a\u00e7\u00f5es estrat\u00e9gicas<\/strong>, como:<\/p>\n\n\n\n<h4 class=\"wp-block-heading\"><strong>Promover a conscientiza\u00e7\u00e3o e treinamento<\/strong><\/h4>\n\n\n\n<p>Realizar programas de conscientiza\u00e7\u00e3o que educam todos os colaboradores sobre a import\u00e2ncia da inclus\u00e3o e do protagonismo. Assim, \u00e9 poss\u00edvel desmistificar preconceitos e <a href=\"https:\/\/iigual.com.br\/blog\/estereotipo-significado\/\" target=\"_blank\" rel=\"noreferrer noopener\">estere\u00f3tipos<\/a>\u200b.<\/p>\n\n\n\n<h4 class=\"wp-block-heading\"><strong>Estabelecer programas de mentorias<\/strong><\/h4>\n\n\n\n<p>Conectar pessoas com defici\u00eancia a mentores que possam orient\u00e1-las em suas trajet\u00f3rias profissionais. Dessa forma, fica mais f\u00e1cil ajud\u00e1-las a identificar oportunidades e desenvolver habilidades essenciais\u200b.<\/p>\n\n\n\n<h4 class=\"wp-block-heading\"><strong>Oferecer feedback regular e construtivo<\/strong><\/h4>\n\n\n\n<p>Incentivar gestores a fornecer feedback constante, reconhecendo os esfor\u00e7os e sugerindo melhorias. Isso ajuda no desenvolvimento cont\u00ednuo do protagonismo\u200b.<\/p>\n\n\n\n<h3 class=\"wp-block-heading\"><strong>Cria\u00e7\u00e3o de um ambiente inclusivo e acess\u00edvel<\/strong><\/h3>\n\n\n\n<p>A <strong>cria\u00e7\u00e3o de um ambiente inclusivo e acess\u00edvel<\/strong> \u00e9 fundamental para que pessoas com defici\u00eancia exer\u00e7am o protagonismo no trabalho. Ent\u00e3o, isso inclui:<\/p>\n\n\n\n<h4 class=\"wp-block-heading\"><strong>Adapta\u00e7\u00f5es f\u00edsicas e tecnol\u00f3gicas<\/strong><\/h4>\n\n\n\n<p>Garantir que o espa\u00e7o de trabalho seja acess\u00edvel, com rampas, elevadores, banheiros adaptados, e tecnologias assistivas. Afinal, tudo isso permite uma participa\u00e7\u00e3o plena nas atividades di\u00e1rias\u200b.<\/p>\n\n\n\n<h4 class=\"wp-block-heading\"><strong>Cultura de inclus\u00e3o<\/strong><\/h4>\n\n\n\n<p>Promover uma cultura organizacional que valorize a diversidade e reconhe\u00e7a as contribui\u00e7\u00f5es \u00fanicas de cada colaborador. No entanto, isso n\u00e3o deve nunca depender de suas limita\u00e7\u00f5es\u200b.<\/p>\n\n\n\n<h3 class=\"wp-block-heading\"><strong>Incentivo ao desenvolvimento profissional cont\u00ednuo<\/strong><\/h3>\n\n\n\n<p>O <strong>incentivo ao desenvolvimento profissional cont\u00ednuo<\/strong> \u00e9 outra estrat\u00e9gia chave. Assim, as empresas podem:<\/p>\n\n\n\n<h4 class=\"wp-block-heading\"><strong>Oferecer oportunidades de capacita\u00e7\u00e3o<\/strong><\/h4>\n\n\n\n<p>Proporcionar acesso a cursos e workshops. Al\u00e9m disso, vale a pena investir em programas de desenvolvimento que permitam \u00e0s pessoas com defici\u00eancia adquirir novas habilidades e avan\u00e7ar em suas carreiras\u200b.<\/p>\n\n\n\n<h4 class=\"wp-block-heading\"><strong>Apoiar a cria\u00e7\u00e3o de planos de carreira personalizados<\/strong><\/h4>\n\n\n\n<p>Trabalhar com cada colaborador para desenvolver planos de carreira que estejam alinhados com seus interesses e habilidades. Dessa forma, garante-se que todos tenham oportunidades iguais de crescimento e <strong>protagonismo<\/strong>\u200b.<\/p>\n\n\n\n<h2 class=\"wp-block-heading\"><strong>Quais s\u00e3o os desafios enfrentados por pessoas com defici\u00eancia para exercer o protagonismo?<\/strong><\/h2>\n\n\n\n<p>Esses desafios s\u00e3o muitas vezes relacionados a barreiras culturais, preconceitos e a falta de apoio adequado dentro das organiza\u00e7\u00f5es.&nbsp;<\/p>\n\n\n\n<p>Abordar esses obst\u00e1culos, portanto, \u00e9 essencial para permitir que esses profissionais desenvolvam suas capacidades e contribuam com suas empresas.<\/p>\n\n\n\n<h3 class=\"wp-block-heading\"><strong>Barreiras culturais e preconceitos<\/strong><\/h3>\n\n\n\n<p>As barreiras culturais e os preconceitos s\u00e3o alguns dos principais desafios que impedem o <strong>protagonismo<\/strong> de pessoas com defici\u00eancia. Ent\u00e3o, esses obst\u00e1culos podem se manifestar de v\u00e1rias maneiras, como:<\/p>\n\n\n\n<h4 class=\"wp-block-heading\"><strong>Estere\u00f3tipos negativos<\/strong><\/h4>\n\n\n\n<p>A cren\u00e7a de que pessoas com defici\u00eancia s\u00e3o menos capazes ou menos produtivas limita suas oportunidades de assumir responsabilidades.<\/p>\n\n\n\n<h4 class=\"wp-block-heading\"><strong>Falta de representatividade<\/strong><\/h4>\n\n\n\n<p>A aus\u00eancia de pessoas com defici\u00eancia em cargos de lideran\u00e7a ou em fun\u00e7\u00f5es vis\u00edveis perpetua a ideia de que essas posi\u00e7\u00f5es n\u00e3o s\u00e3o acess\u00edveis para todos\u200b.<\/p>\n\n\n\n<h4 class=\"wp-block-heading\"><strong>Ambiente de trabalho hostil<\/strong><\/h4>\n\n\n\n<p>Coment\u00e1rios ou atitudes preconceituosas criam um ambiente de trabalho desfavor\u00e1vel. Al\u00e9m disso, dificulta que essas pessoas se sintam seguras para assumir um papel de destaque.<\/p>\n\n\n<div class=\"wp-block-image\">\n<figure class=\"aligncenter size-large\"><img loading=\"lazy\" decoding=\"async\" width=\"1024\" height=\"683\" src=\"https:\/\/iigual.com.br\/blog\/wp-content\/uploads\/2024\/08\/int3-protagonismo-1024x683.webp\" alt=\"protagonismo\" class=\"wp-image-5077\" srcset=\"https:\/\/iigual.com.br\/blog\/wp-content\/uploads\/2024\/08\/int3-protagonismo-1024x683.webp 1024w, https:\/\/iigual.com.br\/blog\/wp-content\/uploads\/2024\/08\/int3-protagonismo-300x200.webp 300w, https:\/\/iigual.com.br\/blog\/wp-content\/uploads\/2024\/08\/int3-protagonismo-768x512.webp 768w, https:\/\/iigual.com.br\/blog\/wp-content\/uploads\/2024\/08\/int3-protagonismo-750x500.webp 750w, https:\/\/iigual.com.br\/blog\/wp-content\/uploads\/2024\/08\/int3-protagonismo-1140x760.webp 1140w, https:\/\/iigual.com.br\/blog\/wp-content\/uploads\/2024\/08\/int3-protagonismo.webp 1200w\" sizes=\"auto, (max-width: 1024px) 100vw, 1024px\" \/><figcaption class=\"wp-element-caption\">\u00c9 necess\u00e1rio ter ferramentas importantes para promover o protagonismo. Imagem do Pexels.<\/figcaption><\/figure>\n<\/div>\n\n\n<h3 class=\"wp-block-heading\"><strong>A falta de apoio e ferramentas adequadas<\/strong><\/h3>\n\n\n\n<p>A falta de apoio e de ferramentas adequadas \u00e9 outro desafio. Dessa forma, para que pessoas com defici\u00eancia possam se destacar, \u00e9 crucial que as empresas ofere\u00e7am:<\/p>\n\n\n\n<h4 class=\"wp-block-heading\"><strong>Tecnologia assistiva<\/strong><\/h4>\n\n\n\n<p>Ferramentas que ajudam a superar limita\u00e7\u00f5es f\u00edsicas ou sensoriais s\u00e3o essenciais para que essas pessoas possam realizar suas tarefas com efici\u00eancia\u200b.<\/p>\n\n\n\n<h4 class=\"wp-block-heading\"><strong>Treinamento e capacita\u00e7\u00e3o<\/strong><\/h4>\n\n\n\n<p>A aus\u00eancia de programas de capacita\u00e7\u00e3o espec\u00edficos que abordem as necessidades de pessoas com defici\u00eancia \u00e9 perigosa. Afinal, limita o desenvolvimento de habilidades e o crescimento profissional\u200b.<\/p>\n\n\n\n<h4 class=\"wp-block-heading\"><strong>Suporte psicol\u00f3gico e emocional<\/strong><\/h4>\n\n\n\n<p>O acesso a recursos que proporcionem apoio emocional ajuda a superar barreiras internas e aumentar a confian\u00e7a desses profissionais\u200b.<\/p>\n\n\n\n<h2 class=\"wp-block-heading\"><strong>Perguntas frequentes sobre protagonismo &#8211; FAQ<\/strong><\/h2>\n\n\n\n<h3 class=\"wp-block-heading\"><strong>O que significa protagonismo no ambiente de trabalho?<\/strong><\/h3>\n\n\n\n<p><strong>Protagonismo<\/strong> no trabalho \u00e9 a capacidade do profissional de assumir a responsabilidade por sua carreira. Isso sempre buscando seu desenvolvimento e contribuindo para o sucesso da organiza\u00e7\u00e3o.<\/p>\n\n\n\n<h3 class=\"wp-block-heading\"><strong>Como as empresas podem criar um ambiente que incentive o protagonismo?<\/strong><\/h3>\n\n\n\n<p>As empresas podem criar um ambiente que incentive o <strong>protagonismo<\/strong> ao oferecer treinamentos e promover a inclus\u00e3o. Al\u00e9m disso, \u00e9 importante fornecer feedbacks regulares que ajudem no desenvolvimento dos colaboradores.<\/p>\n\n\n\n<h3 class=\"wp-block-heading\"><strong>Quais s\u00e3o os benef\u00edcios de promover o protagonismo entre pessoas com defici\u00eancia?<\/strong><\/h3>\n\n\n\n<p>Promover o <strong>protagonismo<\/strong> entre pessoas com defici\u00eancia aumenta a satisfa\u00e7\u00e3o, produtividade e inova\u00e7\u00e3o dentro da empresa. Ainda mais, contribui para uma cultura mais inclusiva.<\/p>\n","protected":false},"excerpt":{"rendered":"<p>O protagonismo no ambiente de trabalho \u00e9 essencial para o crescimento pessoal e profissional de qualquer colaborador. Quando falamos de pessoas com defici\u00eancia, isso se torna ainda mais relevante para garantir uma inclus\u00e3o efetiva e igualit\u00e1ria.&nbsp; O que \u00e9 protagonismo no trabalho? O protagonismo no trabalho refere-se \u00e0 atitude de assumir a responsabilidade por sua [&hellip;]<\/p>\n","protected":false},"author":7,"featured_media":5074,"comment_status":"open","ping_status":"open","sticky":false,"template":"","format":"standard","meta":{"footnotes":""},"categories":[1],"tags":[1433,1432],"class_list":["post-5073","post","type-post","status-publish","format-standard","has-post-thumbnail","hentry","category-sem-categoria","tag-crescimento-pessoal","tag-protagonismo"],"_links":{"self":[{"href":"https:\/\/iigual.com.br\/blog\/wp-json\/wp\/v2\/posts\/5073","targetHints":{"allow":["GET"]}}],"collection":[{"href":"https:\/\/iigual.com.br\/blog\/wp-json\/wp\/v2\/posts"}],"about":[{"href":"https:\/\/iigual.com.br\/blog\/wp-json\/wp\/v2\/types\/post"}],"author":[{"embeddable":true,"href":"https:\/\/iigual.com.br\/blog\/wp-json\/wp\/v2\/users\/7"}],"replies":[{"embeddable":true,"href":"https:\/\/iigual.com.br\/blog\/wp-json\/wp\/v2\/comments?post=5073"}],"version-history":[{"count":2,"href":"https:\/\/iigual.com.br\/blog\/wp-json\/wp\/v2\/posts\/5073\/revisions"}],"predecessor-version":[{"id":5082,"href":"https:\/\/iigual.com.br\/blog\/wp-json\/wp\/v2\/posts\/5073\/revisions\/5082"}],"wp:featuredmedia":[{"embeddable":true,"href":"https:\/\/iigual.com.br\/blog\/wp-json\/wp\/v2\/media\/5074"}],"wp:attachment":[{"href":"https:\/\/iigual.com.br\/blog\/wp-json\/wp\/v2\/media?parent=5073"}],"wp:term":[{"taxonomy":"category","embeddable":true,"href":"https:\/\/iigual.com.br\/blog\/wp-json\/wp\/v2\/categories?post=5073"},{"taxonomy":"post_tag","embeddable":true,"href":"https:\/\/iigual.com.br\/blog\/wp-json\/wp\/v2\/tags?post=5073"}],"curies":[{"name":"wp","href":"https:\/\/api.w.org\/{rel}","templated":true}]}}