{"id":4989,"date":"2024-07-25T08:00:00","date_gmt":"2024-07-25T11:00:00","guid":{"rendered":"https:\/\/iigual.com.br\/blog\/?p=4989"},"modified":"2024-07-25T11:32:37","modified_gmt":"2024-07-25T14:32:37","slug":"mulher-no-mercado-de-trabalho","status":"publish","type":"post","link":"https:\/\/iigual.com.br\/blog\/mulher-no-mercado-de-trabalho\/","title":{"rendered":"Mulher no mercado de trabalho com defici\u00eancia: panorama geral"},"content":{"rendered":"\n<p>A <strong>mulher no mercado de trabalho<\/strong> tem sido uma pauta importante nas discuss\u00f5es sobre igualdade de g\u00eanero e <a href=\"https:\/\/iigual.com.br\/blog\/o-que-e-inclusao-social\/\" target=\"_blank\" rel=\"noreferrer noopener\">inclus\u00e3o social<\/a>. No entanto, quando se trata de mulheres com defici\u00eancia, os desafios s\u00e3o ainda maiores.\u00a0<\/p>\n\n\n\n<p>Neste artigo, ent\u00e3o, veja um panorama sobre os principais obst\u00e1culos, as chances e as pol\u00edticas p\u00fablicas que visam promover a inclus\u00e3o.<\/p>\n\n\n\n<h2 class=\"wp-block-heading\"><strong>Qual \u00e9 a situa\u00e7\u00e3o da mulher no mercado de trabalho no Brasil?<\/strong><\/h2>\n\n\n\n<p>A situa\u00e7\u00e3o da <strong>mulher no mercado de trabalho<\/strong> no Brasil \u00e9 marcada por avan\u00e7os, mas tamb\u00e9m por desafios persistentes. J\u00e1 que, elas ainda enfrentam desigualdades em termos de:<\/p>\n\n\n\n<ul class=\"wp-block-list\">\n<li>sal\u00e1rio;<\/li>\n\n\n\n<li>oportunidades de crescimento;<\/li>\n\n\n\n<li>condi\u00e7\u00f5es de trabalho.<\/li>\n<\/ul>\n\n\n\n<h3 class=\"wp-block-heading\"><strong>Dados atuais sobre a participa\u00e7\u00e3o feminina<\/strong><\/h3>\n\n\n\n<p>Segundo o Instituto Brasileiro de Geografia e Estat\u00edstica (IBGE), em 2023, a participa\u00e7\u00e3o feminina no <a href=\"https:\/\/iigual.com.br\/blog\/inclusao-no-mercado-de-trabalho\/\" target=\"_blank\" rel=\"noreferrer noopener\">mercado de trabalho<\/a> alcan\u00e7ou um recorde, com 43.380.636 mulheres ativas.\u00a0<\/p>\n\n\n\n<p>Este n\u00famero representa um aumento em compara\u00e7\u00e3o com os anos anteriores, o que indica uma tend\u00eancia de crescimento cont\u00ednuo.&nbsp;<\/p>\n\n\n\n<p>As \u00e1reas com maior presen\u00e7a feminina incluem: \u201cEduca\u00e7\u00e3o, sa\u00fade humana e servi\u00e7os sociais\u201d, com 9.683.770 trabalhadoras, seguido por \u201cCom\u00e9rcio, repara\u00e7\u00e3o de ve\u00edculos automotores e motocicletas\u201d (7.938.651)\u200b\u200b.<\/p>\n\n\n<div class=\"wp-block-image\">\n<figure class=\"aligncenter size-large\"><img loading=\"lazy\" decoding=\"async\" width=\"1024\" height=\"683\" src=\"https:\/\/iigual.com.br\/blog\/wp-content\/uploads\/2024\/07\/int-1-mulher-no-mercado-de-trabalho-1024x683.webp\" alt=\"Mulher no mercado de trabalho com defici\u00eancia: panorama geral\" class=\"wp-image-4992\" srcset=\"https:\/\/iigual.com.br\/blog\/wp-content\/uploads\/2024\/07\/int-1-mulher-no-mercado-de-trabalho-1024x683.webp 1024w, https:\/\/iigual.com.br\/blog\/wp-content\/uploads\/2024\/07\/int-1-mulher-no-mercado-de-trabalho-300x200.webp 300w, https:\/\/iigual.com.br\/blog\/wp-content\/uploads\/2024\/07\/int-1-mulher-no-mercado-de-trabalho-768x512.webp 768w, https:\/\/iigual.com.br\/blog\/wp-content\/uploads\/2024\/07\/int-1-mulher-no-mercado-de-trabalho-750x500.webp 750w, https:\/\/iigual.com.br\/blog\/wp-content\/uploads\/2024\/07\/int-1-mulher-no-mercado-de-trabalho-1140x760.webp 1140w, https:\/\/iigual.com.br\/blog\/wp-content\/uploads\/2024\/07\/int-1-mulher-no-mercado-de-trabalho.webp 1200w\" sizes=\"auto, (max-width: 1024px) 100vw, 1024px\" \/><figcaption class=\"wp-element-caption\">A participa\u00e7\u00e3o da mulher no mercado de trabalho aumentou nos \u00faltimos anos, mas ainda \u00e9 necess\u00e1rio melhorar. Imagem do Freepik<\/figcaption><\/figure>\n<\/div>\n\n\n<h3 class=\"wp-block-heading\"><strong>Compara\u00e7\u00e3o entre mulheres com e sem defici\u00eancia<\/strong><\/h3>\n\n\n\n<p>A situa\u00e7\u00e3o das mulheres com defici\u00eancia \u00e9 ainda mais desafiadora. Isso porque, apenas 28,3% delas em idade ativa est\u00e3o empregadas, em compara\u00e7\u00e3o com 46,3% das mulheres sem defici\u00eancia.&nbsp;<\/p>\n\n\n\n<p>Esta diferen\u00e7a destaca, acima de tudo, a necessidade de pol\u00edticas mais eficazes, a fim de promover a inclus\u00e3o desse grupo no mercado de trabalho\u200b\u200b.<\/p>\n\n\n\n<h2 class=\"wp-block-heading\"><strong>Quais s\u00e3o os principais desafios enfrentados pela mulher no mercado de trabalho com defici\u00eancia?<\/strong><\/h2>\n\n\n\n<p>A <strong>mulher no mercado de trabalho<\/strong> com defici\u00eancia enfrenta uma s\u00e9rie de obst\u00e1culos que dificultam sua inser\u00e7\u00e3o e perman\u00eancia, como preconceito e discrimina\u00e7\u00e3o, por exemplo.<\/p>\n\n\n\n<h3 class=\"wp-block-heading\"><strong>Barreiras f\u00edsicas e acessibilidade<\/strong><\/h3>\n\n\n\n<p>A falta de <a href=\"https:\/\/iigual.com.br\/blog\/acessibilidade-no-brasil\/\" target=\"_blank\" rel=\"noreferrer noopener\">acessibilidade<\/a> nos locais de trabalho \u00e9 uma das principais barreiras. Muitos ambientes n\u00e3o s\u00e3o adequados para acomodar as necessidades das pessoas com defici\u00eancia, o que limita suas oportunidades de emprego.\u00a0<\/p>\n\n\n\n<p>Adapta\u00e7\u00f5es como rampas, elevadores e tecnologias assistivas s\u00e3o, acima de tudo, fundamentais para garantir a inclus\u00e3o\u200b\u200b.<\/p>\n\n\n\n<h3 class=\"wp-block-heading\"><strong>Preconceito e discrimina\u00e7\u00e3o<\/strong><\/h3>\n\n\n\n<p>O preconceito e a discrimina\u00e7\u00e3o s\u00e3o desafios para as mulheres com defici\u00eancia. Elas enfrentam a estigmatiza\u00e7\u00e3o, bem como, a subestima\u00e7\u00e3o de suas capacidades, resultando em menos chances de emprego e em ambientes hostis, que prejudicam o bem-estar\u200b\u200b.<\/p>\n\n\n\n<h3 class=\"wp-block-heading\"><strong>Falta de qualifica\u00e7\u00e3o e oportunidades<\/strong><\/h3>\n\n\n\n<p>A falta de acesso a programas de qualifica\u00e7\u00e3o e educa\u00e7\u00e3o inclusiva tamb\u00e9m contribui para o alto \u00edndice de desemprego.&nbsp;<\/p>\n\n\n\n<p>Muitas mulheres com defici\u00eancia n\u00e3o t\u00eam as mesmas oportunidades de forma\u00e7\u00e3o que as pessoas sem defici\u00eancia, o que limita suas chances de conseguir um emprego adequado\u200b\u200b.<\/p>\n\n\n\n<h2 class=\"wp-block-heading\"><strong>Quais s\u00e3o as pol\u00edticas p\u00fablicas para a inclus\u00e3o da mulher no mercado de trabalho com defici\u00eancia ?<\/strong><\/h2>\n\n\n\n<p>As pol\u00edticas p\u00fablicas desempenham um papel crucial na promo\u00e7\u00e3o da inclus\u00e3o de mulheres com defici\u00eancia no mercado de trabalho.<\/p>\n\n\n\n<h3 class=\"wp-block-heading\"><strong>Programas de incentivo \u00e0 inclus\u00e3o<\/strong><\/h3>\n\n\n\n<p>O Brasil possui programas de incentivo \u00e0 inclus\u00e3o que visam aumentar a participa\u00e7\u00e3o das pessoas com defici\u00eancia no mercado de trabalho.&nbsp;<\/p>\n\n\n\n<p>A Lei de Cotas (Lei 8.213\/91), por exemplo, exige que as empresas com mais de 100 funcion\u00e1rios reservem um percentual de suas vagas para pessoas com defici\u00eancia.&nbsp;<\/p>\n\n\n\n<p>Esta lei tem sido um instrumento importante, a fim de promover a inclus\u00e3o, embora sua aplica\u00e7\u00e3o ainda enfrente desafios\u200b\u200b.<\/p>\n\n\n\n<h3 class=\"wp-block-heading\"><strong>Incentivos fiscais para as empresas<\/strong><\/h3>\n\n\n\n<p>Al\u00e9m das cotas, o governo oferece incentivos fiscais para as empresas que contratam pessoas com defici\u00eancia. Esses incentivos incluem isen\u00e7\u00f5es fiscais e subs\u00eddios que visam reduzir os custos de adapta\u00e7\u00e3o do ambiente de trabalho e promover pr\u00e1ticas inclusivas\u200b\u200b.<\/p>\n\n\n<div class=\"wp-block-image\">\n<figure class=\"aligncenter size-large\"><img loading=\"lazy\" decoding=\"async\" width=\"1024\" height=\"683\" src=\"https:\/\/iigual.com.br\/blog\/wp-content\/uploads\/2024\/07\/int-2-mulher-no-mercado-de-trabalho-1024x683.webp\" alt=\"Mulher no mercado de trabalho com defici\u00eancia: panorama geral\" class=\"wp-image-4993\" srcset=\"https:\/\/iigual.com.br\/blog\/wp-content\/uploads\/2024\/07\/int-2-mulher-no-mercado-de-trabalho-1024x683.webp 1024w, https:\/\/iigual.com.br\/blog\/wp-content\/uploads\/2024\/07\/int-2-mulher-no-mercado-de-trabalho-300x200.webp 300w, https:\/\/iigual.com.br\/blog\/wp-content\/uploads\/2024\/07\/int-2-mulher-no-mercado-de-trabalho-768x512.webp 768w, https:\/\/iigual.com.br\/blog\/wp-content\/uploads\/2024\/07\/int-2-mulher-no-mercado-de-trabalho-750x500.webp 750w, https:\/\/iigual.com.br\/blog\/wp-content\/uploads\/2024\/07\/int-2-mulher-no-mercado-de-trabalho-1140x760.webp 1140w, https:\/\/iigual.com.br\/blog\/wp-content\/uploads\/2024\/07\/int-2-mulher-no-mercado-de-trabalho.webp 1200w\" sizes=\"auto, (max-width: 1024px) 100vw, 1024px\" \/><figcaption class=\"wp-element-caption\">A\u00e7\u00f5es afirmativas s\u00e3o capazes de facilitar a inclus\u00e3o das mulheres no mercado de trabalho. Imagem do Freepik<\/figcaption><\/figure>\n<\/div>\n\n\n<h3 class=\"wp-block-heading\"><strong>Educa\u00e7\u00e3o e capacita\u00e7\u00e3o profissional<\/strong><\/h3>\n\n\n\n<p>Investir na educa\u00e7\u00e3o e na capacita\u00e7\u00e3o profissional de mulheres com defici\u00eancia \u00e9 essencial para aumentar suas chances de emprego.&nbsp;<\/p>\n\n\n\n<p>Programas de forma\u00e7\u00e3o espec\u00edfica e desenvolvimento de habilidades podem fazer uma grande diferen\u00e7a na inclus\u00e3o da <strong>mulher no mercado de trabalho<\/strong>\u200b\u200b.<\/p>\n\n\n\n<h2 class=\"wp-block-heading\"><strong>Perguntas frequentes sobre a mulher no mercado de trabalho com defici\u00eancia &#8211; FAQ<\/strong><\/h2>\n\n\n\n<h3 class=\"wp-block-heading\"><strong>Qual \u00e9 a taxa de participa\u00e7\u00e3o das mulheres com defici\u00eancia no mercado de trabalho?<\/strong><\/h3>\n\n\n\n<p>A taxa de participa\u00e7\u00e3o das mulheres com defici\u00eancia no mercado de trabalho \u00e9 menor em compara\u00e7\u00e3o com a m\u00e9dia geral. Isso porque, apenas 28,3% das mulheres com defici\u00eancia em idade ativa est\u00e3o empregadas\u200b\u200b.<\/p>\n\n\n\n<h3 class=\"wp-block-heading\"><strong>Quais s\u00e3o os benef\u00edcios de contratar mulheres com defici\u00eancia?<\/strong><\/h3>\n\n\n\n<p>Dentre os benef\u00edcios, pode-se citar os diferentes pontos de vista que podem enriquecer a tomada de decis\u00f5es. Al\u00e9m disso, promove um ambiente mais inclusivo e acolhedor para todos os funcion\u00e1rios. Por fim, demonstra compromisso com a responsabilidade social e a inclus\u00e3o.<\/p>\n\n\n\n<h3 class=\"wp-block-heading\"><strong>Como a legisla\u00e7\u00e3o protege os direitos das mulheres com defici\u00eancia no mercado de trabalho?<\/strong><\/h3>\n\n\n\n<p>A Lei de Cotas exige que empresas com mais de 100 funcion\u00e1rios reservem uma porcentagem de vagas para pessoas com defici\u00eancia.<\/p>\n\n\n\n<p>J\u00e1 a Lei Brasileira de Inclus\u00e3o (LBI) garante direitos e estabelece diretrizes para a inclus\u00e3o de pessoas com defici\u00eancia.<\/p>\n\n\n\n<h3 class=\"wp-block-heading\"><strong>Quais s\u00e3o os setores mais inclusivos para mulheres com defici\u00eancia?<\/strong><\/h3>\n\n\n\n<p>A Tecnologia da Informa\u00e7\u00e3o \u00e9 um setor que oferece muitas oportunidades de trabalho remoto e flex\u00edvel. Bem como, ambientes de escrit\u00f3rio que podem ser facilmente adaptados, enquanto institui\u00e7\u00f5es educacionais e de pesquisa t\u00eam pol\u00edticas mais inclusivas.<\/p>\n","protected":false},"excerpt":{"rendered":"<p>A mulher no mercado de trabalho tem sido uma pauta importante nas discuss\u00f5es sobre igualdade de g\u00eanero e inclus\u00e3o social. No entanto, quando se trata de mulheres com defici\u00eancia, os desafios s\u00e3o ainda maiores.\u00a0 Neste artigo, ent\u00e3o, veja um panorama sobre os principais obst\u00e1culos, as chances e as pol\u00edticas p\u00fablicas que visam promover a inclus\u00e3o. [&hellip;]<\/p>\n","protected":false},"author":7,"featured_media":4990,"comment_status":"open","ping_status":"open","sticky":false,"template":"","format":"standard","meta":{"footnotes":""},"categories":[3],"tags":[1414,225],"class_list":["post-4989","post","type-post","status-publish","format-standard","has-post-thumbnail","hentry","category-carreira","tag-insercao-da-mulher-no-mercado-de-trabalho","tag-mercado-de-trabalho"],"_links":{"self":[{"href":"https:\/\/iigual.com.br\/blog\/wp-json\/wp\/v2\/posts\/4989","targetHints":{"allow":["GET"]}}],"collection":[{"href":"https:\/\/iigual.com.br\/blog\/wp-json\/wp\/v2\/posts"}],"about":[{"href":"https:\/\/iigual.com.br\/blog\/wp-json\/wp\/v2\/types\/post"}],"author":[{"embeddable":true,"href":"https:\/\/iigual.com.br\/blog\/wp-json\/wp\/v2\/users\/7"}],"replies":[{"embeddable":true,"href":"https:\/\/iigual.com.br\/blog\/wp-json\/wp\/v2\/comments?post=4989"}],"version-history":[{"count":2,"href":"https:\/\/iigual.com.br\/blog\/wp-json\/wp\/v2\/posts\/4989\/revisions"}],"predecessor-version":[{"id":4994,"href":"https:\/\/iigual.com.br\/blog\/wp-json\/wp\/v2\/posts\/4989\/revisions\/4994"}],"wp:featuredmedia":[{"embeddable":true,"href":"https:\/\/iigual.com.br\/blog\/wp-json\/wp\/v2\/media\/4990"}],"wp:attachment":[{"href":"https:\/\/iigual.com.br\/blog\/wp-json\/wp\/v2\/media?parent=4989"}],"wp:term":[{"taxonomy":"category","embeddable":true,"href":"https:\/\/iigual.com.br\/blog\/wp-json\/wp\/v2\/categories?post=4989"},{"taxonomy":"post_tag","embeddable":true,"href":"https:\/\/iigual.com.br\/blog\/wp-json\/wp\/v2\/tags?post=4989"}],"curies":[{"name":"wp","href":"https:\/\/api.w.org\/{rel}","templated":true}]}}