{"id":4951,"date":"2024-07-20T08:00:00","date_gmt":"2024-07-20T11:00:00","guid":{"rendered":"https:\/\/iigual.com.br\/blog\/?p=4951"},"modified":"2024-07-19T09:17:30","modified_gmt":"2024-07-19T12:17:30","slug":"desenvolvimento-profissional-e-pessoal","status":"publish","type":"post","link":"https:\/\/iigual.com.br\/blog\/desenvolvimento-profissional-e-pessoal\/","title":{"rendered":"Desenvolvimento profissional de pessoas com defici\u00eancia: programas e benef\u00edcios"},"content":{"rendered":"\n<p>O <strong>desenvolvimento profissional<\/strong> \u00e9 vital para todos, incluindo as pessoas com defici\u00eancia. Assim, este artigo mostra programas eficazes e os benef\u00edcios, a fim de destacar a import\u00e2ncia de criar oportunidades para todos.<\/p>\n\n\n\n<h2 class=\"wp-block-heading\"><strong>O que \u00e9 um desenvolvimento profissional?<\/strong><\/h2>\n\n\n\n<p>O <strong>desenvolvimento profissional<\/strong> \u00e9 um processo cont\u00ednuo de melhoria das compet\u00eancias e habilidades dos colaboradores, para melhorar seu desempenho e alcan\u00e7ar o crescimento tanto pessoal quanto profissional.\u00a0<\/p>\n\n\n\n<p>Este processo \u00e9 essencial para manter os funcion\u00e1rios motivados, engajados e capazes de enfrentar os desafios do mercado de trabalho. Assim, a seguir, entenda a defini\u00e7\u00e3o e a import\u00e2ncia do <a href=\"https:\/\/iigual.com.br\/blog\/rh-treinamento-e-desenvolvimento\/\" target=\"_blank\" rel=\"noreferrer noopener\">desenvolvimento<\/a> profissional, bem como seu impacto no crescimento.<\/p>\n\n\n<div class=\"wp-block-image\">\n<figure class=\"aligncenter size-large\"><img loading=\"lazy\" decoding=\"async\" width=\"1024\" height=\"683\" src=\"https:\/\/iigual.com.br\/blog\/wp-content\/uploads\/2024\/07\/int-1-desenvolvimento-pessoa-com-deficiencia-1024x683.webp\" alt=\"Desenvolvimento profissional de pessoas com defici\u00eancia: programas e benef\u00edcios\" class=\"wp-image-4954\" srcset=\"https:\/\/iigual.com.br\/blog\/wp-content\/uploads\/2024\/07\/int-1-desenvolvimento-pessoa-com-deficiencia-1024x683.webp 1024w, https:\/\/iigual.com.br\/blog\/wp-content\/uploads\/2024\/07\/int-1-desenvolvimento-pessoa-com-deficiencia-300x200.webp 300w, https:\/\/iigual.com.br\/blog\/wp-content\/uploads\/2024\/07\/int-1-desenvolvimento-pessoa-com-deficiencia-768x512.webp 768w, https:\/\/iigual.com.br\/blog\/wp-content\/uploads\/2024\/07\/int-1-desenvolvimento-pessoa-com-deficiencia-750x500.webp 750w, https:\/\/iigual.com.br\/blog\/wp-content\/uploads\/2024\/07\/int-1-desenvolvimento-pessoa-com-deficiencia-1140x760.webp 1140w, https:\/\/iigual.com.br\/blog\/wp-content\/uploads\/2024\/07\/int-1-desenvolvimento-pessoa-com-deficiencia.webp 1200w\" sizes=\"auto, (max-width: 1024px) 100vw, 1024px\" \/><figcaption class=\"wp-element-caption\">O desenvolvimento profissional visa preparar o colaborador para crescer na carreira. Imagem do Freepik<\/figcaption><\/figure>\n<\/div>\n\n\n<h3 class=\"wp-block-heading\"><strong>Defini\u00e7\u00e3o e import\u00e2ncia<\/strong><\/h3>\n\n\n\n<p>O <strong>desenvolvimento profissional<\/strong> refere-se a uma s\u00e9rie de a\u00e7\u00f5es, bem como, programas que se destinam a melhorar as habilidades, conhecimentos e capacidades de cada membro de uma equipe.\u00a0<\/p>\n\n\n\n<p>Isso pode incluir treinos, workshops, cursos de aperfei\u00e7oamento e outras formas de aprendizado cont\u00ednuo. A import\u00e2ncia disso inclui, portanto:<\/p>\n\n\n\n<ul class=\"wp-block-list\">\n<li>ajuda a adquirir novas compet\u00eancias e melhorar as existentes;<\/li>\n\n\n\n<li>prepara os funcion\u00e1rios para se adaptarem \u00e0s mudan\u00e7as no mercado e nas tecnologias;<\/li>\n\n\n\n<li>facilita a progress\u00e3o na carreira para que os colaboradores assumam novos desafios e responsabilidades.<\/li>\n<\/ul>\n\n\n\n<h3 class=\"wp-block-heading\"><strong>Impacto no crescimento pessoal e profissional<\/strong><\/h3>\n\n\n\n<p>O <strong>desenvolvimento profissional<\/strong> n\u00e3o s\u00f3 beneficia a carreira, mas tamb\u00e9m tem um grande impacto no crescimento pessoal:<\/p>\n\n\n\n<h4 class=\"wp-block-heading\"><strong>Aumento da confian\u00e7a<\/strong><\/h4>\n\n\n\n<p>Os colaboradores que participam de programas de desenvolvimento sentem-se, acima de tudo, mais confiantes em suas soft skills.<\/p>\n\n\n\n<h4 class=\"wp-block-heading\"><strong>Satisfa\u00e7\u00e3o no trabalho<\/strong><\/h4>\n\n\n\n<p>Melhora a satisfa\u00e7\u00e3o no trabalho ao proporcionar chances reais de aprendizado e crescimento.<\/p>\n\n\n\n<h4 class=\"wp-block-heading\"><strong>Melhoria na qualidade de vida<\/strong><\/h4>\n\n\n\n<p>Contribui para uma melhor qualidade de vida, a fim de equilibrar o crescimento pessoal e profissional.<\/p>\n\n\n\n<h2 class=\"wp-block-heading\"><strong>Quais s\u00e3o os programas de desenvolvimento profissional para pessoas com defici\u00eancia?<\/strong><\/h2>\n\n\n\n<p>Os programas de<strong> desenvolvimento profissional<\/strong> s\u00e3o ainda mais importantes para <a href=\"https:\/\/iigual.com.br\/blog\/quem-e-considerado-pessoas-com-deficiencia\/\" target=\"_blank\" rel=\"noreferrer noopener\">pessoas com defici\u00eancia<\/a>, pois promovem a inclus\u00e3o e igualdade de oportunidades no ambiente de trabalho.&nbsp;<\/p>\n\n\n\n<h3 class=\"wp-block-heading\"><strong>Tipos de programas<\/strong><\/h3>\n\n\n\n<p>Existem diversos tipos de programas para as pessoas com defici\u00eancia:<\/p>\n\n\n\n<ul class=\"wp-block-list\">\n<li>sess\u00f5es interativas que abordam diversas compet\u00eancias e habilidades;<\/li>\n\n\n\n<li>plataformas digitais que oferecem flexibilidade e acessibilidade;<\/li>\n\n\n\n<li>programas que fornecem orienta\u00e7\u00e3o personalizada e apoio cont\u00ednuo.<\/li>\n<\/ul>\n\n\n\n<h3 class=\"wp-block-heading\"><strong>Adapta\u00e7\u00e3o de conte\u00fados<\/strong><\/h3>\n\n\n\n<p>Para garantir a efic\u00e1cia dos programas, ent\u00e3o, \u00e9 crucial adaptar os conte\u00fados \u00e0s necessidades espec\u00edficas dos colaboradores com defici\u00eancia:<\/p>\n\n\n\n<ul class=\"wp-block-list\">\n<li>fornecer materiais em formatos acess\u00edveis, como braille, \u00e1udio e v\u00eddeos com legendas;<\/li>\n\n\n\n<li>utilizar tecnologias que auxiliem na aprendizagem, como leitores de tela e softwares de reconhecimento de voz;<\/li>\n\n\n\n<li>incorporar diferentes m\u00e9todos de ensino para atender aos variados estilos de aprendizagem.<\/li>\n<\/ul>\n\n\n\n<figure class=\"wp-block-image size-large\"><img loading=\"lazy\" decoding=\"async\" width=\"1024\" height=\"683\" src=\"https:\/\/iigual.com.br\/blog\/wp-content\/uploads\/2024\/07\/int-2-desenvolvimento-pessoa-com-deficiencia-1024x683.webp\" alt=\"Desenvolvimento profissional de pessoas com defici\u00eancia: programas e benef\u00edcios\" class=\"wp-image-4955\" srcset=\"https:\/\/iigual.com.br\/blog\/wp-content\/uploads\/2024\/07\/int-2-desenvolvimento-pessoa-com-deficiencia-1024x683.webp 1024w, https:\/\/iigual.com.br\/blog\/wp-content\/uploads\/2024\/07\/int-2-desenvolvimento-pessoa-com-deficiencia-300x200.webp 300w, https:\/\/iigual.com.br\/blog\/wp-content\/uploads\/2024\/07\/int-2-desenvolvimento-pessoa-com-deficiencia-768x512.webp 768w, https:\/\/iigual.com.br\/blog\/wp-content\/uploads\/2024\/07\/int-2-desenvolvimento-pessoa-com-deficiencia-750x500.webp 750w, https:\/\/iigual.com.br\/blog\/wp-content\/uploads\/2024\/07\/int-2-desenvolvimento-pessoa-com-deficiencia-1140x760.webp 1140w, https:\/\/iigual.com.br\/blog\/wp-content\/uploads\/2024\/07\/int-2-desenvolvimento-pessoa-com-deficiencia.webp 1200w\" sizes=\"auto, (max-width: 1024px) 100vw, 1024px\" \/><figcaption class=\"wp-element-caption\">\u00c9 preciso criar ambientes e materiais acess\u00edveis para que todos possam participar do desenvolvimento profissional. Imagem do Freepik<\/figcaption><\/figure>\n\n\n\n<h2 class=\"wp-block-heading\"><strong>Quais s\u00e3o os benef\u00edcios do desenvolvimento profissional inclusivo?<\/strong><\/h2>\n\n\n\n<p>Implementar programas de <strong>desenvolvimento profissional<\/strong> inclusivo traz in\u00fameros benef\u00edcios tanto para os colaboradores quanto para a organiza\u00e7\u00e3o. Assim, a seguir, saiba como essas pr\u00e1ticas podem melhorar o desempenho e aumentar a motiva\u00e7\u00e3o e o engajamento.<\/p>\n\n\n\n<h3 class=\"wp-block-heading\"><strong>Melhoria do desempenho<\/strong><\/h3>\n\n\n\n<p>Isso contribui diretamente para a melhoria do desempenho dos colaboradores, por exemplo:<\/p>\n\n\n\n<ul class=\"wp-block-list\">\n<li>melhora as habilidades e conhecimentos, resultando em maior efici\u00eancia;<\/li>\n\n\n\n<li>capacita os funcion\u00e1rios a enfrentar desafios com mais confian\u00e7a e criatividade;<\/li>\n\n\n\n<li>aumenta a qualidade do trabalho ao garantir que todos tenham acesso a oportunidades de desenvolvimento.<\/li>\n<\/ul>\n\n\n\n<h3 class=\"wp-block-heading\"><strong>Aumento da motiva\u00e7\u00e3o e engajamento<\/strong><\/h3>\n\n\n\n<p>Al\u00e9m de melhorar o desempenho, o <strong>desenvolvimento profissional inclusivo<\/strong> tamb\u00e9m aumenta a motiva\u00e7\u00e3o e o engajamento dos colaboradores:<\/p>\n\n\n\n<ul class=\"wp-block-list\">\n<li>colaboradores se sentem valorizados e reconhecidos quando a empresa investe em seu desenvolvimento;<\/li>\n\n\n\n<li>programas de desenvolvimento aumentam a satisfa\u00e7\u00e3o no trabalho, reduzindo a rotatividade;<\/li>\n\n\n\n<li>promove um ambiente de trabalho inclusivo e colaborativo.<\/li>\n<\/ul>\n\n\n\n<h2 class=\"wp-block-heading\"><strong>Quais s\u00e3o as estrat\u00e9gias para implementar programas de desenvolvimento inclusivo?<\/strong><\/h2>\n\n\n\n<p>Para implementar <strong>programas de desenvolvimento inclusivo<\/strong> de forma eficaz, \u00e9 necess\u00e1rio adotar estrat\u00e9gias espec\u00edficas que garantam a inclus\u00e3o e a acessibilidade.&nbsp;<\/p>\n\n\n\n<h3 class=\"wp-block-heading\"><strong>Parcerias com institui\u00e7\u00f5es de ensino<\/strong><\/h3>\n\n\n\n<p>Estabelecer parcerias com institui\u00e7\u00f5es de ensino pode, sem d\u00favida, enriquecer os programas de desenvolvimento profissional:<\/p>\n\n\n\n<ul class=\"wp-block-list\">\n<li>institui\u00e7\u00f5es de ensino oferecem acesso a recursos e conhecimentos especializados;<\/li>\n\n\n\n<li>desenvolvem programas personalizados para atender \u00e0s necessidades espec\u00edficas dos colaboradores;<\/li>\n\n\n\n<li>oferecem certifica\u00e7\u00f5es que reconhecem oficialmente o desenvolvimento das compet\u00eancias dos colaboradores.<\/li>\n<\/ul>\n\n\n\n<h3 class=\"wp-block-heading\"><strong>Utiliza\u00e7\u00e3o de tecnologias assistivas<\/strong><\/h3>\n\n\n\n<p>O uso de <a href=\"https:\/\/iigual.com.br\/blog\/tecnologias-assistivas\/\" target=\"_blank\" rel=\"noreferrer noopener\">tecnologias assistivas<\/a> \u00e9 essencial, a fim de garantir a acessibilidade dos programas:<\/p>\n\n\n\n<ul class=\"wp-block-list\">\n<li>softwares de leitura de tela, reconhecimento de voz e outras ferramentas que facilitam aprender;<\/li>\n\n\n\n<li>dispositivos que ajudam a superar barreiras f\u00edsicas e tecnol\u00f3gicas;<\/li>\n\n\n\n<li>sistemas que suportam formatos acess\u00edveis e oferecem um aprendizado mais flex\u00edvel.<\/li>\n<\/ul>\n\n\n\n<h2 class=\"wp-block-heading\"><strong>Perguntas frequentes sobre o desenvolvimento profissional inclusivo &#8211; FAQ<\/strong><\/h2>\n\n\n\n<h3 class=\"wp-block-heading\"><strong>Quais s\u00e3o os principais componentes de um programa de desenvolvimento profissional inclusivo?<\/strong><\/h3>\n\n\n\n<p>Os principais componentes incluem, ent\u00e3o, avalia\u00e7\u00e3o de necessidades e habilidades dos colaboradores, metas de desenvolvimento personalizadas, programas de mentoria e coaching, treinos e workshops acess\u00edveis, chances de avan\u00e7o na carreira e suporte cont\u00ednuo.<\/p>\n\n\n\n<h3 class=\"wp-block-heading\"><strong>Quem se beneficia de um programa de desenvolvimento profissional inclusivo?<\/strong><\/h3>\n\n\n\n<p>Todos os que se beneficiam, mas em especial, aqueles de grupos sub-representados, incluindo pessoas com defici\u00eancia, mulheres, minorias \u00e9tnicas, LGBTQ+ e outros. Isso, portanto, promove uma cultura inclusiva e equitativa.<\/p>\n\n\n\n<h3 class=\"wp-block-heading\"><strong>Como garantir que os programas de desenvolvimento profissional sejam inclusivos?<\/strong><\/h3>\n\n\n\n<p>Para garantir a inclus\u00e3o, \u00e9 vital, ent\u00e3o, oferecer treinos acess\u00edveis a todos, adaptar materiais e m\u00e9todos de ensino para atender diferentes necessidades, promover uma cultura de respeito e valoriza\u00e7\u00e3o da diversidade.<\/p>\n\n\n\n<p>Tamb\u00e9m \u00e9 preciso envolver l\u00edderes e gestores no processo de inclus\u00e3o, bem como, monitorar e avaliar a efic\u00e1cia dos programas regularmente.<\/p>\n\n\n\n<h3 class=\"wp-block-heading\"><strong>Quais s\u00e3o os desafios comuns no desenvolvimento profissional inclusivo?<\/strong><\/h3>\n\n\n\n<p>Alguns desafios incluem, por exemplo, superar vieses inconscientes, garantir a acessibilidade f\u00edsica e digital, al\u00e9m disso, enfrentar resist\u00eancia \u00e0 mudan\u00e7a, obter o comprometimento de toda a empresa e medir o impacto de iniciativas inclusivas.<\/p>\n\n\n\n<h3 class=\"wp-block-heading\"><strong>Como medir o sucesso de programas de desenvolvimento profissional inclusivo?<\/strong><\/h3>\n\n\n\n<p>O sucesso pode ser medido por meio de feedback dos membros da equipe, bem como, taxas de reten\u00e7\u00e3o e satisfa\u00e7\u00e3o dos colaboradores, diversidade nas promo\u00e7\u00f5es e chances reais de avan\u00e7o, avalia\u00e7\u00f5es de desempenho e resultados de pesquisas de <a href=\"https:\/\/iigual.com.br\/blog\/clima-organizacional-o-que-e\/\">clima organizacional<\/a>.<\/p>\n","protected":false},"excerpt":{"rendered":"<p>O desenvolvimento profissional \u00e9 vital para todos, incluindo as pessoas com defici\u00eancia. Assim, este artigo mostra programas eficazes e os benef\u00edcios, a fim de destacar a import\u00e2ncia de criar oportunidades para todos. O que \u00e9 um desenvolvimento profissional? O desenvolvimento profissional \u00e9 um processo cont\u00ednuo de melhoria das compet\u00eancias e habilidades dos colaboradores, para melhorar [&hellip;]<\/p>\n","protected":false},"author":7,"featured_media":4953,"comment_status":"open","ping_status":"open","sticky":false,"template":"","format":"standard","meta":{"footnotes":""},"categories":[994],"tags":[],"class_list":["post-4951","post","type-post","status-publish","format-standard","has-post-thumbnail","hentry","category-treinamento"],"_links":{"self":[{"href":"https:\/\/iigual.com.br\/blog\/wp-json\/wp\/v2\/posts\/4951","targetHints":{"allow":["GET"]}}],"collection":[{"href":"https:\/\/iigual.com.br\/blog\/wp-json\/wp\/v2\/posts"}],"about":[{"href":"https:\/\/iigual.com.br\/blog\/wp-json\/wp\/v2\/types\/post"}],"author":[{"embeddable":true,"href":"https:\/\/iigual.com.br\/blog\/wp-json\/wp\/v2\/users\/7"}],"replies":[{"embeddable":true,"href":"https:\/\/iigual.com.br\/blog\/wp-json\/wp\/v2\/comments?post=4951"}],"version-history":[{"count":3,"href":"https:\/\/iigual.com.br\/blog\/wp-json\/wp\/v2\/posts\/4951\/revisions"}],"predecessor-version":[{"id":4959,"href":"https:\/\/iigual.com.br\/blog\/wp-json\/wp\/v2\/posts\/4951\/revisions\/4959"}],"wp:featuredmedia":[{"embeddable":true,"href":"https:\/\/iigual.com.br\/blog\/wp-json\/wp\/v2\/media\/4953"}],"wp:attachment":[{"href":"https:\/\/iigual.com.br\/blog\/wp-json\/wp\/v2\/media?parent=4951"}],"wp:term":[{"taxonomy":"category","embeddable":true,"href":"https:\/\/iigual.com.br\/blog\/wp-json\/wp\/v2\/categories?post=4951"},{"taxonomy":"post_tag","embeddable":true,"href":"https:\/\/iigual.com.br\/blog\/wp-json\/wp\/v2\/tags?post=4951"}],"curies":[{"name":"wp","href":"https:\/\/api.w.org\/{rel}","templated":true}]}}