{"id":4389,"date":"2024-03-21T07:00:00","date_gmt":"2024-03-21T10:00:00","guid":{"rendered":"https:\/\/iigual.com.br\/blog\/?p=4389"},"modified":"2024-03-18T09:45:53","modified_gmt":"2024-03-18T12:45:53","slug":"tipos-de-preconceitos","status":"publish","type":"post","link":"https:\/\/iigual.com.br\/blog\/tipos-de-preconceitos\/","title":{"rendered":"Veja como diminuir os preconceitos na sele\u00e7\u00e3o de pessoas com defici\u00eancia"},"content":{"rendered":"\n<p><strong>Preconceitos<\/strong>, cren\u00e7as negativas e vi\u00e9s inconsciente s\u00e3o um desafio comum na sele\u00e7\u00e3o de pessoas com defici\u00eancia. No entanto, driblar as obje\u00e7\u00f5es, \u00e9 um dever moral essencial para as empresas que desejam ser mais justas e inclusivas.&nbsp;<\/p>\n\n\n\n<h2 class=\"wp-block-heading\">Como os preconceitos afetam a sele\u00e7\u00e3o de pessoas com defici\u00eancia?<\/h2>\n\n\n\n<p>Os<strong> preconceitos<\/strong> podem afetar a sele\u00e7\u00e3o de pessoas com defici\u00eancias de diversas formas. Em primeiro lugar, eles podem levar quem est\u00e1 \u00e0 frente da recruta a fazer suposi\u00e7\u00f5es que s\u00e3o injustas sobre a capacidade dos candidatos com defici\u00eancia&nbsp;<\/p>\n\n\n\n<p>Isto \u00e9, eles podem permitir que as cren\u00e7as negativas tenham influ\u00eancia na hora de tomar uma decis\u00e3o. Desse modo, como efeito, eles podem subestimar o potencial dos candidatos para o cargo. Bem como, criar uma avalia\u00e7\u00e3o desigual e injusta.&nbsp;<\/p>\n\n\n\n<p>Como resultado, h\u00e1 uma sele\u00e7\u00e3o que n\u00e3o condiz ou n\u00e3o consegue captar os verdadeiros pontos fortes e fracos dos candidatos. Neste contexto, isso pode excluir pessoas de fato capacitadas para o trabalho.&nbsp;<\/p>\n\n\n\n<p>Isso n\u00e3o prejudica apenas quem busca uma vaga, como tamb\u00e9m priva a empresa de contar com talentos que podem ser valiosos e faz com que o ambiente de trabalho se torne menos diverso e inclusivo.<\/p>\n\n\n\n<h3 class=\"wp-block-heading\">A perda de diversidade e a inova\u00e7\u00e3o&nbsp;<\/h3>\n\n\n\n<p>Ao limitar o acesso de candidatos com defici\u00eancia \u00e0s vagas de emprego, as empresas perdem a chance de ter perspectivas que s\u00e3o novas e \u00fanicas. Bem como, de fazer com que as equipes tenham uma gama de experi\u00eancias mais diversa.<\/p>\n\n\n\n<p>E a diversidade \u00e9 um fator crucial para a inova\u00e7\u00e3o. Assim, tudo resultando em exclus\u00e3o limita o potencial criativo e de solu\u00e7\u00e3o dos problemas de uma empresa. Portanto, invista tempo para ouvir<a href=\"https:\/\/iigual.com.br\/blog\/podcasts-sobre-inclusao\/\" target=\"_blank\" rel=\"noreferrer noopener\"> podcasts sobre inclus\u00e3o<\/a>&nbsp;<\/p>\n\n\n\n<h2 class=\"wp-block-heading\">Qual \u00e9 o impacto dos preconceitos?<\/h2>\n\n\n\n<p>O impacto dos <strong>preconceitos <\/strong>\u00e9 enorme e afeta tanto os candidatos quanto as empresas. Isso porque, por um lado, os desafios que os candidatos com defici\u00eancia enfrentam no cotidiano da busca por emprego, faz com que eles se sintam exclu\u00eddos e isso pode minar:<\/p>\n\n\n\n<ul class=\"wp-block-list\">\n<li>a confian\u00e7a;<\/li>\n\n\n\n<li>a autoestima;<\/li>\n\n\n\n<li>o crescimento.&nbsp;<\/li>\n<\/ul>\n\n\n\n<p>Com isso, eles acabam tendo lacunas em seus curr\u00edculos. Por consequ\u00eancia, torna-se mais dif\u00edcil que eles cres\u00e7am em uma carreira. Contudo, as pr\u00e1ticas que como efeito possam discriminar, tamb\u00e9m s\u00e3o ruins para as empresas.&nbsp;<\/p>\n\n\n\n<p>Isso porque, elas podem causar a\u00e7\u00f5es legais contra a empresa. Mas tamb\u00e9m, porque isso pode afetar tanto a marca quanto a reputa\u00e7\u00e3o. Afinal, os clientes est\u00e3o cada vez mais engajados em se associar a empresas que s\u00e3o plurais, diversas e inclusivas.<\/p>\n\n\n<div class=\"wp-block-image\">\n<figure class=\"aligncenter size-full\"><img loading=\"lazy\" decoding=\"async\" width=\"1200\" height=\"800\" src=\"https:\/\/iigual.com.br\/blog\/wp-content\/uploads\/2024\/03\/Interna_2-_preconceitos.jpg\" alt=\"Veja como diminuir os preconceitos na sele\u00e7\u00e3o de pessoas com defici\u00eancia\" class=\"wp-image-4391\" srcset=\"https:\/\/iigual.com.br\/blog\/wp-content\/uploads\/2024\/03\/Interna_2-_preconceitos.jpg 1200w, https:\/\/iigual.com.br\/blog\/wp-content\/uploads\/2024\/03\/Interna_2-_preconceitos-300x200.jpg 300w, https:\/\/iigual.com.br\/blog\/wp-content\/uploads\/2024\/03\/Interna_2-_preconceitos-1024x683.jpg 1024w, https:\/\/iigual.com.br\/blog\/wp-content\/uploads\/2024\/03\/Interna_2-_preconceitos-768x512.jpg 768w, https:\/\/iigual.com.br\/blog\/wp-content\/uploads\/2024\/03\/Interna_2-_preconceitos-750x500.jpg 750w, https:\/\/iigual.com.br\/blog\/wp-content\/uploads\/2024\/03\/Interna_2-_preconceitos-1140x760.jpg 1140w\" sizes=\"auto, (max-width: 1200px) 100vw, 1200px\" \/><figcaption class=\"wp-element-caption\">O impacto dos preconceitos durante a sele\u00e7\u00e3o pode tirar a chance de bons candidatos. Foto: Freepik&nbsp;<\/figcaption><\/figure>\n<\/div>\n\n\n<h2 class=\"wp-block-heading\">Como identificar os preconceitos na entrevista?&nbsp;<\/h2>\n\n\n\n<p>Em primeiro lugar, identificar os <strong>preconceitos <\/strong>na entrevista de pessoas com defici\u00eancia, requer que os times de RH tenham um treino regular. Assim, eles devem participar de cursos e workshops que falem da diversidade e tamb\u00e9m de como<a href=\"https:\/\/iigual.com.br\/blog\/valorizar-sinonimo\/\" target=\"_blank\" rel=\"noreferrer noopener\"> valorizar<\/a> a inclus\u00e3o.&nbsp;&nbsp;<\/p>\n\n\n\n<p>Isso \u00e9 crucial, at\u00e9 mesmo para que eles possam saber a import\u00e2ncia de uma postura imparcial durante as entrevistas. Sob o mesmo ponto de vista, \u00e9 \u00f3timo para quem recruta adotar o h\u00e1bito de, antes de uma avalia\u00e7\u00e3o, fazer uma reflex\u00e3o pessoal sobre:<\/p>\n\n\n\n<ul class=\"wp-block-list\">\n<li>suposi\u00e7\u00f5es em rela\u00e7\u00e3o \u00e0 capacidade dos candidatos;<\/li>\n\n\n\n<li>cren\u00e7as com vi\u00e9s sobre as habilidade deles;<\/li>\n\n\n\n<li>experi\u00eancias anteriores que podem causar generaliza\u00e7\u00e3o.&nbsp;<\/li>\n<\/ul>\n\n\n\n<p>Em outras palavras, um dos primeiros passos para identificar, \u00e9 questionar e desafiar qualquer cren\u00e7a negativa ou com vi\u00e9s sobre os candidatos com defici\u00eancia. Ent\u00e3o, entenda melhor o<a href=\"https:\/\/iigual.com.br\/blog\/capacitismo\/\" target=\"_blank\" rel=\"noreferrer noopener\"> capacitismo<\/a> e como evitar.<\/p>\n\n\n\n<p>Isso inclui rejeitar estere\u00f3tipos comuns e reconhecer que as pessoas com defici\u00eancia s\u00e3o diversas em suas habilidades, experi\u00eancias e realiza\u00e7\u00f5es.<\/p>\n\n\n\n<h2 class=\"wp-block-heading\">Como diminuir os preconceitos na entrevista de sele\u00e7\u00e3o?&nbsp;&nbsp;<\/h2>\n\n\n\n<p>Uma das principais formas de diminuir ou mitigar os<strong> preconceitos<\/strong> na sele\u00e7\u00e3o \u00e9 usar uma entrevista estruturada. Ou seja, que siga um padr\u00e3o, que tenha perguntas objetivas e com o foco em quest\u00f5es de fato \u00fateis para o cargo,&nbsp;&nbsp;<\/p>\n\n\n\n<p>Al\u00e9m disso, outro ponto vital, \u00e9 revisar de forma regular as pr\u00e1ticas de sele\u00e7\u00e3o. Isso serve para descobrir as \u00e1reas que precisam de melhorias. Assim, isso envolve, entre outras coisas:<\/p>\n\n\n\n<ul class=\"wp-block-list\">\n<li>fazer a an\u00e1lise dos resultados da entrevista;<\/li>\n\n\n\n<li>obter o feedback dos candidatos;&nbsp;<\/li>\n\n\n\n<li>monitorar o cumprimento das pol\u00edticas de inclus\u00e3o.&nbsp;&nbsp;<\/li>\n<\/ul>\n\n\n\n<p>Ter uma equipe plural e diversa no RH como um todo, tamb\u00e9m \u00e9 muito \u00fatil para uma sele\u00e7\u00e3o mais imparcial. Isso porque, um time com pessoas de diferentes origens e perspectivas garante mais pontos de vistas e ajuda a evitar vieses individuais.&nbsp;&nbsp;<\/p>\n\n\n\n<h3 class=\"wp-block-heading\">Desafie as cren\u00e7as<\/h3>\n\n\n\n<p>Desafiar as cren\u00e7as sobre as pessoas com defici\u00eancia, pode demandar<a href=\"https:\/\/ci.cps.sp.gov.br\/informativos-da-ci\/o-autoconhecimento-para-melhoria-continua\/\" target=\"_blank\" rel=\"noreferrer noopener\"> autoconhecimento para melhoria cont\u00ednua<\/a>. Mas, \u00e9 um passo crucial para garantir uma sele\u00e7\u00e3o justa e inclusiva. Assim, \u00e9 vital sempre ter em mente que as<a href=\"https:\/\/iigual.com.br\/blog\/pessoa-com-deficiencia\/\" target=\"_blank\" rel=\"noreferrer noopener\"> pessoas com defici\u00eancia<\/a> s\u00e3o diversas em:<\/p>\n\n\n\n<ul class=\"wp-block-list\">\n<li>suas experi\u00eancias;<\/li>\n\n\n\n<li>suas habilidades;<\/li>\n\n\n\n<li>suas realiza\u00e7\u00f5es.&nbsp;<\/li>\n<\/ul>\n\n\n\n<p>Ou seja, assumir que todos os candidatos com defici\u00eancia t\u00eam limita\u00e7\u00f5es semelhantes \u00e9, em geral, redutor e injusto. Afinal, cada indiv\u00edduo \u00e9 \u00fanico e pode trazer uma s\u00e9rie de talentos para o local de trabalho.<\/p>\n\n\n\n<h2 class=\"wp-block-heading\">As pol\u00edticas de inclus\u00e3o ajudam a combater preconceitos?<\/h2>\n\n\n\n<p>Sim, as pol\u00edticas de inclus\u00e3o podem ajudar a combater os preconceitos. Isso porque, quando elas s\u00e3o claras e amplas, criam o tom de um ambiente de trabalho inclusivo. Dessa forma, as pessoas sentem que existe o respeito e o valor independente da:<\/p>\n\n\n\n<ul class=\"wp-block-list\">\n<li>cor;<\/li>\n\n\n\n<li>credo;\u00a0<\/li>\n\n\n\n<li>condi\u00e7\u00e3o.\u00a0\u00a0<\/li>\n<\/ul>\n\n\n\n<p>Para os candidatos com defici\u00eancia, isso pode significar o acesso justo a um emprego. Bem como, a chance de ter um avan\u00e7o profissional com oportunidades que os leve a crescer na carreira sem discrimina\u00e7\u00e3o ou vi\u00e9s.&nbsp;<\/p>\n\n\n<div class=\"wp-block-image\">\n<figure class=\"aligncenter size-full\"><img loading=\"lazy\" decoding=\"async\" width=\"1200\" height=\"800\" src=\"https:\/\/iigual.com.br\/blog\/wp-content\/uploads\/2024\/03\/Interna_1-_preconceitos.jpg\" alt=\"Veja como diminuir os preconceitos na sele\u00e7\u00e3o de pessoas com defici\u00eancia\" class=\"wp-image-4390\" srcset=\"https:\/\/iigual.com.br\/blog\/wp-content\/uploads\/2024\/03\/Interna_1-_preconceitos.jpg 1200w, https:\/\/iigual.com.br\/blog\/wp-content\/uploads\/2024\/03\/Interna_1-_preconceitos-300x200.jpg 300w, https:\/\/iigual.com.br\/blog\/wp-content\/uploads\/2024\/03\/Interna_1-_preconceitos-1024x683.jpg 1024w, https:\/\/iigual.com.br\/blog\/wp-content\/uploads\/2024\/03\/Interna_1-_preconceitos-768x512.jpg 768w, https:\/\/iigual.com.br\/blog\/wp-content\/uploads\/2024\/03\/Interna_1-_preconceitos-750x500.jpg 750w, https:\/\/iigual.com.br\/blog\/wp-content\/uploads\/2024\/03\/Interna_1-_preconceitos-1140x760.jpg 1140w\" sizes=\"auto, (max-width: 1200px) 100vw, 1200px\" \/><figcaption class=\"wp-element-caption\">Combater os preconceitos desde a sele\u00e7\u00e3o pode tornar a empresa mais inclusiva. Foto: Freepik&nbsp;<\/figcaption><\/figure>\n<\/div>\n\n\n<h3 class=\"wp-block-heading\">O efeito de uma boa lideran\u00e7a<\/h3>\n\n\n\n<p>As pol\u00edticas de inclus\u00e3o s\u00e3o mais eficazes quando s\u00e3o apoiadas por uma boa lideran\u00e7a. Pois, os l\u00edderes que t\u00eam um forte elo com a inclus\u00e3o, tanto em suas palavras quanto em suas a\u00e7\u00f5es, conseguem manter um tom positivo nas a\u00e7\u00f5es.<\/p>\n\n\n\n<p>Com isso, eles inspiram outros a seguirem seu exemplo. Desse modo, ajudam a criar uma cultura que seja, de fato, inclusiva. Portanto, veja tamb\u00e9m como a<a href=\"https:\/\/urh.cps.sp.gov.br\/cultura-organizacional-impacta-diretamente-na-motivacao-dos-trabalhadores\/\" target=\"_blank\" rel=\"noreferrer noopener\"> cultura organizacional impacta na motiva\u00e7\u00e3o dos trabalhadores.<\/a><\/p>\n","protected":false},"excerpt":{"rendered":"<p>Preconceitos, cren\u00e7as negativas e vi\u00e9s inconsciente s\u00e3o um desafio comum na sele\u00e7\u00e3o de pessoas com defici\u00eancia. No entanto, driblar as obje\u00e7\u00f5es, \u00e9 um dever moral essencial para as empresas que desejam ser mais justas e inclusivas.&nbsp; Como os preconceitos afetam a sele\u00e7\u00e3o de pessoas com defici\u00eancia? Os preconceitos podem afetar a sele\u00e7\u00e3o de pessoas com [&hellip;]<\/p>\n","protected":false},"author":7,"featured_media":4392,"comment_status":"open","ping_status":"open","sticky":false,"template":"","format":"standard","meta":{"footnotes":""},"categories":[6],"tags":[101,1279,708],"class_list":["post-4389","post","type-post","status-publish","format-standard","has-post-thumbnail","hentry","category-rh-inclusivo","tag-pessoas-com-deficiencia","tag-preconceitos","tag-processo-seletivo"],"_links":{"self":[{"href":"https:\/\/iigual.com.br\/blog\/wp-json\/wp\/v2\/posts\/4389","targetHints":{"allow":["GET"]}}],"collection":[{"href":"https:\/\/iigual.com.br\/blog\/wp-json\/wp\/v2\/posts"}],"about":[{"href":"https:\/\/iigual.com.br\/blog\/wp-json\/wp\/v2\/types\/post"}],"author":[{"embeddable":true,"href":"https:\/\/iigual.com.br\/blog\/wp-json\/wp\/v2\/users\/7"}],"replies":[{"embeddable":true,"href":"https:\/\/iigual.com.br\/blog\/wp-json\/wp\/v2\/comments?post=4389"}],"version-history":[{"count":2,"href":"https:\/\/iigual.com.br\/blog\/wp-json\/wp\/v2\/posts\/4389\/revisions"}],"predecessor-version":[{"id":4398,"href":"https:\/\/iigual.com.br\/blog\/wp-json\/wp\/v2\/posts\/4389\/revisions\/4398"}],"wp:featuredmedia":[{"embeddable":true,"href":"https:\/\/iigual.com.br\/blog\/wp-json\/wp\/v2\/media\/4392"}],"wp:attachment":[{"href":"https:\/\/iigual.com.br\/blog\/wp-json\/wp\/v2\/media?parent=4389"}],"wp:term":[{"taxonomy":"category","embeddable":true,"href":"https:\/\/iigual.com.br\/blog\/wp-json\/wp\/v2\/categories?post=4389"},{"taxonomy":"post_tag","embeddable":true,"href":"https:\/\/iigual.com.br\/blog\/wp-json\/wp\/v2\/tags?post=4389"}],"curies":[{"name":"wp","href":"https:\/\/api.w.org\/{rel}","templated":true}]}}