{"id":4323,"date":"2024-02-29T08:00:00","date_gmt":"2024-02-29T11:00:00","guid":{"rendered":"https:\/\/iigual.com.br\/blog\/?p=4323"},"modified":"2024-02-29T12:48:19","modified_gmt":"2024-02-29T15:48:19","slug":"trainee-o-que-e","status":"publish","type":"post","link":"https:\/\/iigual.com.br\/blog\/trainee-o-que-e\/","title":{"rendered":"Como criar programas de trainee inclusivos?"},"content":{"rendered":"\n<p>Um programa de <strong>trainee <\/strong>\u00e9 uma \u00f3tima forma de atrair e reter talentos para a sua empresa sem levar em conta as suas diferen\u00e7as. Neste artigo, voc\u00ea vai ver dicas para criar um bom projeto que ir\u00e1 ajudar a sua organiza\u00e7\u00e3o a ter sucesso, ent\u00e3o, confira.<\/p>\n\n\n\n<h2 class=\"wp-block-heading\">O que \u00e9 um programa de trainee inclusivo?<\/h2>\n\n\n\n<p>Um programa de <strong>trainee <\/strong>inclusivo se trata do processo no qual a empresa busca recrutar profissionais com a inten\u00e7\u00e3o de promover a diversidade e inclus\u00e3o. Em suma, isso inclui pessoas com as mais diferentes caracter\u00edsticas, seja pela sua:<\/p>\n\n\n\n<ul class=\"wp-block-list\">\n<li>cor da pele;<\/li>\n\n\n\n<li>religi\u00e3o;<\/li>\n\n\n\n<li>etnia;<\/li>\n\n\n\n<li>defici\u00eancia f\u00edsica ou mental;<\/li>\n\n\n\n<li>g\u00eanero;<\/li>\n\n\n\n<li>orienta\u00e7\u00e3o sexual;<\/li>\n\n\n\n<li>habilidades;<\/li>\n\n\n\n<li>origem socioecon\u00f4mica.<\/li>\n<\/ul>\n\n\n\n<p>O foco desse tipo de projeto \u00e9 dar equidade de oportunidades para todos, sem que a sua diferen\u00e7a seja algo que o exclua. Dessa forma, a empresa que adota o programa, pode atrair muitos talentos, al\u00e9m de poder desenvolv\u00ea-los em prol da marca e ret\u00ea-los.<\/p>\n\n\n\n<p>Cada etapa que comp\u00f5e a sua estrutura visa eliminar vieses inconscientes, bem como qualquer tipo de preconceito com o candidato. Assim, h\u00e1 a garantia de que a decis\u00e3o de contratar ou n\u00e3o a pessoa seja com base na sua t\u00e9cnica, habilidade e m\u00e9rito.<\/p>\n\n\n\n<p>O compromisso da empresa que adota o programa \u00e9 conferir equidade a todos, a fim de promover a diversidade em sua cultura. Ao passo que, os escolhidos ter\u00e3o a chance de desenvolver as suas compet\u00eancias para se tornar um profissional cada vez melhor.<\/p>\n\n\n<div class=\"wp-block-image\">\n<figure class=\"aligncenter size-large is-resized\"><img loading=\"lazy\" decoding=\"async\" width=\"1024\" height=\"683\" src=\"https:\/\/iigual.com.br\/blog\/wp-content\/uploads\/2024\/02\/INTERNA1_Trainee-1024x683.jpg\" alt=\"Como criar programas de trainee inclusivos?\" class=\"wp-image-4325\" style=\"width:1170px;height:auto\" srcset=\"https:\/\/iigual.com.br\/blog\/wp-content\/uploads\/2024\/02\/INTERNA1_Trainee-1024x683.jpg 1024w, https:\/\/iigual.com.br\/blog\/wp-content\/uploads\/2024\/02\/INTERNA1_Trainee-300x200.jpg 300w, https:\/\/iigual.com.br\/blog\/wp-content\/uploads\/2024\/02\/INTERNA1_Trainee-768x512.jpg 768w, https:\/\/iigual.com.br\/blog\/wp-content\/uploads\/2024\/02\/INTERNA1_Trainee-750x500.jpg 750w, https:\/\/iigual.com.br\/blog\/wp-content\/uploads\/2024\/02\/INTERNA1_Trainee-1140x760.jpg 1140w, https:\/\/iigual.com.br\/blog\/wp-content\/uploads\/2024\/02\/INTERNA1_Trainee.jpg 1200w\" sizes=\"auto, (max-width: 1024px) 100vw, 1024px\" \/><figcaption class=\"wp-element-caption\">Um programa de trainee inclusivo tem como foco dar oportunidade para pessoas diversas. Imagem de Ivan Samkov no Pexels.<\/figcaption><\/figure>\n<\/div>\n\n\n<h2 class=\"wp-block-heading\">Como criar programas de trainee inclusivos?<\/h2>\n\n\n\n<p>Para criar programas de <strong>trainee <\/strong>inclusivos, a empresa precisa que a <a href=\"https:\/\/iigual.com.br\/blog\/lideranca-humanizada\/\" target=\"_blank\" rel=\"noreferrer noopener\">lideran\u00e7a humanizada<\/a> que se comprometa com o projeto e faz\u00ea-lo dar certo. Afinal, o apoio da alta c\u00fapula \u00e9 vital para a diversidade na organiza\u00e7\u00e3o.<\/p>\n\n\n\n<p>Ap\u00f3s ter a certeza do foco de todos, \u00e9 a hora de definir quais s\u00e3o as metas a atingir. Em suma, antes de chegar at\u00e9 tal ponto, fa\u00e7a uma an\u00e1lise das necessidades da empresa, bem como as \u00e1reas onde o programa ir\u00e1 fortalecer.<\/p>\n\n\n\n<p>O processo de recrutamento \u00e9 uma parte crucial do projeto, por isso, voc\u00ea deve examin\u00e1-lo para eliminar vieses inconscientes que podem haver. A princ\u00edpio, h\u00e1 algumas a\u00e7\u00f5es a se tomar, por exemplo, realizar entrevistas cegas.&nbsp;<\/p>\n\n\n\n<p>Essa pr\u00e1tica \u00e9 uma forma de analisar apenas a compet\u00eancia, habilidade, t\u00e9cnica e <a href=\"https:\/\/cer.sebrae.com.br\/observatorio\/soft-skills\/\" target=\"_blank\" rel=\"noreferrer noopener\">soft skills<\/a> do candidato, ou seja, apenas o seu m\u00e9rito. Al\u00e9m disso, veja os curr\u00edculos que est\u00e3o na empresa e foram engavetados e os avalie para saber o porqu\u00ea n\u00e3o foram contratados.<\/p>\n\n\n\n<h3 class=\"wp-block-heading\">Amplie as fontes de recrutamento<\/h3>\n\n\n\n<p>Para que a sua empresa atraia cada vez mais candidatos diversos, \u00e9 vital que voc\u00ea amplie as fontes de recrutamento. Em suma, uma boa forma de fazer isso \u00e9 por meio de parcerias com \u00f3rg\u00e3os e institui\u00e7\u00f5es cujo foco \u00e9 conferir equidade a pessoas diversas.<\/p>\n\n\n\n<p>Isso, no entanto, deve estar com uma boa proposta de carreira, bem como a garantia de que todos ter\u00e3o as mesmas oportunidades. A princ\u00edpio, elimine do da etapa de sele\u00e7\u00e3o os requisitos que podem levar a exclus\u00e3o de algum candidato de uma forma desnecess\u00e1ria.<\/p>\n\n\n\n<h3 class=\"wp-block-heading\">Apoio e mentoria<\/h3>\n\n\n\n<p>No programa, d\u00ea apoio e mentoria para as pessoas que ir\u00e3o preencher os cargos. A ideia aqui \u00e9 que os novos funcion\u00e1rios que ir\u00e3o ocupar as vagas de<strong> trainee<\/strong> tenham o devido suporte para exercer suas fun\u00e7\u00f5es.<\/p>\n\n\n\n<p>Entenda que, a depender da condi\u00e7\u00e3o, h\u00e1 aqueles que ter\u00e3o algum tipo de dificuldade e desafio maior, por conta de sua defici\u00eancia. Por isso, considere isso a fim de ajud\u00e1-lo a se adaptar \u00e0s suas atividades.<\/p>\n\n\n\n<h3 class=\"wp-block-heading\">Treinamento em inclus\u00e3o e diversidade<\/h3>\n\n\n\n<p>\u00c9 vital citar que durante as etapas, a equipe geral que faz parte da fase de recrutamento deve ter treinamentos sobre diversidade e inclus\u00e3o. Ao passo que, isso os ajudar\u00e1 em todo o processo a ter uma dimens\u00e3o maior sobre o tema e criar\u00e3o uma consci\u00eancia inclusiva.<\/p>\n\n\n\n<p>A alta c\u00fapula da empresa deve estar ciente de tudo sobre o projeto, bem como as pr\u00e1ticas que o RH far\u00e1 para recrutar novos trainees. Ent\u00e3o, \u00e9 crucial que os gestores, mentores e demais respons\u00e1veis estejam a par da inclus\u00e3o.<\/p>\n\n\n\n<h3 class=\"wp-block-heading\">Um bom ambiente de trabalho<\/h3>\n\n\n\n<p>Aqui a ideia \u00e9 bem simples, fazer com que o ambiente de trabalho seja o melhor poss\u00edvel para receber os novos funcion\u00e1rios. Uma vez que eles s\u00e3o dos mais diversos grupos e minorias, o que pode gerar um impacto na equipe, mas a lideran\u00e7a deve prepar\u00e1-los.<\/p>\n\n\n<div class=\"wp-block-image\">\n<figure class=\"aligncenter size-large is-resized\"><img loading=\"lazy\" decoding=\"async\" width=\"1024\" height=\"683\" src=\"https:\/\/iigual.com.br\/blog\/wp-content\/uploads\/2024\/02\/INTERNA2_Trainee-1024x683.jpg\" alt=\"Como criar programas de trainee inclusivos?\" class=\"wp-image-4326\" style=\"width:1170px;height:auto\" srcset=\"https:\/\/iigual.com.br\/blog\/wp-content\/uploads\/2024\/02\/INTERNA2_Trainee-1024x683.jpg 1024w, https:\/\/iigual.com.br\/blog\/wp-content\/uploads\/2024\/02\/INTERNA2_Trainee-300x200.jpg 300w, https:\/\/iigual.com.br\/blog\/wp-content\/uploads\/2024\/02\/INTERNA2_Trainee-768x512.jpg 768w, https:\/\/iigual.com.br\/blog\/wp-content\/uploads\/2024\/02\/INTERNA2_Trainee-750x500.jpg 750w, https:\/\/iigual.com.br\/blog\/wp-content\/uploads\/2024\/02\/INTERNA2_Trainee-1140x760.jpg 1140w, https:\/\/iigual.com.br\/blog\/wp-content\/uploads\/2024\/02\/INTERNA2_Trainee.jpg 1200w\" sizes=\"auto, (max-width: 1024px) 100vw, 1024px\" \/><figcaption class=\"wp-element-caption\">Um programa deve oferecer um bom ambiente de trabalho aos contratados. Imagem de Theo Decker no Pexels.<\/figcaption><\/figure>\n<\/div>\n\n\n<h2 class=\"wp-block-heading\">Qual \u00e9 a import\u00e2ncia de um programa de trainee inclusivo nas empresas?<\/h2>\n\n\n\n<p>Um programa de <strong>trainee <\/strong>inclusivo trar\u00e1 pessoas diversas para a empresa, o que vai gerar uma perspectiva inovadora para a sua equipe. Dessa forma, eles criar\u00e3o solu\u00e7\u00f5es de maior efic\u00e1cia, uma vez que os seus pontos de vista s\u00e3o distintos, o projeto tamb\u00e9m ajuda a:<\/p>\n\n\n\n<ul class=\"wp-block-list\">\n<li>melhorar a cultura organizacional da empresa;<\/li>\n\n\n\n<li>atrair talentos mais diversos;<\/li>\n\n\n\n<li>formar l\u00edderes com foco em inclus\u00e3o;<\/li>\n\n\n\n<li>d\u00e1 vantagem competitiva para a marca;<\/li>\n\n\n\n<li>reduz os vieses;<\/li>\n\n\n\n<li>e muito mais.<\/li>\n<\/ul>\n\n\n\n<p>\u00c9 importante citar que um programa cujo foco \u00e9 dar mais chances de um bom trabalho a pessoas diversas tamb\u00e9m \u00e9 vital para a empresa. Afinal, isso d\u00e1 mais destaque ao seu nome como uma marca de consci\u00eancia social.<\/p>\n\n\n\n<h2 class=\"wp-block-heading\">Como construir um futuro inclusivo na empresa com os programas de trainee?<\/h2>\n\n\n\n<p>Para criar um futuro com o seu programa de <strong>trainee <\/strong>inclusivo, \u00e9 vital ter um forte empenho da lideran\u00e7a para fazer uma <a href=\"https:\/\/iigual.com.br\/blog\/gestao-participativa\/\" target=\"_blank\" rel=\"noreferrer noopener\">gest\u00e3o participativa<\/a>. Em suma, a ideia \u00e9 que eles sejam os pilares da diversidade e inclus\u00e3o.<\/p>\n\n\n\n<p>Avalie tamb\u00e9m toda a etapa de recrutamento, a fim de melhorar as formas de lidar com as pessoas sem ter nenhum tipo de a\u00e7\u00e3o errada. Do mesmo modo, sempre avalie de forma justa o desempenho de cada um.<\/p>\n\n\n\n<p>Fa\u00e7a uma avalia\u00e7\u00e3o cont\u00ednua de tudo o que a empresa considera vital para a sua cultura diversa e ajuste quando julgar necess\u00e1rio. Por fim, crie um ambiente de trabalho acess\u00edvel, no caso de pessoas com defici\u00eancia.<\/p>\n","protected":false},"excerpt":{"rendered":"<p>Um programa de trainee \u00e9 uma \u00f3tima forma de atrair e reter talentos para a sua empresa sem levar em conta as suas diferen\u00e7as. Neste artigo, voc\u00ea vai ver dicas para criar um bom projeto que ir\u00e1 ajudar a sua organiza\u00e7\u00e3o a ter sucesso, ent\u00e3o, confira. O que \u00e9 um programa de trainee inclusivo? Um [&hellip;]<\/p>\n","protected":false},"author":7,"featured_media":4324,"comment_status":"open","ping_status":"open","sticky":false,"template":"","format":"standard","meta":{"footnotes":""},"categories":[4],"tags":[1266,1265],"class_list":["post-4323","post","type-post","status-publish","format-standard","has-post-thumbnail","hentry","category-inclusao","tag-programa-de-trainee","tag-trainee"],"_links":{"self":[{"href":"https:\/\/iigual.com.br\/blog\/wp-json\/wp\/v2\/posts\/4323","targetHints":{"allow":["GET"]}}],"collection":[{"href":"https:\/\/iigual.com.br\/blog\/wp-json\/wp\/v2\/posts"}],"about":[{"href":"https:\/\/iigual.com.br\/blog\/wp-json\/wp\/v2\/types\/post"}],"author":[{"embeddable":true,"href":"https:\/\/iigual.com.br\/blog\/wp-json\/wp\/v2\/users\/7"}],"replies":[{"embeddable":true,"href":"https:\/\/iigual.com.br\/blog\/wp-json\/wp\/v2\/comments?post=4323"}],"version-history":[{"count":1,"href":"https:\/\/iigual.com.br\/blog\/wp-json\/wp\/v2\/posts\/4323\/revisions"}],"predecessor-version":[{"id":4327,"href":"https:\/\/iigual.com.br\/blog\/wp-json\/wp\/v2\/posts\/4323\/revisions\/4327"}],"wp:featuredmedia":[{"embeddable":true,"href":"https:\/\/iigual.com.br\/blog\/wp-json\/wp\/v2\/media\/4324"}],"wp:attachment":[{"href":"https:\/\/iigual.com.br\/blog\/wp-json\/wp\/v2\/media?parent=4323"}],"wp:term":[{"taxonomy":"category","embeddable":true,"href":"https:\/\/iigual.com.br\/blog\/wp-json\/wp\/v2\/categories?post=4323"},{"taxonomy":"post_tag","embeddable":true,"href":"https:\/\/iigual.com.br\/blog\/wp-json\/wp\/v2\/tags?post=4323"}],"curies":[{"name":"wp","href":"https:\/\/api.w.org\/{rel}","templated":true}]}}