{"id":4230,"date":"2024-02-07T08:00:00","date_gmt":"2024-02-07T11:00:00","guid":{"rendered":"https:\/\/iigual.com.br\/blog\/?p=4230"},"modified":"2024-02-03T09:43:23","modified_gmt":"2024-02-03T12:43:23","slug":"gerenciar-sinonimo","status":"publish","type":"post","link":"https:\/\/iigual.com.br\/blog\/gerenciar-sinonimo\/","title":{"rendered":"Como gerenciar um setor focado em diversidade e inclus\u00e3o na empresa?"},"content":{"rendered":"\n<p><strong>Gerenciar <\/strong>a diversidade e inclus\u00e3o em uma empresa n\u00e3o \u00e9 uma tarefa f\u00e1cil, pois \u00e9 vital ter muito apoio da lideran\u00e7a para delegar esse setor. Por isso, este artigo ir\u00e1 destacar para voc\u00ea algumas dicas vitais para p\u00f4r em pr\u00e1tica, bem como os desafios que deve superar.<\/p>\n\n\n\n<h2 class=\"wp-block-heading\">Como gerenciar um setor focado em diversidade e inclus\u00e3o na empresa?<\/h2>\n\n\n\n<p>H\u00e1 muitas formas de<strong> gerenciar <\/strong>a <a href=\"https:\/\/blog.aevo.com.br\/diversidade-e-inclusao\/\" target=\"_blank\" rel=\"noreferrer noopener\">diversidade e inclus\u00e3o<\/a> em uma empresa, em suma, uma delas \u00e9 passar uma vis\u00e3o clara do que se pretende. Ou seja, a lideran\u00e7a precisa deixar evidente os objetivos que deseja alcan\u00e7ar com tais pr\u00e1ticas.<\/p>\n\n\n\n<p>O setor tem como miss\u00e3o eliminar vieses, bem como o preconceito e discrimina\u00e7\u00e3o que h\u00e1 contra os grupos de minoria. Por isso, \u00e9 vital que esse comit\u00ea seja claro nas pol\u00edticas e metas a atingir.<\/p>\n\n\n\n<p>Essa gest\u00e3o precisa tamb\u00e9m de uma an\u00e1lise completa sobre a cultura diversa e inclusiva da empresa para saber o que precisa ser feito. Dessa forma, com base nos dados que obter, tra\u00e7ar estrat\u00e9gias que ajudem a implantar os dois conceitos de uma forma eficaz.<\/p>\n\n\n\n<p>Isso, no entanto, precisa de um apoio m\u00e1ximo dos l\u00edderes, pois \u00e9 a garantia de que a marca tem o comprometimento com a ideia. Assim, todos ir\u00e3o seguir as diretrizes e com o m\u00ednimo de resist\u00eancia poss\u00edvel.<\/p>\n\n\n<div class=\"wp-block-image\">\n<figure class=\"aligncenter size-full\"><img loading=\"lazy\" decoding=\"async\" width=\"1200\" height=\"800\" src=\"https:\/\/iigual.com.br\/blog\/wp-content\/uploads\/2024\/02\/INTERNA1_Gerenciar.jpg\" alt=\"Como gerenciar um setor focado em diversidade e inclus\u00e3o na empresa?\" class=\"wp-image-4232\" srcset=\"https:\/\/iigual.com.br\/blog\/wp-content\/uploads\/2024\/02\/INTERNA1_Gerenciar.jpg 1200w, https:\/\/iigual.com.br\/blog\/wp-content\/uploads\/2024\/02\/INTERNA1_Gerenciar-300x200.jpg 300w, https:\/\/iigual.com.br\/blog\/wp-content\/uploads\/2024\/02\/INTERNA1_Gerenciar-1024x683.jpg 1024w, https:\/\/iigual.com.br\/blog\/wp-content\/uploads\/2024\/02\/INTERNA1_Gerenciar-768x512.jpg 768w, https:\/\/iigual.com.br\/blog\/wp-content\/uploads\/2024\/02\/INTERNA1_Gerenciar-750x500.jpg 750w, https:\/\/iigual.com.br\/blog\/wp-content\/uploads\/2024\/02\/INTERNA1_Gerenciar-1140x760.jpg 1140w\" sizes=\"auto, (max-width: 1200px) 100vw, 1200px\" \/><figcaption class=\"wp-element-caption\">Gerenciar a diversidade e inclus\u00e3o na empresa \u00e9 vital passar uma vis\u00e3o clara de gest\u00e3o. Imagem de Mikhail Nilov no Pexels.<\/figcaption><\/figure>\n<\/div>\n\n\n<h3 class=\"wp-block-heading\">Treinamentos sobre diversidade e inclus\u00e3o<\/h3>\n\n\n\n<p>Outro ponto importante para uma boa gest\u00e3o de diversidade e inclus\u00e3o \u00e9 dar treinamentos. Em s\u00edntese, a ideia \u00e9 que o comit\u00ea passe aulas, palestras e demais modelos de educa\u00e7\u00e3o para ensinar as equipes sobre o assunto.<\/p>\n\n\n\n<p>\u00c9 a partir disso que as pessoas que fazem parte da empresa ter\u00e3o um contato s\u00e9rio com a causa e poder\u00e3o entend\u00ea-la melhor. Al\u00e9m disso, \u00e9 vital promover a aprendizagem cont\u00ednua, uma vez que n\u00e3o basta s\u00f3 falar por alto, \u00e9 crucial ter uma frequ\u00eancia na conscientiza\u00e7\u00e3o.<\/p>\n\n\n\n<h3 class=\"wp-block-heading\">Crie grupos de afinidade<\/h3>\n\n\n\n<p>Os grupos de afinidade \u00e9 uma forma de gerar debate e discuss\u00f5es importantes sobre o tema com pessoas de todos os tipos de segmentos. Em suma, a ideia \u00e9 ter um espa\u00e7o onde todos se sintam seguros para falar sobre as suas d\u00favidas, bem como opini\u00f5es.<\/p>\n\n\n\n<p>Vale frisar que isso \u00e9 vital para a constru\u00e7\u00e3o de uma rede de apoio onde qualquer indiv\u00edduo possa dizer abertamente o que sente. Afinal, o setor de gest\u00e3o de diversidade e inclus\u00e3o precisa dar essa cobertura a eles, visto que \u00e9 uma das miss\u00f5es do comit\u00ea.<\/p>\n\n\n\n<h3 class=\"wp-block-heading\">A participa\u00e7\u00e3o dos funcion\u00e1rios<\/h3>\n\n\n\n<p>O setor de gest\u00e3o de diversidade tamb\u00e9m deve incentivar os funcion\u00e1rios da empresa a participar de todas as iniciativas do comit\u00ea. Em suma, \u00e9 com essas <a href=\"https:\/\/iigual.com.br\/blog\/acoes-de-diversidade-2\/\" target=\"_blank\" rel=\"noreferrer noopener\">a\u00e7\u00f5es de diversidade<\/a> que a empresa ter\u00e1 um ambiente leve e livre de todo tipo de preconceito e discrimina\u00e7\u00e3o.<\/p>\n\n\n\n<p>\u00c9 vital que isso ocorra de forma geral, ou seja, abrange a organiza\u00e7\u00e3o por completo, desde os cargos mais simples at\u00e9 o alto escal\u00e3o. Uma vez que o exemplo deve come\u00e7ar por cima, do l\u00edder, gestor e administra\u00e7\u00e3o.<\/p>\n\n\n\n<h3 class=\"wp-block-heading\">Seja transparente<\/h3>\n\n\n\n<p>A transpar\u00eancia \u00e9 crucial na administra\u00e7\u00e3o da diversidade na sua empresa, uma vez que \u00e9 a partir disso que gera confian\u00e7a no setor. Em s\u00edntese, o comit\u00ea precisa se comunicar de uma forma clara e objetiva e falar abertamente sobre as iniciativas e <a href=\"https:\/\/iigual.com.br\/blog\/medidas-inclusivas\/\" target=\"_blank\" rel=\"noreferrer noopener\">medidas inclusivas<\/a>.<\/p>\n\n\n\n<h2 class=\"wp-block-heading\">Quais s\u00e3o os desafios de gerenciar um setor de diversidade e inclus\u00e3o?<\/h2>\n\n\n\n<p><strong>Gerenciar <\/strong>um setor de diversidade e inclus\u00e3o nas empresas tem v\u00e1rios desafios, como a resist\u00eancia por parte de muitos funcion\u00e1rios a mudan\u00e7as. Em suma, isso \u00e9 comum, mas \u00e9 vital que o l\u00edder, gestor e o corpo administrativo saiba como conduzir a situa\u00e7\u00e3o, al\u00e9m de:<\/p>\n\n\n\n<ul class=\"wp-block-list\">\n<li>uma lideran\u00e7a que n\u00e3o se compromete com a causa;<\/li>\n\n\n\n<li>mensurar os impactos que a diversidade e inclus\u00e3o tem na empresa<\/li>\n\n\n\n<li>a falta de conscientiza\u00e7\u00e3o pode ser um desafio;<\/li>\n\n\n\n<li>restri\u00e7\u00e3o de capital para o setor, uma vez que a empresa pode n\u00e3o dispor recursos;<\/li>\n\n\n\n<li>desafios da mudan\u00e7a de cultura interna;<\/li>\n\n\n\n<li>aplicar pol\u00edticas, bem como medidas que visam a inclus\u00e3o na empresa;<\/li>\n\n\n\n<li>equidade de sal\u00e1rio pode ser mal vista por muitos funcion\u00e1rios.<\/li>\n<\/ul>\n\n\n\n<p>S\u00e3o esses os desafios mais comuns que o setor pode enfrentar ao tentar gerir de uma forma eficiente a diversidade e inclus\u00e3o na empresa. Todavia, \u00e9 crucial que o todo o corpo de gest\u00e3o seja flex\u00edvel para se adaptar a todo tipo de problema que surgir e combat\u00ea-los.<\/p>\n\n\n<div class=\"wp-block-image\">\n<figure class=\"aligncenter size-full\"><img loading=\"lazy\" decoding=\"async\" width=\"1200\" height=\"800\" src=\"https:\/\/iigual.com.br\/blog\/wp-content\/uploads\/2024\/02\/INTERNA2_Gerenciar.jpg\" alt=\"Como gerenciar um setor focado em diversidade e inclus\u00e3o na empresa?\" class=\"wp-image-4233\" srcset=\"https:\/\/iigual.com.br\/blog\/wp-content\/uploads\/2024\/02\/INTERNA2_Gerenciar.jpg 1200w, https:\/\/iigual.com.br\/blog\/wp-content\/uploads\/2024\/02\/INTERNA2_Gerenciar-300x200.jpg 300w, https:\/\/iigual.com.br\/blog\/wp-content\/uploads\/2024\/02\/INTERNA2_Gerenciar-1024x683.jpg 1024w, https:\/\/iigual.com.br\/blog\/wp-content\/uploads\/2024\/02\/INTERNA2_Gerenciar-768x512.jpg 768w, https:\/\/iigual.com.br\/blog\/wp-content\/uploads\/2024\/02\/INTERNA2_Gerenciar-750x500.jpg 750w, https:\/\/iigual.com.br\/blog\/wp-content\/uploads\/2024\/02\/INTERNA2_Gerenciar-1140x760.jpg 1140w\" sizes=\"auto, (max-width: 1200px) 100vw, 1200px\" \/><figcaption class=\"wp-element-caption\">Gerenciar a diversidade e inclus\u00e3o na empresa tem muitos desafios, como a resist\u00eancia. Imagem de Farhan Alkhaled no Pexels.<\/figcaption><\/figure>\n<\/div>\n\n\n<h2 class=\"wp-block-heading\">Por que criar e gerenciar um setor de diversidade e inclus\u00e3o na empresa?<\/h2>\n\n\n\n<p>Criar e <strong>gerenciar <\/strong>um setor de diversidade e inclus\u00e3o na empresa \u00e9 vital para fomentar a criatividade e inova\u00e7\u00e3o para os seus funcion\u00e1rios. Al\u00e9m disso, uma equipe diversa \u00e9 capaz de trazer outros benef\u00edcios, por exemplo:<\/p>\n\n\n\n<ul class=\"wp-block-list\">\n<li>se tornar um time mais produtivo;<\/li>\n\n\n\n<li>atrair mais talentos e ret\u00ea-los;<\/li>\n\n\n\n<li>criar uma cultura inclusiva;<\/li>\n\n\n\n<li>reduz o preconceito e discrimina\u00e7\u00e3o;<\/li>\n\n\n\n<li>diminui os atritos que pode haver entre os funcion\u00e1rios;<\/li>\n\n\n\n<li>ajuda a criar o respeito m\u00fatuo entre os colegas;<\/li>\n\n\n\n<li>melhora a imagem da marca no mercado.<\/li>\n<\/ul>\n\n\n\n<p>Tudo isso s\u00e3o pontos que mostram o qu\u00e3o importante \u00e9 um setor de diversidade. Em suma, n\u00e3o se trata apenas de uma medida \u00e9tica, mas de uma estrat\u00e9gia de fazer a empresa crescer ao promover a inclus\u00e3o.<\/p>\n\n\n\n<h2 class=\"wp-block-heading\">Como gerenciar a diversidade e inclus\u00e3o de forma cont\u00ednua na empresa?<\/h2>\n\n\n\n<p>Para <strong>gerenciar <\/strong>a diversidade e inclus\u00e3o de forma cont\u00ednua \u00e9 vital que haja uma an\u00e1lise constante das a\u00e7\u00f5es e pr\u00e1ticas que a empresa adotar. Em suma, \u00e9 a partir de tais dados que ser\u00e1 poss\u00edvel corrigir os m\u00e9todos e eliminar vieses e preconceitos aos poucos.<\/p>\n\n\n\n<p>\u00c9 crucial tamb\u00e9m que a lideran\u00e7a seja o pilar moral e de respeito dentro da marca para que os outros se inspirem e busquem aprender. Por fim, o corpo de gest\u00e3o deve fazer com que a mentalidade inclusiva fa\u00e7a parte de sua cultura e dar equidade de oportunidade a todos.<\/p>\n","protected":false},"excerpt":{"rendered":"<p>Gerenciar a diversidade e inclus\u00e3o em uma empresa n\u00e3o \u00e9 uma tarefa f\u00e1cil, pois \u00e9 vital ter muito apoio da lideran\u00e7a para delegar esse setor. Por isso, este artigo ir\u00e1 destacar para voc\u00ea algumas dicas vitais para p\u00f4r em pr\u00e1tica, bem como os desafios que deve superar. Como gerenciar um setor focado em diversidade e [&hellip;]<\/p>\n","protected":false},"author":7,"featured_media":4231,"comment_status":"open","ping_status":"open","sticky":false,"template":"","format":"standard","meta":{"footnotes":""},"categories":[4],"tags":[87,1248,613],"class_list":["post-4230","post","type-post","status-publish","format-standard","has-post-thumbnail","hentry","category-inclusao","tag-empresa","tag-gerenciar","tag-inclusao-e-diversidade"],"_links":{"self":[{"href":"https:\/\/iigual.com.br\/blog\/wp-json\/wp\/v2\/posts\/4230","targetHints":{"allow":["GET"]}}],"collection":[{"href":"https:\/\/iigual.com.br\/blog\/wp-json\/wp\/v2\/posts"}],"about":[{"href":"https:\/\/iigual.com.br\/blog\/wp-json\/wp\/v2\/types\/post"}],"author":[{"embeddable":true,"href":"https:\/\/iigual.com.br\/blog\/wp-json\/wp\/v2\/users\/7"}],"replies":[{"embeddable":true,"href":"https:\/\/iigual.com.br\/blog\/wp-json\/wp\/v2\/comments?post=4230"}],"version-history":[{"count":1,"href":"https:\/\/iigual.com.br\/blog\/wp-json\/wp\/v2\/posts\/4230\/revisions"}],"predecessor-version":[{"id":4234,"href":"https:\/\/iigual.com.br\/blog\/wp-json\/wp\/v2\/posts\/4230\/revisions\/4234"}],"wp:featuredmedia":[{"embeddable":true,"href":"https:\/\/iigual.com.br\/blog\/wp-json\/wp\/v2\/media\/4231"}],"wp:attachment":[{"href":"https:\/\/iigual.com.br\/blog\/wp-json\/wp\/v2\/media?parent=4230"}],"wp:term":[{"taxonomy":"category","embeddable":true,"href":"https:\/\/iigual.com.br\/blog\/wp-json\/wp\/v2\/categories?post=4230"},{"taxonomy":"post_tag","embeddable":true,"href":"https:\/\/iigual.com.br\/blog\/wp-json\/wp\/v2\/tags?post=4230"}],"curies":[{"name":"wp","href":"https:\/\/api.w.org\/{rel}","templated":true}]}}