{"id":3619,"date":"2023-09-22T09:00:00","date_gmt":"2023-09-22T12:00:00","guid":{"rendered":"https:\/\/iigual.com.br\/blog\/?p=3619"},"modified":"2023-09-18T16:28:22","modified_gmt":"2023-09-18T19:28:22","slug":"conflitos-interpessoais","status":"publish","type":"post","link":"https:\/\/iigual.com.br\/blog\/conflitos-interpessoais\/","title":{"rendered":"Como combater os conflitos interpessoais dentro das empresas e promover a inclus\u00e3o?"},"content":{"rendered":"\n<p>Os<strong> conflitos interpessoais <\/strong>no trabalho<strong> <\/strong>podem tornar qualquer ambiente t\u00f3xico, o que afeta de forma direta a inclus\u00e3o, sa\u00fade do time e a produtividade. Portanto, se \u00e9 do seu interesse evitar ou resolver esse problema, saiba mais a respeito.&nbsp;<\/p>\n\n\n\n<h2 class=\"wp-block-heading\">O que s\u00e3o os conflitos interpessoais nas empresas?<\/h2>\n\n\n\n<p><strong>Conflitos interpessoais<\/strong> s\u00e3o as tens\u00f5es e disputas t\u00f3xicas que ocorrem nas empresas. Inclusive, eles podem ser fontes de diferen\u00e7as de personalidades, valores, express\u00e3o errada, competi\u00e7\u00e3o e <a href=\"https:\/\/iigual.com.br\/blog\/preconceito-estrutural\/\" target=\"_blank\" rel=\"noreferrer noopener\">preconceito estrutural<\/a>.\u00a0<\/p>\n\n\n\n<p>Quando eles ocorrem prejudicam todo o ambiente. Desse modo, ao perceb\u00ea-lo, \u00e9 dever do l\u00edder buscar a solu\u00e7\u00e3o o mais r\u00e1pido poss\u00edvel. Al\u00e9m disso, vale citar que eles podem se manifestar de forma sutil ou hostil.&nbsp;<\/p>\n\n\n<div class=\"wp-block-image\">\n<figure class=\"aligncenter size-full\"><img loading=\"lazy\" decoding=\"async\" width=\"1200\" height=\"800\" src=\"https:\/\/iigual.com.br\/blog\/wp-content\/uploads\/2023\/09\/Conflitos-interpessoais-1.jpg\" alt=\"Como combater os conflitos interpessoais dentro das empresas e promover a inclus\u00e3o?\" class=\"wp-image-3621\" srcset=\"https:\/\/iigual.com.br\/blog\/wp-content\/uploads\/2023\/09\/Conflitos-interpessoais-1.jpg 1200w, https:\/\/iigual.com.br\/blog\/wp-content\/uploads\/2023\/09\/Conflitos-interpessoais-1-300x200.jpg 300w, https:\/\/iigual.com.br\/blog\/wp-content\/uploads\/2023\/09\/Conflitos-interpessoais-1-1024x683.jpg 1024w, https:\/\/iigual.com.br\/blog\/wp-content\/uploads\/2023\/09\/Conflitos-interpessoais-1-768x512.jpg 768w, https:\/\/iigual.com.br\/blog\/wp-content\/uploads\/2023\/09\/Conflitos-interpessoais-1-750x500.jpg 750w, https:\/\/iigual.com.br\/blog\/wp-content\/uploads\/2023\/09\/Conflitos-interpessoais-1-1140x760.jpg 1140w\" sizes=\"auto, (max-width: 1200px) 100vw, 1200px\" \/><figcaption class=\"wp-element-caption\">Quando ignorados, os conflitos interpessoais geram grandes traumas. Imagem do Freepik.\u00a0<\/figcaption><\/figure>\n<\/div>\n\n\n<h3 class=\"wp-block-heading\">Quais s\u00e3o as vantagens de combat\u00ea-los?<\/h3>\n\n\n\n<p>Ao combater esse tipo de conflito, voc\u00ea eleva a produtividade e reduz o estresse. Logo, ser\u00e1 poss\u00edvel ter bons resultados e tornar a sua empresa uma l\u00edder de mercado. Al\u00e9m disso, h\u00e1 outras vantagens, como:<\/p>\n\n\n\n<ul class=\"wp-block-list\">\n<li>melhora o di\u00e1logo;<\/li>\n\n\n\n<li>constr\u00f3i rela\u00e7\u00f5es s\u00f3lidas;<\/li>\n\n\n\n<li>previne conflitos futuros;<\/li>\n\n\n\n<li>promove a diversidade e a inclus\u00e3o;<\/li>\n\n\n\n<li>economiza tempo e recursos;<\/li>\n\n\n\n<li>ajuda a alavancar a carreira.<\/li>\n<\/ul>\n\n\n\n<p>Extinguir esse problema, melhora o ambiente de trabalho e as entregas. Inclusive, essa a\u00e7\u00e3o faz com que voc\u00ea consiga preservar a imagem da sua marca de forma positiva. Ent\u00e3o, na pr\u00e1tica, deve ser uma meta para qualquer neg\u00f3cio.<\/p>\n\n\n\n<h2 class=\"wp-block-heading\">Como os conflitos interpessoais afetam a diversidade e inclus\u00e3o?<\/h2>\n\n\n\n<p>Os <strong>conflitos interpessoais<\/strong> podem levar \u00e0 resist\u00eancia \u00e0 diversidade. Isso porque, alguns funcion\u00e1rios podem associar o conflito as condi\u00e7\u00f5es f\u00edsicas ou mentais do indiv\u00edduo.&nbsp;<\/p>\n\n\n\n<p>Para ficar mais claro, imagine que em um time composto por dez pessoas, apenas uma tem uma defici\u00eancia. Ent\u00e3o, devido a sua condi\u00e7\u00e3o, ela precisa ter um hor\u00e1rio de trabalho mais flex\u00edvel.<\/p>\n\n\n\n<p>O citado pode gerar d\u00favidas no restante da equipe. Afinal, muitos n\u00e3o sabem que se trata de uma necessidade e direito. Ou seja, a v\u00edtima da situa\u00e7\u00e3o ser\u00e1 alvo de conflito devido \u00e0 falta de informa\u00e7\u00e3o. Quando n\u00e3o tratada, elas podem originar outros problemas, como:<\/p>\n\n\n\n<ul class=\"wp-block-list\">\n<li>cria\u00e7\u00e3o de barreiras;<\/li>\n\n\n\n<li>perda de talentos.<\/li>\n<\/ul>\n\n\n\n<p>A cria\u00e7\u00e3o de barreiras \u00e9 um grande empecilho para a inclus\u00e3o. Isso porque, quando elas ocorrem fazem com o time crie um bloqueio com tudo que \u00e9 novo. Ent\u00e3o, ser\u00e1 dif\u00edcil fazer com que eles queiram aprimorar a <a href=\"https:\/\/www.significados.com.br\/empatia\/\" target=\"_blank\" rel=\"noreferrer noopener\">empatia <\/a>e a coopera\u00e7\u00e3o.\u00a0<\/p>\n\n\n\n<p>Quando n\u00e3o tratado, bons funcion\u00e1rios podem pedir demiss\u00e3o para evitar ficar em um local hostil. Desse modo, haver\u00e1 perda na qualidade dos projetos e preju\u00edzo financeiro. Em resumo, esses conflitos podem criar um ambiente t\u00f3xico para todos.&nbsp;<\/p>\n\n\n\n<h2 class=\"wp-block-heading\">Como combater os conflitos interpessoais?<\/h2>\n\n\n\n<p>Para combater os <strong>conflitos interpessoais <\/strong>e promover a diversidade e inclus\u00e3o, voc\u00ea deve promover o di\u00e1logo aberto. Ou seja, mostre para o seu time que todos est\u00e3o em um ambiente que podem se expressar e resolver qualquer quest\u00e3o. Al\u00e9m disso, invista em:<\/p>\n\n\n\n<ul class=\"wp-block-list\">\n<li>treinamentos para melhorar a forma de se expressar;<\/li>\n\n\n\n<li>estimule a empatia;<\/li>\n\n\n\n<li>acompanhe as a\u00e7\u00f5es do seu time;<\/li>\n\n\n\n<li>mostre como resolver conflitos de forma construtiva;<\/li>\n\n\n\n<li>abra di\u00e1logos positivos sobre as entregas.<\/li>\n<\/ul>\n\n\n\n<p>Caso o conflito ocorra e a causa seja complexa, voc\u00ea ter\u00e1 que pedir aux\u00edlio a um mediador. Isso porque, apenas ele vai conseguir guiar as partes para que elas cheguem a um acordo eficaz.&nbsp;<\/p>\n\n\n\n<p>\u00c9 essencial saber que para eximir esse problema, ser\u00e1 preciso esfor\u00e7o. Afinal, cada pessoa tem uma forma de pensar que nem sempre \u00e9 a ideal ou apenas diferente do outro.<\/p>\n\n\n\n<p>Quando h\u00e1 disposi\u00e7\u00e3o, todos os obst\u00e1culos podem ser superados. Ent\u00e3o, se voc\u00ea tem a inten\u00e7\u00e3o de melhorar os resultados de forma significativa, mantenha a resili\u00eancia de forma constante.&nbsp;<\/p>\n\n\n<div class=\"wp-block-image\">\n<figure class=\"aligncenter size-full\"><img loading=\"lazy\" decoding=\"async\" width=\"1200\" height=\"800\" src=\"https:\/\/iigual.com.br\/blog\/wp-content\/uploads\/2023\/09\/Conflitos-interpessoais-2.jpg\" alt=\"Como combater os conflitos interpessoais dentro das empresas e promover a inclus\u00e3o?\" class=\"wp-image-3622\" srcset=\"https:\/\/iigual.com.br\/blog\/wp-content\/uploads\/2023\/09\/Conflitos-interpessoais-2.jpg 1200w, https:\/\/iigual.com.br\/blog\/wp-content\/uploads\/2023\/09\/Conflitos-interpessoais-2-300x200.jpg 300w, https:\/\/iigual.com.br\/blog\/wp-content\/uploads\/2023\/09\/Conflitos-interpessoais-2-1024x683.jpg 1024w, https:\/\/iigual.com.br\/blog\/wp-content\/uploads\/2023\/09\/Conflitos-interpessoais-2-768x512.jpg 768w, https:\/\/iigual.com.br\/blog\/wp-content\/uploads\/2023\/09\/Conflitos-interpessoais-2-750x500.jpg 750w, https:\/\/iigual.com.br\/blog\/wp-content\/uploads\/2023\/09\/Conflitos-interpessoais-2-1140x760.jpg 1140w\" sizes=\"auto, (max-width: 1200px) 100vw, 1200px\" \/><figcaption class=\"wp-element-caption\">Os conflitos interpessoais impedem a cria\u00e7\u00e3o de boas ideias. Imagem do Freepik.<\/figcaption><\/figure>\n<\/div>\n\n\n<h3 class=\"wp-block-heading\">Fale sobre as metas de forma clara<\/h3>\n\n\n\n<p>Deixe claro para o seu time quais s\u00e3o as formas de agir que se alinham com a cultura da empresa. Desse modo, eles v\u00e3o conhecer as metas relacionadas \u00e0s rela\u00e7\u00f5es sociais de forma clara e objetiva.<\/p>\n\n\n\n<p>\u00c9 crucial mostrar que algumas formas de agir n\u00e3o s\u00e3o toleradas, por exemplo, promover atos discriminat\u00f3rios. Ent\u00e3o, promova eventos, cursos e palestras que abordem o tema de forma clara e tirem todas as d\u00favidas.<\/p>\n\n\n\n<p>Caso ocorra qualquer situa\u00e7\u00e3o que se relaciona ao que foi citado, ser\u00e1 dever do <a href=\"https:\/\/iigual.com.br\/blog\/lider-inclusivo\/\" target=\"_blank\" rel=\"noreferrer noopener\">l\u00edder inclusivo<\/a> buscar entender o que aconteceu e solucionar da melhor forma. Al\u00e9m disso, \u00e9 bom criar campanhas que falem sobre o assunto para evitar que ele volte a acontecer.<\/p>\n\n\n\n<h3 class=\"wp-block-heading\">Mostre que todos s\u00e3o essenciais<\/h3>\n\n\n\n<p>Alguns conflitos surgem da insatisfa\u00e7\u00e3o por parte de algumas pessoas que comp\u00f5em o time. Ent\u00e3o, sempre deixe claro que todos s\u00e3o essenciais. Inclusive, vale a pena investir em pr\u00e1ticas que deixe o dia a dia mais leve, como din\u00e2micas de grupo.<\/p>\n\n\n\n<p>Com isso, voc\u00ea cria um v\u00ednculo entre os participantes. Assim, eles ter\u00e3o a chance de se conhecerem mutualmente e aprender hist\u00f3rias inspiradoras de pessoas com defici\u00eancia.<\/p>\n\n\n\n<h3 class=\"wp-block-heading\">Mostre os impactos positivos da inclus\u00e3o<\/h3>\n\n\n\n<p>A inclus\u00e3o ajuda a melhorar a criatividade, criar um ambiente mais leve e promove a satisfa\u00e7\u00e3o do time. Ou seja, traz v\u00e1rios pontos que melhoram os resultados a curto, m\u00e9dio e longo prazo.&nbsp;<\/p>\n\n\n\n<p>Ao fazer isso, a sua equipe ver\u00e1 de forma clara que aceitar, respeitar e resolver as diferen\u00e7as \u00e9 melhor do que perpetuar um conflito. Logo, ser\u00e1 mais f\u00e1cil manter a harmonia no local de trabalho.&nbsp;<\/p>\n\n\n\n<h3 class=\"wp-block-heading\">Invista em acessibilidade<\/h3>\n\n\n\n<p>Ao investir na acessibilidade, voc\u00ea promove o bem-estar de todos que comp\u00f5em a equipe. Desse modo, vale a pena criar projetos que visem melhorar a estrutura f\u00edsica e a tecnologia da empresa.&nbsp;<\/p>\n\n\n\n<h2 class=\"wp-block-heading\">Por que promover a diversidade e inclus\u00e3o ajuda a combater os conflitos interpessoais?<\/h2>\n\n\n\n<p>A promo\u00e7\u00e3o da diversidade e inclus\u00e3o ajuda a combater os <strong>conflitos interpessoais <\/strong>de forma eficiente, porque incentiva a toler\u00e2ncia e o respeito. Al\u00e9m disso, elas estimulam de forma precisa a:<\/p>\n\n\n\n<ul class=\"wp-block-list\">\n<li>empatia e foco nas metas;<\/li>\n\n\n\n<li>promo\u00e7\u00e3o de l\u00edderes inclusivos;<\/li>\n\n\n\n<li>cria\u00e7\u00e3o de um local que preze pelo respeito m\u00fatuo;<\/li>\n\n\n\n<li>melhoria das pol\u00edticas.&nbsp;<\/li>\n<\/ul>\n\n\n\n<p>A inclus\u00e3o faz com que todos vejam que ningu\u00e9m \u00e9 igual e s\u00e3o as diferen\u00e7as que tornam cada um \u00fanico e especial. Desse modo, quem deseja ter uma empresa saud\u00e1vel e produtiva, pode apostar nela e nas outras dicas para obter bons resultados.<\/p>\n","protected":false},"excerpt":{"rendered":"<p>Os conflitos interpessoais no trabalho podem tornar qualquer ambiente t\u00f3xico, o que afeta de forma direta a inclus\u00e3o, sa\u00fade do time e a produtividade. Portanto, se \u00e9 do seu interesse evitar ou resolver esse problema, saiba mais a respeito.&nbsp; O que s\u00e3o os conflitos interpessoais nas empresas? Conflitos interpessoais s\u00e3o as tens\u00f5es e disputas t\u00f3xicas [&hellip;]<\/p>\n","protected":false},"author":7,"featured_media":3620,"comment_status":"open","ping_status":"open","sticky":false,"template":"","format":"standard","meta":{"footnotes":""},"categories":[4],"tags":[1114,1112,1113],"class_list":["post-3619","post","type-post","status-publish","format-standard","has-post-thumbnail","hentry","category-inclusao","tag-conflitos","tag-conflitos-interpessoais","tag-disputas-toxicas"],"_links":{"self":[{"href":"https:\/\/iigual.com.br\/blog\/wp-json\/wp\/v2\/posts\/3619","targetHints":{"allow":["GET"]}}],"collection":[{"href":"https:\/\/iigual.com.br\/blog\/wp-json\/wp\/v2\/posts"}],"about":[{"href":"https:\/\/iigual.com.br\/blog\/wp-json\/wp\/v2\/types\/post"}],"author":[{"embeddable":true,"href":"https:\/\/iigual.com.br\/blog\/wp-json\/wp\/v2\/users\/7"}],"replies":[{"embeddable":true,"href":"https:\/\/iigual.com.br\/blog\/wp-json\/wp\/v2\/comments?post=3619"}],"version-history":[{"count":1,"href":"https:\/\/iigual.com.br\/blog\/wp-json\/wp\/v2\/posts\/3619\/revisions"}],"predecessor-version":[{"id":3623,"href":"https:\/\/iigual.com.br\/blog\/wp-json\/wp\/v2\/posts\/3619\/revisions\/3623"}],"wp:featuredmedia":[{"embeddable":true,"href":"https:\/\/iigual.com.br\/blog\/wp-json\/wp\/v2\/media\/3620"}],"wp:attachment":[{"href":"https:\/\/iigual.com.br\/blog\/wp-json\/wp\/v2\/media?parent=3619"}],"wp:term":[{"taxonomy":"category","embeddable":true,"href":"https:\/\/iigual.com.br\/blog\/wp-json\/wp\/v2\/categories?post=3619"},{"taxonomy":"post_tag","embeddable":true,"href":"https:\/\/iigual.com.br\/blog\/wp-json\/wp\/v2\/tags?post=3619"}],"curies":[{"name":"wp","href":"https:\/\/api.w.org\/{rel}","templated":true}]}}