{"id":3321,"date":"2023-07-20T09:00:00","date_gmt":"2023-07-20T12:00:00","guid":{"rendered":"https:\/\/iigual.com.br\/blog\/?p=3321"},"modified":"2023-07-13T13:49:26","modified_gmt":"2023-07-13T16:49:26","slug":"debater","status":"publish","type":"post","link":"https:\/\/iigual.com.br\/blog\/debater\/","title":{"rendered":"Entenda a import\u00e2ncia de debater sobre capacitismo nas empresas"},"content":{"rendered":"\n<p><strong>Debater <\/strong>sobre o capacitismo dentro das empresas \u00e9 um ponto crucial para construir um ambiente igualit\u00e1rio. Isso porque, a quebra dele \u00e9 primordial para a<a href=\"https:\/\/www.politize.com.br\/equidade\/blogpost\/inclusao-social-das-pessoas-com-deficiencia\/\" target=\"_blank\" rel=\"noreferrer noopener\"> inclus\u00e3o social das pessoas com defici\u00eancia<\/a> no trabalho e no mundo. Ent\u00e3o, se isso te interessou, saiba mais.\u00a0<\/p>\n\n\n\n<h2 class=\"wp-block-heading\">Por que \u00e9 crucial debater e entender o que \u00e9 capacitismo?<\/h2>\n\n\n\n<p>Entender o que \u00e9 o capacitismo \u00e9 importante para <strong>debater,<\/strong> porque esse \u00e9 um tema pouco abordado. Desse modo, \u00e9 crucial dominar o assunto para pass\u00e1-lo com clareza e precis\u00e3o para terceiros.&nbsp;<\/p>\n\n\n\n<p>Vale dizer que ele \u00e9 termo que utilizado para descrever o preconceito e a discrimina\u00e7\u00e3o as pessoas com defici\u00eancia. Ou seja, \u00e9 o ato de oprimir algu\u00e9m por sua condi\u00e7\u00e3o f\u00edsica ou mental.&nbsp;<\/p>\n\n\n\n<p>\u00c9 importante saber que no passado essa era uma pr\u00e1tica muito comum. Afinal, muitas pessoas acreditavam que as pessoas com defici\u00eancia n\u00e3o possu\u00edam a capacidade de executar fun\u00e7\u00f5es no ambiente de trabalho.<\/p>\n\n\n\n<p>Apesar de ainda existir indiv\u00edduos que pensam assim, hoje o n\u00famero j\u00e1 \u00e9 bastante reduzido. Mas, ainda assim, h\u00e1 muito o que lutar para quebrar essa cren\u00e7a equivocada que s\u00f3 produz um retrocesso social.\u00a0<\/p>\n\n\n<div class=\"wp-block-image\">\n<figure class=\"aligncenter size-large\"><img loading=\"lazy\" decoding=\"async\" width=\"1024\" height=\"683\" src=\"https:\/\/iigual.com.br\/blog\/wp-content\/uploads\/2023\/07\/debater-1-1024x683.jpg\" alt=\"debater \" class=\"wp-image-3322\" srcset=\"https:\/\/iigual.com.br\/blog\/wp-content\/uploads\/2023\/07\/debater-1-1024x683.jpg 1024w, https:\/\/iigual.com.br\/blog\/wp-content\/uploads\/2023\/07\/debater-1-300x200.jpg 300w, https:\/\/iigual.com.br\/blog\/wp-content\/uploads\/2023\/07\/debater-1-768x512.jpg 768w, https:\/\/iigual.com.br\/blog\/wp-content\/uploads\/2023\/07\/debater-1-750x500.jpg 750w, https:\/\/iigual.com.br\/blog\/wp-content\/uploads\/2023\/07\/debater-1-1140x760.jpg 1140w, https:\/\/iigual.com.br\/blog\/wp-content\/uploads\/2023\/07\/debater-1.jpg 1200w\" sizes=\"auto, (max-width: 1024px) 100vw, 1024px\" \/><figcaption class=\"wp-element-caption\">Debater sobre o capacitismo \u00e9 essencial nas empresas. Imagem de freepik no Freepik<\/figcaption><\/figure>\n<\/div>\n\n\n<h3 class=\"wp-block-heading\">O capacitismo \u00e9 crime?<\/h3>\n\n\n\n<p>N\u00e3o existe uma lei que fale sobre o capacitismo, o que n\u00e3o o torna crime. Mas, a Constitui\u00e7\u00e3o Federal do Brasil, em seu artigo 5\u00ba, deixa claro que promover a equidade \u00e9 dever de todo cidad\u00e3o.<\/p>\n\n\n\n<p>A Lei Brasileira de Inclus\u00e3o da Pessoa com Defici\u00eancia <a href=\"https:\/\/www.planalto.gov.br\/ccivil_03\/_ato2015-2018\/2015\/lei\/l13146.htm\" target=\"_blank\" rel=\"noreferrer noopener\">13.146<\/a>\/2015 inibe qualquer tipo de discrimina\u00e7\u00e3o com base na defici\u00eancia de algu\u00e9m. Assim, h\u00e1 diversas situa\u00e7\u00f5es que se enquadram nas normas e por consequ\u00eancia, deve-se punir o opressor.\u00a0<\/p>\n\n\n\n<h3 class=\"wp-block-heading\">Qual a import\u00e2ncia de desconstruir o capacitismo nas empresas?<\/h3>\n\n\n\n<p>Combater o capacitismo dentro das empresas faz com que seja poss\u00edvel criar um ambiente agrad\u00e1vel e livre de preconceitos. Al\u00e9m disso, o time conseguir\u00e1 perceber que o bem-estar deles \u00e9 uma das maiores prioridades, o que refor\u00e7ar\u00e1 a ideia que eles est\u00e3o no lugar certo.<\/p>\n\n\n\n<h3 class=\"wp-block-heading\">Como ele acontece nas empresas?<\/h3>\n\n\n\n<p>Nas empresas, o capacitismo pode ocorrer na falta de vagas para pessoas com defici\u00eancia. Al\u00e9m disso, vale mencionar que quando elas s\u00e3o contratadas, ele pode se manifestar de outras formas, por exemplo:<\/p>\n\n\n\n<ul class=\"wp-block-list\">\n<li>falas que diminuam a capacidade do indiv\u00edduo em executar a tarefa;<\/li>\n\n\n\n<li>piadas pejorativas vindas dos colegas de trabalho;<\/li>\n\n\n\n<li>demonstra\u00e7\u00e3o irracional de pena.<\/li>\n<\/ul>\n\n\n\n<p>Qualquer a\u00e7\u00e3o que cause desconforto no grupo \u00e9 uma discrimina\u00e7\u00e3o. Inclusive, na maioria dos casos, o ofensor n\u00e3o acredita nas afirma\u00e7\u00f5es. Mas, devido \u00e0 competitividade no trabalho, ele cria esse cen\u00e1rio t\u00f3xico.&nbsp;<\/p>\n\n\n\n<p>Muitas vezes, o capacitismo \u00e9 confundido com prote\u00e7\u00e3o. Ou seja, o indiv\u00edduo n\u00e3o fala de forma agressiva. Contudo, deixa a entender que a condi\u00e7\u00e3o f\u00edsica ou mental de um terceiro o limita para executar tarefas e por isso, o melhor \u00e9 que ele se preserve.<\/p>\n\n\n\n<h2 class=\"wp-block-heading\">Quais os danos do capacitismo na empresa que \u00e9 crucial debater?<\/h2>\n\n\n\n<p>\u00c9 crucial <strong>debater<\/strong> sobre os atos de discrimina\u00e7\u00e3o e preconceito contra pessoas com defici\u00eancia, a fim de que a empresa n\u00e3o perca os seus talentos. Al\u00e9m disso, existem outros danos relevantes, como:<\/p>\n\n\n\n<ul class=\"wp-block-list\">\n<li>m\u00e1 reputa\u00e7\u00e3o da marca entre os funcion\u00e1rios e o p\u00fablico;<\/li>\n\n\n\n<li>perda de produtividade;<\/li>\n\n\n\n<li>risco de enfrentar problemas jur\u00eddicos.<\/li>\n<\/ul>\n\n\n\n<p>Na pr\u00e1tica, a empresa que v\u00ea o ato e n\u00e3o se esfor\u00e7a para resolv\u00ea-lo, mostra que n\u00e3o \u00e9 inclusiva. Ou seja, ela se coloca atr\u00e1s de diversas outras no mercado, que podem se tornar a escolha de diversos clientes.&nbsp;<\/p>\n\n\n\n<p>A verdade \u00e9 que o capacitismo n\u00e3o traz nenhum tipo de benef\u00edcio para o seu neg\u00f3cio. Desse modo, se voc\u00ea deseja ser uma fonte de inspira\u00e7\u00e3o para construir um mundo melhor, todo esfor\u00e7o ser\u00e1 v\u00e1lido para mudar esse quadro.\u00a0<\/p>\n\n\n<div class=\"wp-block-image\">\n<figure class=\"aligncenter size-full\"><img loading=\"lazy\" decoding=\"async\" width=\"1200\" height=\"800\" src=\"https:\/\/iigual.com.br\/blog\/wp-content\/uploads\/2023\/07\/debater-2.jpg\" alt=\"debater \" class=\"wp-image-3323\" srcset=\"https:\/\/iigual.com.br\/blog\/wp-content\/uploads\/2023\/07\/debater-2.jpg 1200w, https:\/\/iigual.com.br\/blog\/wp-content\/uploads\/2023\/07\/debater-2-300x200.jpg 300w, https:\/\/iigual.com.br\/blog\/wp-content\/uploads\/2023\/07\/debater-2-1024x683.jpg 1024w, https:\/\/iigual.com.br\/blog\/wp-content\/uploads\/2023\/07\/debater-2-768x512.jpg 768w, https:\/\/iigual.com.br\/blog\/wp-content\/uploads\/2023\/07\/debater-2-750x500.jpg 750w, https:\/\/iigual.com.br\/blog\/wp-content\/uploads\/2023\/07\/debater-2-1140x760.jpg 1140w\" sizes=\"auto, (max-width: 1200px) 100vw, 1200px\" \/><figcaption class=\"wp-element-caption\">Parte de debater sobre o capacitismo \u00e9 se dispor a conhecer novas ideias. Imagem de freepik no Freepik<\/figcaption><\/figure>\n<\/div>\n\n\n<h3 class=\"wp-block-heading\">Como o RH pode ajudar a combater o capacitismo?<\/h3>\n\n\n\n<p>O RH pode promover treinos e workshops que abordam <a href=\"https:\/\/iigual.com.br\/blog\/2023\/06\/20\/exemplos-de-inclusao\/\" target=\"_blank\" rel=\"noreferrer noopener\">exemplos de inclus\u00e3o<\/a> de pessoas com defici\u00eancia no local de trabalho. Desse modo, o time conseguir\u00e1 entender mais sobre o assunto e coloc\u00e1-lo em pr\u00e1tica. Mas, caso esse seja um ponto j\u00e1 trabalhado, invista em:<\/p>\n\n\n\n<ul class=\"wp-block-list\">\n<li>revisar ou atualizar a cultura e pol\u00edtica da empresa;<\/li>\n\n\n\n<li>fomentar a acessibilidade no local de trabalho;<\/li>\n\n\n\n<li>criar programas de apoio a quem possui alguma defici\u00eancia;<\/li>\n\n\n\n<li>apostar na lideran\u00e7a com <a href=\"https:\/\/iigual.com.br\/blog\/2023\/06\/26\/atitudes-inclusivas\/\" target=\"_blank\" rel=\"noreferrer noopener\">atitudes inclusivas<\/a>;<\/li>\n\n\n\n<li>promover um processo seletivo sem preconceito;<\/li>\n\n\n\n<li>monitorar a efici\u00eancia das pr\u00e1ticas j\u00e1 implantadas.<\/li>\n<\/ul>\n\n\n\n<p>Fica claro, ent\u00e3o, que o RH pode ajudar a combater o capacitismo. Portanto, se voc\u00ea tem uma empresa, nunca deixe de treinar esse setor para conseguir aplicar de forma efetiva os pontos abordados.\u00a0<\/p>\n\n\n<div class=\"wp-block-image\">\n<figure class=\"aligncenter size-full\"><img loading=\"lazy\" decoding=\"async\" width=\"1200\" height=\"800\" src=\"https:\/\/iigual.com.br\/blog\/wp-content\/uploads\/2023\/07\/debater-3.jpg\" alt=\"a imagem ilustra sobre o tema debater \" class=\"wp-image-3324\" srcset=\"https:\/\/iigual.com.br\/blog\/wp-content\/uploads\/2023\/07\/debater-3.jpg 1200w, https:\/\/iigual.com.br\/blog\/wp-content\/uploads\/2023\/07\/debater-3-300x200.jpg 300w, https:\/\/iigual.com.br\/blog\/wp-content\/uploads\/2023\/07\/debater-3-1024x683.jpg 1024w, https:\/\/iigual.com.br\/blog\/wp-content\/uploads\/2023\/07\/debater-3-768x512.jpg 768w, https:\/\/iigual.com.br\/blog\/wp-content\/uploads\/2023\/07\/debater-3-750x500.jpg 750w, https:\/\/iigual.com.br\/blog\/wp-content\/uploads\/2023\/07\/debater-3-1140x760.jpg 1140w\" sizes=\"auto, (max-width: 1200px) 100vw, 1200px\" \/><figcaption class=\"wp-element-caption\">Mostrar o valor de toda a sua equipe \u00e9 essencial para debater sobre o capacitismo. Imagem de freepik no Freepik<\/figcaption><\/figure>\n<\/div>\n\n\n<h2 class=\"wp-block-heading\">Como debater sobre o capacitismo nas empresas?<\/h2>\n\n\n\n<p>Para <strong>debater<\/strong> sobre o capacitamos nas empresas \u00e9 crucial conhecer o tema e criar um ambiente seguro. Logo, voc\u00ea deve estabelecer um meio inclusivo onde o indiv\u00edduo n\u00e3o se sentir\u00e1 julgado ao compartilhar as suas viv\u00eancias. Al\u00e9m disso, \u00e9 interessante:<\/p>\n\n\n\n<ul class=\"wp-block-list\">\n<li>garantir que as pessoas com defici\u00eancia participem dos eventos;<\/li>\n\n\n\n<li>apresentar dados reais para argumentar sobre o tema;<\/li>\n\n\n\n<li>levar exemplos pr\u00e1ticos para uma melhor compreens\u00e3o;<\/li>\n\n\n\n<li>indicar a\u00e7\u00f5es corretas em certas situa\u00e7\u00f5es.<\/li>\n<\/ul>\n\n\n\n<p>\u00c9 interessante deixar claro que esse \u00e9 um projeto que ser\u00e1 cont\u00ednuo. Desse modo, o seu time conseguir\u00e1 perceber a import\u00e2ncia do tema e sentir\u00e1 a necessidade de entender sobre o assunto, a fim de mudar suas posturas.<\/p>\n\n\n\n<p>Outro ponto relevante \u00e9 deixar claro que a mudan\u00e7a \u00e9 emergencial e gradativa. Ou seja, n\u00e3o h\u00e1 a necessidade de criar quadros de ansiedade por n\u00e3o entender o tema e perceber que h\u00e1 muito para mudar. Assim, voc\u00ea evita resolver um problema e criar outro.&nbsp;<\/p>\n\n\n\n<h2 class=\"wp-block-heading\">Quais os maiores desafios na luta contra o capacitismo para debater?<\/h2>\n\n\n\n<p>Um dos maiores desafios para combater<strong> <\/strong>o capacitismo e que vale a pena <strong>debater<\/strong> \u00e9 a falta de compress\u00e3o sobre esse conceito. Isso porque, muitos cresceram em ambientes que certas atitudes discriminat\u00f3rias s\u00e3o consideradas normais.&nbsp;<\/p>\n\n\n\n<p>Infelizmente, esse n\u00e3o \u00e9 o \u00fanico obst\u00e1culo hoje para exaurir a discrimina\u00e7\u00e3o contra as pessoas com defici\u00eancia. Mas, se voc\u00ea deseja abordar cada um deles, vale a pena conhecer outros, como:<\/p>\n\n\n\n<ul class=\"wp-block-list\">\n<li>falta de acesso \u00e0 informa\u00e7\u00e3o;<\/li>\n\n\n\n<li>desconstru\u00e7\u00e3o da descriminaliza\u00e7\u00e3o nos processos seletivos;<\/li>\n\n\n\n<li>aus\u00eancia de acomoda\u00e7\u00f5es que proporcione conforto e seguran\u00e7a para todos;<\/li>\n\n\n\n<li>resist\u00eancia a mudan\u00e7as.&nbsp;<\/li>\n<\/ul>\n\n\n\n<p>Muitas pessoas n\u00e3o conseguem mudar a maneira de pensar com facilidade. Desse modo, ser\u00e1 necess\u00e1rio investir em treinos intensos para fazer com que compreendam e eliminem as pr\u00e1ticas de capacitismo.&nbsp;<\/p>\n","protected":false},"excerpt":{"rendered":"<p>Debater sobre o capacitismo dentro das empresas \u00e9 um ponto crucial para construir um ambiente igualit\u00e1rio. Isso porque, a quebra dele \u00e9 primordial para a inclus\u00e3o social das pessoas com defici\u00eancia no trabalho e no mundo. Ent\u00e3o, se isso te interessou, saiba mais.\u00a0 Por que \u00e9 crucial debater e entender o que \u00e9 capacitismo? Entender [&hellip;]<\/p>\n","protected":false},"author":7,"featured_media":3325,"comment_status":"open","ping_status":"open","sticky":false,"template":"","format":"standard","meta":{"footnotes":""},"categories":[4],"tags":[1024,1023,1025],"class_list":["post-3321","post","type-post","status-publish","format-standard","has-post-thumbnail","hentry","category-inclusao","tag-debater","tag-discriminacao-as-pessoas-com-deficiencia","tag-processo-seletivo-sem-preconceito"],"_links":{"self":[{"href":"https:\/\/iigual.com.br\/blog\/wp-json\/wp\/v2\/posts\/3321","targetHints":{"allow":["GET"]}}],"collection":[{"href":"https:\/\/iigual.com.br\/blog\/wp-json\/wp\/v2\/posts"}],"about":[{"href":"https:\/\/iigual.com.br\/blog\/wp-json\/wp\/v2\/types\/post"}],"author":[{"embeddable":true,"href":"https:\/\/iigual.com.br\/blog\/wp-json\/wp\/v2\/users\/7"}],"replies":[{"embeddable":true,"href":"https:\/\/iigual.com.br\/blog\/wp-json\/wp\/v2\/comments?post=3321"}],"version-history":[{"count":1,"href":"https:\/\/iigual.com.br\/blog\/wp-json\/wp\/v2\/posts\/3321\/revisions"}],"predecessor-version":[{"id":3326,"href":"https:\/\/iigual.com.br\/blog\/wp-json\/wp\/v2\/posts\/3321\/revisions\/3326"}],"wp:featuredmedia":[{"embeddable":true,"href":"https:\/\/iigual.com.br\/blog\/wp-json\/wp\/v2\/media\/3325"}],"wp:attachment":[{"href":"https:\/\/iigual.com.br\/blog\/wp-json\/wp\/v2\/media?parent=3321"}],"wp:term":[{"taxonomy":"category","embeddable":true,"href":"https:\/\/iigual.com.br\/blog\/wp-json\/wp\/v2\/categories?post=3321"},{"taxonomy":"post_tag","embeddable":true,"href":"https:\/\/iigual.com.br\/blog\/wp-json\/wp\/v2\/tags?post=3321"}],"curies":[{"name":"wp","href":"https:\/\/api.w.org\/{rel}","templated":true}]}}