{"id":3220,"date":"2023-06-17T08:00:00","date_gmt":"2023-06-17T11:00:00","guid":{"rendered":"https:\/\/iigual.com.br\/blog\/?p=3220"},"modified":"2023-06-14T10:02:36","modified_gmt":"2023-06-14T13:02:36","slug":"organizacao","status":"publish","type":"post","link":"https:\/\/iigual.com.br\/blog\/organizacao\/","title":{"rendered":"Como fazer um planejamento de diversidade e inclus\u00e3o na organiza\u00e7\u00e3o?"},"content":{"rendered":"\n<p>A inclus\u00e3o e a diversidade s\u00e3o valores vitais em uma <strong>organiza\u00e7\u00e3o<\/strong>, a fim de promover um ambiente de trabalho mais justo. Por isso, \u00e9 necess\u00e1rio ter um plano de a\u00e7\u00e3o respons\u00e1vel por colocar como foco central essas pautas sociais em sua empresa.<\/p>\n\n\n\n<h2 class=\"wp-block-heading\">O que \u00e9 um plano de diversidade e inclus\u00e3o na organiza\u00e7\u00e3o?<\/h2>\n\n\n\n<p><strong>O plano de diversidade e inclus\u00e3o \u00e9 um processo estrat\u00e9gico em que a organiza\u00e7\u00e3o define as suas metas.<\/strong> Ent\u00e3o, o objetivo \u00e9 valorizar as diferen\u00e7as para melhorar a<a href=\"https:\/\/blog.convenia.com.br\/cultura-organizacional\/\" target=\"_blank\" rel=\"noreferrer noopener\"> cultura organizacional<\/a>, bem como o local de trabalho para todo o seu quadro de pessoal.<\/p>\n\n\n\n<p>No geral, ter um bom plano de a\u00e7\u00e3o serve para avaliar as metas espec\u00edficas da sua empresa. Portanto, \u00e9 a forma de investir em mais pol\u00edticas e pr\u00e1ticas de inclus\u00e3o para enfrentar a discrimina\u00e7\u00e3o. Al\u00e9m de garantir a equidade de oportunidades para a equipe.<\/p>\n\n\n\n<p>O planejamento deve tirar o foco das diferen\u00e7as entre os grupos sociais e avaliar a valoriza\u00e7\u00e3o individual. Logo, as empresas precisam incentivar uma cultura de inclus\u00e3o por ser um tema bem importante e para chamar a aten\u00e7\u00e3o da sociedade como um todo.<\/p>\n\n\n\n<h3 class=\"wp-block-heading\">A import\u00e2ncia da diversidade e inclus\u00e3o nas empresas<\/h3>\n\n\n\n<p>A diversidade e a inclus\u00e3o s\u00e3o respons\u00e1veis por trazer novas viv\u00eancias em sua equipe, por exemplo. Al\u00e9m disso, ao acolher e valorizar pessoas diversas, as organiza\u00e7\u00f5es mostram o seu compromisso com a justi\u00e7a social.<\/p>\n\n\n\n<p>Saiba que colocar como foco a diversidade e a inclus\u00e3o, as empresas mostram o seu compromisso com a cultura de igualdade, al\u00e9m de focar em uma pluralidade de ideias.<\/p>\n\n\n<div class=\"wp-block-image\">\n<figure class=\"aligncenter size-large\"><img loading=\"lazy\" decoding=\"async\" width=\"1024\" height=\"683\" src=\"https:\/\/iigual.com.br\/blog\/wp-content\/uploads\/2023\/06\/organizacao-1-1024x683.jpg\" alt=\"imagem ilustra a necessidade da diversidade na organiza\u00e7\u00e3o\" class=\"wp-image-3221\" srcset=\"https:\/\/iigual.com.br\/blog\/wp-content\/uploads\/2023\/06\/organizacao-1-1024x683.jpg 1024w, https:\/\/iigual.com.br\/blog\/wp-content\/uploads\/2023\/06\/organizacao-1-300x200.jpg 300w, https:\/\/iigual.com.br\/blog\/wp-content\/uploads\/2023\/06\/organizacao-1-768x512.jpg 768w, https:\/\/iigual.com.br\/blog\/wp-content\/uploads\/2023\/06\/organizacao-1-750x500.jpg 750w, https:\/\/iigual.com.br\/blog\/wp-content\/uploads\/2023\/06\/organizacao-1-1140x760.jpg 1140w, https:\/\/iigual.com.br\/blog\/wp-content\/uploads\/2023\/06\/organizacao-1.jpg 1200w\" sizes=\"auto, (max-width: 1024px) 100vw, 1024px\" \/><figcaption class=\"wp-element-caption\">A organiza\u00e7\u00e3o precisa implementar a inclus\u00e3o e a diversidade na pr\u00e1tica em seus neg\u00f3cios e local de trabalho. Imagem de Mart Production no Pexels.<\/figcaption><\/figure>\n<\/div>\n\n\n<h2 class=\"wp-block-heading\">Como fazer um planejamento de diversidade e inclus\u00e3o na sua organiza\u00e7\u00e3o?<\/h2>\n\n\n\n<p><strong>Para ter um planejamento de diversidade e inclus\u00e3o na sua organiza\u00e7\u00e3o, \u00e9 preciso definir metas a longo prazo<\/strong>. Al\u00e9m disso, \u00e9 preciso aplic\u00e1-lo em todos os setores para garantir uma cultura de respeito na empresa. Veja, como investir em um bom plano de a\u00e7\u00e3o:<\/p>\n\n\n\n<ul class=\"wp-block-list\">\n<li>defina as suas metas a longo prazo;<\/li>\n\n\n\n<li>invista na educa\u00e7\u00e3o e no treinamento da sua equipe;<\/li>\n\n\n\n<li>estude as pol\u00edticas de diversidade e inclus\u00e3o para a sua empresa;<\/li>\n\n\n\n<li>promova um ambiente mais inclusivo.<\/li>\n<\/ul>\n\n\n\n<p>\u00c9 importante pontuar que o planejamento precisa ser um processo cont\u00ednuo para as empresas. Al\u00e9m disso, \u00e9 fundamental monitorar os seus resultados com maior precis\u00e3o para ajustar as estrat\u00e9gias.&nbsp;<\/p>\n\n\n\n<h3 class=\"wp-block-heading\">Defina as suas metas a longo prazo<\/h3>\n\n\n\n<p>\u00c9 importante definir as suas metas a longo prazo para um planejamento de sucesso. Com isso, \u00e9 poss\u00edvel avaliar todo o seu progresso ao longo do tempo com mais precis\u00e3o. Al\u00e9m de trazer a diversidade para todas as \u00e1reas da empresa.<\/p>\n\n\n\n<h3 class=\"wp-block-heading\">Invista na educa\u00e7\u00e3o e no treinamento da sua equipe<\/h3>\n\n\n\n<p>\u00c9 necess\u00e1rio promover as pautas de inclus\u00e3o por meio de programas e <a href=\"https:\/\/iigual.com.br\/blog\/2023\/03\/16\/treinamentos\/\" target=\"_blank\" rel=\"noreferrer noopener\">treinamentos<\/a> para toda a sua equipe. Dessa forma, busque abordar os temas sobre linguagem inclusiva, al\u00e9m de habilidades de comunica\u00e7\u00e3o, j\u00e1 que s\u00e3o maneiras de ajudar na cultura organizacional.<\/p>\n\n\n\n<h3 class=\"wp-block-heading\">Estude as pol\u00edticas de diversidade e de inclus\u00e3o<\/h3>\n\n\n\n<p>Para desenvolver as suas pol\u00edticas de diversidade e inclus\u00e3o na pr\u00e1tica, \u00e9 essencial estudar bem esses dois temas. Acima de tudo, \u00e9 vital aplicar esses conceitos em todos os setores da empresa, inclusive, no de RH para um <a href=\"https:\/\/iigual.com.br\/blog\/2023\/04\/11\/processo-de-selecao\/\" target=\"_blank\" rel=\"noreferrer noopener\">processo de sele\u00e7\u00e3o<\/a> mais inclusivo.<\/p>\n\n\n\n<h3 class=\"wp-block-heading\">Promova um ambiente mais inclusivo<\/h3>\n\n\n\n<p>\u00c9 fundamental incentivar as pr\u00e1ticas diversas na sua empresa para a promo\u00e7\u00e3o de um ambiente mais inclusivo. J\u00e1 que, \u00e9 importante ter um espa\u00e7o seguro para que todos se sintam mais valorizados e possam cumprir com sucesso todas as suas atividades do dia.<\/p>\n\n\n<div class=\"wp-block-image\">\n<figure class=\"aligncenter size-large\"><img loading=\"lazy\" decoding=\"async\" width=\"1024\" height=\"683\" src=\"https:\/\/iigual.com.br\/blog\/wp-content\/uploads\/2023\/06\/organizacao-2-1024x683.jpg\" alt=\"imagem ilustra a necessidade da diversidade e tamb\u00e9m inclus\u00e3o na organiza\u00e7\u00e3o \" class=\"wp-image-3222\" srcset=\"https:\/\/iigual.com.br\/blog\/wp-content\/uploads\/2023\/06\/organizacao-2-1024x683.jpg 1024w, https:\/\/iigual.com.br\/blog\/wp-content\/uploads\/2023\/06\/organizacao-2-300x200.jpg 300w, https:\/\/iigual.com.br\/blog\/wp-content\/uploads\/2023\/06\/organizacao-2-768x512.jpg 768w, https:\/\/iigual.com.br\/blog\/wp-content\/uploads\/2023\/06\/organizacao-2-750x500.jpg 750w, https:\/\/iigual.com.br\/blog\/wp-content\/uploads\/2023\/06\/organizacao-2-1140x760.jpg 1140w, https:\/\/iigual.com.br\/blog\/wp-content\/uploads\/2023\/06\/organizacao-2.jpg 1200w\" sizes=\"auto, (max-width: 1024px) 100vw, 1024px\" \/><figcaption class=\"wp-element-caption\">Aplicar a inclus\u00e3o na organiza\u00e7\u00e3o \u00e9 o dever de toda empresa. Imagem de Kampus Production no Pexels.<\/figcaption><\/figure>\n<\/div>\n\n\n<h2 class=\"wp-block-heading\">Quais as vantagens de aplicar a inclus\u00e3o na sua organiza\u00e7\u00e3o?<\/h2>\n\n\n\n<p><strong>Ao aplicar a inclus\u00e3o e a diversidade na sua organiza\u00e7\u00e3o, \u00e9 poss\u00edvel ter um ambiente mais igualit\u00e1rio.<\/strong> Ali\u00e1s, \u00e9 uma forma de ter uma maior variedade de perfis e ideias para aumentar a produtividade da equipe. Confira, ent\u00e3o, quais s\u00e3o as suas maiores vantagens na pr\u00e1tica:<\/p>\n\n\n\n<ul class=\"wp-block-list\">\n<li>atrair talentos diversos para a sua equipe;<\/li>\n\n\n\n<li>melhorar o clima organizacional da empresa;<\/li>\n\n\n\n<li>aumentar as pr\u00e1ticas de inova\u00e7\u00e3o e de criatividade;<\/li>\n\n\n\n<li>serve para ajudar na tomada de decis\u00e3o sobre as pautas inclusivas;<\/li>\n\n\n\n<li>melhora o desempenho interno da sua equipe;<\/li>\n\n\n\n<li>a reputa\u00e7\u00e3o da empresa torna-se mais positiva.<\/li>\n<\/ul>\n\n\n\n<p>Ter um planejamento inclusivo \u00e9 essencial para a empresa e ainda pode ajudar na sua comunica\u00e7\u00e3o interna. Al\u00e9m disso, \u00e9 poss\u00edvel atrair novos talentos para agregar mais valor ao seu neg\u00f3cio. Acima de tudo, permite gerar uma cultura de respeito e de oportunidades.<\/p>\n\n\n\n<h2 class=\"wp-block-heading\">Por que implementar um planejamento de diversidade e inclus\u00e3o na sua organiza\u00e7\u00e3o?<\/h2>\n\n\n\n<p><strong>Um plano de diversidade e inclus\u00e3o \u00e9 essencial para ter uma organiza\u00e7\u00e3o mais acolhedora e justa.<\/strong> Ali\u00e1s, com isso \u00e9 poss\u00edvel ter uma s\u00e9rie de benef\u00edcios, como aumentar a pluralidade de perfis e ideias em sua empresa.<\/p>\n\n\n\n<p>N\u00e3o subestime a import\u00e2ncia de aplicar a\u00e7\u00f5es diversas e inclusivas, pois ao fazer isso, vai promover a igualdade, estimular o lado criativo de cada um e garantir um futuro mais promissor para toda a sua equipe.<\/p>\n","protected":false},"excerpt":{"rendered":"<p>A inclus\u00e3o e a diversidade s\u00e3o valores vitais em uma organiza\u00e7\u00e3o, a fim de promover um ambiente de trabalho mais justo. Por isso, \u00e9 necess\u00e1rio ter um plano de a\u00e7\u00e3o respons\u00e1vel por colocar como foco central essas pautas sociais em sua empresa. O que \u00e9 um plano de diversidade e inclus\u00e3o na organiza\u00e7\u00e3o? O plano [&hellip;]<\/p>\n","protected":false},"author":7,"featured_media":3223,"comment_status":"open","ping_status":"open","sticky":false,"template":"","format":"standard","meta":{"footnotes":""},"categories":[4],"tags":[999,334,946],"class_list":["post-3220","post","type-post","status-publish","format-standard","has-post-thumbnail","hentry","category-inclusao","tag-acoes-diversas-e-inclusivas","tag-ambiente-de-trabalho","tag-planejamento"],"_links":{"self":[{"href":"https:\/\/iigual.com.br\/blog\/wp-json\/wp\/v2\/posts\/3220","targetHints":{"allow":["GET"]}}],"collection":[{"href":"https:\/\/iigual.com.br\/blog\/wp-json\/wp\/v2\/posts"}],"about":[{"href":"https:\/\/iigual.com.br\/blog\/wp-json\/wp\/v2\/types\/post"}],"author":[{"embeddable":true,"href":"https:\/\/iigual.com.br\/blog\/wp-json\/wp\/v2\/users\/7"}],"replies":[{"embeddable":true,"href":"https:\/\/iigual.com.br\/blog\/wp-json\/wp\/v2\/comments?post=3220"}],"version-history":[{"count":1,"href":"https:\/\/iigual.com.br\/blog\/wp-json\/wp\/v2\/posts\/3220\/revisions"}],"predecessor-version":[{"id":3224,"href":"https:\/\/iigual.com.br\/blog\/wp-json\/wp\/v2\/posts\/3220\/revisions\/3224"}],"wp:featuredmedia":[{"embeddable":true,"href":"https:\/\/iigual.com.br\/blog\/wp-json\/wp\/v2\/media\/3223"}],"wp:attachment":[{"href":"https:\/\/iigual.com.br\/blog\/wp-json\/wp\/v2\/media?parent=3220"}],"wp:term":[{"taxonomy":"category","embeddable":true,"href":"https:\/\/iigual.com.br\/blog\/wp-json\/wp\/v2\/categories?post=3220"},{"taxonomy":"post_tag","embeddable":true,"href":"https:\/\/iigual.com.br\/blog\/wp-json\/wp\/v2\/tags?post=3220"}],"curies":[{"name":"wp","href":"https:\/\/api.w.org\/{rel}","templated":true}]}}