{"id":2508,"date":"2022-12-19T11:00:00","date_gmt":"2022-12-19T14:00:00","guid":{"rendered":"https:\/\/iigual.com.br\/blog\/?p=2508"},"modified":"2022-12-17T20:37:53","modified_gmt":"2022-12-17T23:37:53","slug":"futurismo","status":"publish","type":"post","link":"https:\/\/iigual.com.br\/blog\/futurismo\/","title":{"rendered":"Futurismo e diversidade: entenda a rela\u00e7\u00e3o desses dois conceitos"},"content":{"rendered":"\n<p>O<strong> futurismo<\/strong> \u00e9 um campo de estudo que busca identificar tend\u00eancias como o <a href=\"https:\/\/iigual.com.br\/blog\/2022\/09\/26\/futuro-do-trabalho\/\" target=\"_blank\" rel=\"noreferrer noopener\">futuro do trabalho<\/a>, a fim de permitir o planejamento das a\u00e7\u00f5es. Nesse sentido, uma das aplica\u00e7\u00f5es desse conceito \u00e9 para entender como se adaptar a <a href=\"https:\/\/itforum.com.br\/noticias\/5-formas-de-a-diversidade-e-a-inclusao-ajudarem-as-equipes-a-ter-melhor-desempenho\/\" target=\"_blank\" rel=\"noreferrer noopener\">diversidade<\/a> nas equipes.<\/p>\n\n\n\n<h2 class=\"wp-block-heading\">O que \u00e9 o futurismo?<\/h2>\n\n\n\n<p>Esse termo \u00e9 utilizado para designar um dos movimentos art\u00edsticos e liter\u00e1rios surgidos no s\u00e9culo XX, mas n\u00e3o \u00e9 esse o foco do artigo. O <strong>futurismo <\/strong>analisado a seguir \u00e9 aquele que se dedica a estudar as mudan\u00e7as da sociedade e projetar seus poss\u00edveis impactos.<\/p>\n\n\n\n<p>Para isso, analisa os fatores externos passados e presentes, em \u00e1reas como a ci\u00eancia e tecnologia, capazes de alterar:<\/p>\n\n\n\n<ul class=\"wp-block-list\">\n<li>Comportamentos;<\/li>\n\n\n\n<li>Formas de realizar neg\u00f3cios;<\/li>\n\n\n\n<li>Relacionamento entre as pessoas.<\/li>\n<\/ul>\n\n\n\n<p>Esse ramo n\u00e3o faz nenhuma previs\u00e3o do futuro, apenas aponta tend\u00eancias que podem se confirmar ou n\u00e3o. Ainda assim, serve para pautar decis\u00f5es importantes em diversas \u00e1reas como os neg\u00f3cios, pol\u00edtica e investimentos.<\/p>\n\n\n\n<h3 class=\"wp-block-heading\">Mundo VUCA<\/h3>\n\n\n\n<p>A express\u00e3o surgiu nos anos 90 para conceituar o <strong>mundo incerto<\/strong> que se configurou no per\u00edodo P\u00f3s Guerra Fria. Em resumo, a sigla destaca os aspectos que refletem as mudan\u00e7as cada vez mais r\u00e1pidas pelas quais a sociedade passou, sendo:<\/p>\n\n\n\n<ul class=\"wp-block-list\">\n<li>Volatilidade, ou seja, muda de forma frequente;<\/li>\n\n\n\n<li>Uncertainty ou incerteza, que indica a o qu\u00e3o dif\u00edcil \u00e9 a previs\u00e3o;<\/li>\n\n\n\n<li>Complexidade, diante das in\u00fameras vari\u00e1veis e rela\u00e7\u00f5es entre pessoas;<\/li>\n\n\n\n<li>Ambiguidade, que indica que n\u00e3o h\u00e1 solu\u00e7\u00f5es \u00fanicas para todos os problemas.<\/li>\n<\/ul>\n\n\n\n<p>O <strong>surgimento do futurismo<\/strong> se deu exatamente para investigar e entender como se d\u00e1 esse fen\u00f4meno. Afinal, mesmo que seja dif\u00edcil prever algo de modo certeiro, \u00e9 preciso ter ao menos alguma base para a tomada de decis\u00f5es.<\/p>\n\n\n\n<h3 class=\"wp-block-heading\">Acelera\u00e7\u00e3o tecnol\u00f3gica impactou o futurismo<\/h3>\n\n\n\n<p>O r\u00e1pido avan\u00e7o da tecnologia, ainda mais ap\u00f3s a era da internet mudou a forma como as pessoas se relacionam e at\u00e9 mesmo fazem neg\u00f3cios. Se antes as grandes mudan\u00e7as ocorriam a cada s\u00e9culo, esse tempo caiu de forma s\u00fabita para poucos anos.<\/p>\n\n\n\n<p>A tarefa do <strong>futurismo<\/strong>, portanto, tornou- se ainda mais dif\u00edcil at\u00e9 pela quantidade de informa\u00e7\u00e3o que se acumula todos os dias.&nbsp;<\/p>\n\n\n<div class=\"wp-block-image\">\n<figure class=\"aligncenter size-full\"><img loading=\"lazy\" decoding=\"async\" width=\"1200\" height=\"800\" src=\"https:\/\/iigual.com.br\/blog\/wp-content\/uploads\/2022\/12\/futurismo-1.jpg\" alt=\"mulher usando \u00f3culos vr\" class=\"wp-image-2510\" srcset=\"https:\/\/iigual.com.br\/blog\/wp-content\/uploads\/2022\/12\/futurismo-1.jpg 1200w, https:\/\/iigual.com.br\/blog\/wp-content\/uploads\/2022\/12\/futurismo-1-300x200.jpg 300w, https:\/\/iigual.com.br\/blog\/wp-content\/uploads\/2022\/12\/futurismo-1-1024x683.jpg 1024w, https:\/\/iigual.com.br\/blog\/wp-content\/uploads\/2022\/12\/futurismo-1-768x512.jpg 768w, https:\/\/iigual.com.br\/blog\/wp-content\/uploads\/2022\/12\/futurismo-1-750x500.jpg 750w, https:\/\/iigual.com.br\/blog\/wp-content\/uploads\/2022\/12\/futurismo-1-1140x760.jpg 1140w\" sizes=\"auto, (max-width: 1200px) 100vw, 1200px\" \/><figcaption class=\"wp-element-caption\">O futurismo analisa como as inova\u00e7\u00f5es podem impactar a sociedade nos pr\u00f3ximos anos para guiar as decis\u00f5es. Imagem de ThisIsEngineering no Pexels<\/figcaption><\/figure>\n<\/div>\n\n\n<h2 class=\"wp-block-heading\">Qual a rela\u00e7\u00e3o entre o futurismo e a gest\u00e3o de empresas?<\/h2>\n\n\n\n<p>No campo dos neg\u00f3cios, a aplica\u00e7\u00e3o do <strong>futurismo <\/strong>traz um guia para planejar as a\u00e7\u00f5es a curto e m\u00e9dio prazo. Para isso, pode-se tra\u00e7ar alguns dos cen\u00e1rios que se espera para o setor, com base em:<\/p>\n\n\n\n<ul class=\"wp-block-list\">\n<li>An\u00e1lise de concorrentes;<\/li>\n\n\n\n<li>Tend\u00eancias de consumo;<\/li>\n\n\n\n<li>Movimentos pol\u00edticos e sociais;<\/li>\n\n\n\n<li>Oscila\u00e7\u00f5es do mercado de a\u00e7\u00f5es.<\/li>\n<\/ul>\n\n\n\n<p>Fora a an\u00e1lise estat\u00edstica e quantitativa que tenta prever os pr\u00f3ximos passos, o <strong>futurismo <\/strong>tamb\u00e9m se preocupa em fazer o debate sobre essas mudan\u00e7as. Afinal, elas podem levar a quest\u00f5es \u00e9ticas e que conflitam com os costumes da sociedade.&nbsp;<\/p>\n\n\n\n<p>O debate de ideias \u00e9 vital para ver quais s\u00e3o as <strong>oportunidades futuras<\/strong> e se \u00e9 v\u00e1lido trilhar esse caminho. Por isso, as empresas devem ter seus valores de forma muito clara para guiar as decis\u00f5es.<\/p>\n\n\n\n<figure class=\"wp-block-embed is-type-video is-provider-youtube wp-block-embed-youtube wp-embed-aspect-4-3 wp-has-aspect-ratio\"><div class=\"wp-block-embed__wrapper\">\n<div class=\"jeg_video_container jeg_video_content\"><iframe loading=\"lazy\" title=\"Lidia Zuin - Futurismo e a Diversidade de Olhares na Constru\u00e7\u00e3o do Futuro\" width=\"500\" height=\"375\" src=\"https:\/\/www.youtube.com\/embed\/EKLkPtVV4GM?feature=oembed\" frameborder=\"0\" allow=\"accelerometer; autoplay; clipboard-write; encrypted-media; gyroscope; picture-in-picture; web-share\" referrerpolicy=\"strict-origin-when-cross-origin\" allowfullscreen><\/iframe><\/div>\n<\/div><\/figure>\n\n\n\n<h3 class=\"wp-block-heading\">Quais as vantagens de aplicar o futurismo aos neg\u00f3cios?<\/h3>\n\n\n\n<p>O planejamento \u00e9 uma parte essencial para o sucesso de um neg\u00f3cio, porque d\u00e1 uma previs\u00e3o de despesas e resultados para um certo per\u00edodo. \u00c9 claro que nem sempre o que se projetou ocorre de fato j\u00e1 h\u00e1 uma s\u00e9rie de vari\u00e1veis que influenciam.&nbsp;<\/p>\n\n\n\n<p>O <strong>futurismo <\/strong>ajuda a tentar ser mais preciso nessas previs\u00f5es e se preparar para o que ocorre no mercado. Por exemplo, com a cria\u00e7\u00e3o do Metaverso, muitas empresas j\u00e1 t\u00eam seu espa\u00e7o nesse ambiente virtual.&nbsp;<\/p>\n\n\n\n<p>Essa \u00e9 uma tend\u00eancia que pode ou n\u00e3o se perpetuar, mas que deve ser levada em conta e mapear quais os poss\u00edveis impactos podem trazer ao seu neg\u00f3cio.<\/p>\n\n\n\n<h2 class=\"wp-block-heading\">Como unir futurismo e diversidade?<\/h2>\n\n\n\n<p>A diversidade \u00e9 uma das tend\u00eancias que o <strong>futurismo <\/strong>j\u00e1 mapeou h\u00e1 algum tempo. No contexto de uma empresa, trata-se de incentivar a presen\u00e7a de perfis diferentes, o que torna a cultura organizacional mais rica.<\/p>\n\n\n\n<p>Muito embora n\u00e3o sejam sin\u00f4nimos, <a href=\"https:\/\/iigual.com.br\/blog\/2022\/12\/02\/diversidade-e-inclusao-9\/\" target=\"_blank\" rel=\"noreferrer noopener\">diversidade e inclus\u00e3o<\/a> andam juntas, \u00e0 medida que cada vez mais \u00e9 preciso dar oportunidade a todos os grupos. Inclusive, esse \u00e9 um fator capaz de melhorar a imagem de uma empresa perante o mercado.<\/p>\n\n\n\n<h3 class=\"wp-block-heading\">Performance das equipes<\/h3>\n\n\n\n<p>Uma <strong>empresa com diversidade<\/strong> ganha tamb\u00e9m com a performance de suas equipes, uma vez que trazem vis\u00f5es diferentes para enfrentar os problemas. Al\u00e9m disso, h\u00e1 uma melhora no clima interno, o que estimula a coopera\u00e7\u00e3o entre os membros.&nbsp;<\/p>\n\n\n\n<p>Valorizar as diferentes opini\u00f5es e dar espa\u00e7o para as pessoas tamb\u00e9m traz mais satisfa\u00e7\u00e3o no trabalho. Por isso, a rotatividade diminui, o que permite reter os talentos na empresa e ter mais produtividade.<\/p>\n\n\n\n<figure class=\"wp-block-embed is-type-video is-provider-youtube wp-block-embed-youtube wp-embed-aspect-16-9 wp-has-aspect-ratio\"><div class=\"wp-block-embed__wrapper\">\n<div class=\"jeg_video_container jeg_video_content\"><iframe loading=\"lazy\" title=\"Diversidade e inclus\u00e3o: conviver transforma | Viviane de Ara\u00fajo | TEDxBalne\u00e1rioBarraDoSul\" width=\"500\" height=\"281\" src=\"https:\/\/www.youtube.com\/embed\/K4_PEHfZqJA?feature=oembed\" frameborder=\"0\" allow=\"accelerometer; autoplay; clipboard-write; encrypted-media; gyroscope; picture-in-picture; web-share\" referrerpolicy=\"strict-origin-when-cross-origin\" allowfullscreen><\/iframe><\/div>\n<\/div><\/figure>\n\n\n\n<h3 class=\"wp-block-heading\">Uso da tecnologia<\/h3>\n\n\n\n<p>As solu\u00e7\u00f5es tecnol\u00f3gicas s\u00e3o de grande ajuda para que a empresa se torne mais inclusiva. Assim, ferramentas como os aplicativos de reuni\u00f5es online permitem reunir equipes mesmo que cada pessoa esteja em uma cidade diferente.&nbsp;<\/p>\n\n\n\n<p>Com isso, pessoas com defici\u00eancia t\u00eam mais facilidade em trabalhar, j\u00e1 que podem executar suas fun\u00e7\u00f5es de casa, em um ambiente j\u00e1 adaptado. Ainda, h\u00e1 muitos recursos como reprodu\u00e7\u00e3o de v\u00eddeos com legendas e leitores de tela que facilitam as tarefas.&nbsp;<\/p>\n\n\n\n<p>Esses s\u00e3o exemplos de situa\u00e7\u00f5es que podem ter sido previstas pelo <strong>futurismo <\/strong>muitos anos antes. Tanto \u00e9 que v\u00e1rias empresas j\u00e1 tinham o modelo h\u00edbrido de trabalho, o que s\u00f3 se acelerou ap\u00f3s a pandemia de Covid-19.<\/p>\n\n\n<div class=\"wp-block-image\">\n<figure class=\"aligncenter size-full\"><img loading=\"lazy\" decoding=\"async\" width=\"1200\" height=\"801\" src=\"https:\/\/iigual.com.br\/blog\/wp-content\/uploads\/2022\/12\/image-8.jpeg\" alt=\"pessoa digitando em teclado\" class=\"wp-image-2511\" srcset=\"https:\/\/iigual.com.br\/blog\/wp-content\/uploads\/2022\/12\/image-8.jpeg 1200w, https:\/\/iigual.com.br\/blog\/wp-content\/uploads\/2022\/12\/image-8-300x200.jpeg 300w, https:\/\/iigual.com.br\/blog\/wp-content\/uploads\/2022\/12\/image-8-1024x684.jpeg 1024w, https:\/\/iigual.com.br\/blog\/wp-content\/uploads\/2022\/12\/image-8-768x513.jpeg 768w, https:\/\/iigual.com.br\/blog\/wp-content\/uploads\/2022\/12\/image-8-750x501.jpeg 750w, https:\/\/iigual.com.br\/blog\/wp-content\/uploads\/2022\/12\/image-8-1140x761.jpeg 1140w\" sizes=\"auto, (max-width: 1200px) 100vw, 1200px\" \/><figcaption class=\"wp-element-caption\">A tecnologia \u00e9 um dos fatores de maior impacto para o estudo do futurismo, porque acelera as mudan\u00e7as. Imagem de Soumil Kumar no Pexels<\/figcaption><\/figure>\n<\/div>\n\n\n<h2 class=\"wp-block-heading\">Como aplicar futurismo e diversidade de maneira estrat\u00e9gica?<\/h2>\n\n\n\n<p>Unir o <strong>futurismo e diversidade<\/strong> \u00e9 analisar como as ferramentas tecnol\u00f3gicas podem auxiliar a promover a inclus\u00e3o de pessoas com defici\u00eancia e minorias no ambiente de trabalho.&nbsp;<\/p>\n\n\n\n<p>Uma pesquisa da Accenture sobre <a href=\"https:\/\/www.accenture.com\/_acnmedia\/PDF-171\/Accenture-Descubra-Talentos-Ocultos.pdf\" target=\"_blank\" rel=\"noreferrer noopener\">Talentos Ocultos<\/a>, mostra que h\u00e1 um enorme potencial produtivo em grupos que em geral s\u00e3o negligenciados, tais como:<\/p>\n\n\n\n<ul class=\"wp-block-list\">\n<li>Pessoas com defici\u00eancia;<\/li>\n\n\n\n<li>Imigrantes;<\/li>\n\n\n\n<li>Desempregados h\u00e1 muito tempo;<\/li>\n\n\n\n<li>Cuidadores de crian\u00e7as e idosos.<\/li>\n<\/ul>\n\n\n\n<p>Dar oportunidade a essas pessoas tem um efeito positivo para elas, bem como, para a pr\u00f3pria empresa. Afinal, sua imagem perante a sociedade e os demais funcion\u00e1rios ganha mais valor.\u00a0<\/p>\n\n\n\n<p>Nesse contexto, uma das tend\u00eancias modernas \u00e9 valorizar as companhias que t\u00eam compromisso com a melhoria da sociedade. Portanto, a diversidade deve estar presente nas an\u00e1lises de <strong>futurismo <\/strong>sobre uma empresa.<\/p>\n","protected":false},"excerpt":{"rendered":"<p>O futurismo \u00e9 um campo de estudo que busca identificar tend\u00eancias como o futuro do trabalho, a fim de permitir o planejamento das a\u00e7\u00f5es. Nesse sentido, uma das aplica\u00e7\u00f5es desse conceito \u00e9 para entender como se adaptar a diversidade nas equipes. O que \u00e9 o futurismo? Esse termo \u00e9 utilizado para designar um dos movimentos [&hellip;]<\/p>\n","protected":false},"author":7,"featured_media":2509,"comment_status":"open","ping_status":"open","sticky":false,"template":"","format":"standard","meta":{"footnotes":""},"categories":[4],"tags":[717,714,719,715,716,718],"class_list":["post-2508","post","type-post","status-publish","format-standard","has-post-thumbnail","hentry","category-inclusao","tag-empresa-com-diversidade","tag-futurismo","tag-futurismo-e-diversidade","tag-mundo-incerto","tag-oportunidades-futuras","tag-surgimento-do-futurismo"],"_links":{"self":[{"href":"https:\/\/iigual.com.br\/blog\/wp-json\/wp\/v2\/posts\/2508","targetHints":{"allow":["GET"]}}],"collection":[{"href":"https:\/\/iigual.com.br\/blog\/wp-json\/wp\/v2\/posts"}],"about":[{"href":"https:\/\/iigual.com.br\/blog\/wp-json\/wp\/v2\/types\/post"}],"author":[{"embeddable":true,"href":"https:\/\/iigual.com.br\/blog\/wp-json\/wp\/v2\/users\/7"}],"replies":[{"embeddable":true,"href":"https:\/\/iigual.com.br\/blog\/wp-json\/wp\/v2\/comments?post=2508"}],"version-history":[{"count":1,"href":"https:\/\/iigual.com.br\/blog\/wp-json\/wp\/v2\/posts\/2508\/revisions"}],"predecessor-version":[{"id":2512,"href":"https:\/\/iigual.com.br\/blog\/wp-json\/wp\/v2\/posts\/2508\/revisions\/2512"}],"wp:featuredmedia":[{"embeddable":true,"href":"https:\/\/iigual.com.br\/blog\/wp-json\/wp\/v2\/media\/2509"}],"wp:attachment":[{"href":"https:\/\/iigual.com.br\/blog\/wp-json\/wp\/v2\/media?parent=2508"}],"wp:term":[{"taxonomy":"category","embeddable":true,"href":"https:\/\/iigual.com.br\/blog\/wp-json\/wp\/v2\/categories?post=2508"},{"taxonomy":"post_tag","embeddable":true,"href":"https:\/\/iigual.com.br\/blog\/wp-json\/wp\/v2\/tags?post=2508"}],"curies":[{"name":"wp","href":"https:\/\/api.w.org\/{rel}","templated":true}]}}