{"id":1911,"date":"2022-07-21T11:00:00","date_gmt":"2022-07-21T14:00:00","guid":{"rendered":"https:\/\/iigual.com.br\/blog\/?p=1911"},"modified":"2022-07-21T09:17:47","modified_gmt":"2022-07-21T12:17:47","slug":"tecnologias-assistivas","status":"publish","type":"post","link":"https:\/\/iigual.com.br\/blog\/tecnologias-assistivas\/","title":{"rendered":"Tecnologias assistivas e a import\u00e2ncia do seu uso no ambiente de trabalho"},"content":{"rendered":"\n<p>As <strong>tecnologias assistivas<\/strong> s\u00e3o as grandes aliadas para garantir a <a href=\"https:\/\/iigual.com.br\/blog\/2022\/06\/01\/equidade\/\" target=\"_blank\" rel=\"noreferrer noopener\">equidade<\/a> de oportunidades, em especial dentro do espa\u00e7o de trabalho. Assim, \u00e9 importante entender como elas funcionam e quais s\u00e3o as melhores op\u00e7\u00f5es para garantir a <a href=\"https:\/\/www.conexasaude.com.br\/blog\/inclusao-no-mercado-de-trabalho\/\" target=\"_blank\" rel=\"noreferrer noopener\">inclus\u00e3o<\/a>.<\/p>\n\n\n\n<h2 class=\"wp-block-heading\">O que s\u00e3o as tecnologias assistivas?<\/h2>\n\n\n\n<p>S\u00e3o um grupo de recursos, t\u00e9cnicas e equipamentos que levam a uma melhor qualidade de vida. Ou seja, \u00e9 tudo o que facilita a vida da pessoa que tem uma defici\u00eancia. Elas podem estar em muitas \u00e1reas, por exemplo:<\/p>\n\n\n\n<ul class=\"wp-block-list\"><li>Sa\u00fade;<\/li><li>Educa\u00e7\u00e3o;<\/li><li>Mobilidade;<\/li><li>Ambiente profissional.<\/li><\/ul>\n\n\n\n<p>Quando o seu uso \u00e9 feito da melhor forma, elas trazem muitas vantagens e podem mudar por completo a vida de algu\u00e9m. A cada dia, s\u00e3o criados mais modos de ajudar a incluir as pessoas em todas as \u00e1reas. Mas cada uma tem um modo de uso diferente.<\/p>\n\n\n\n<h3 class=\"wp-block-heading\">Na sa\u00fade<\/h3>\n\n\n\n<p>Este \u00e9 um dos ambientes que mais usam essas solu\u00e7\u00f5es<strong> <\/strong>por meio&nbsp; de programas e aplicativos que ajudam nos processos de reabilita\u00e7\u00e3o, por exemplo.&nbsp;<\/p>\n\n\n\n<h3 class=\"wp-block-heading\">Educa\u00e7\u00e3o&nbsp;<\/h3>\n\n\n\n<p>Promover a educa\u00e7\u00e3o para todos \u00e9 outra forma de uso, com muitos recursos, tanto na sala de aula como no ensino digital. Como resultado, haver\u00e1 maior participa\u00e7\u00e3o dos alunos com defici\u00eancia na vida escolar.<\/p>\n\n\n\n<h3 class=\"wp-block-heading\">Mobilidade urbana<\/h3>\n\n\n\n<p>J\u00e1 na mobilidade s\u00e3o muitos os benef\u00edcios em fazer uso desses m\u00e9todos. Os maiores exemplos, nesse sentido, s\u00e3o rampas, cadeiras de rodas, e andadores. Dessa forma, se mover ser\u00e1 bem mais simples para todos e muito mais seguro.<\/p>\n\n\n\n<figure class=\"wp-block-embed is-type-video is-provider-youtube wp-block-embed-youtube wp-embed-aspect-16-9 wp-has-aspect-ratio\"><div class=\"wp-block-embed__wrapper\">\n<div class=\"jeg_video_container jeg_video_content\"><iframe loading=\"lazy\" title=\"O que \u00e9 TECNOLOGIA ASSISTIVA \u2014 TECNOLOGIA ADAPTATIVA?\" width=\"500\" height=\"281\" src=\"https:\/\/www.youtube.com\/embed\/rOZCPYa2N10?feature=oembed\" frameborder=\"0\" allow=\"accelerometer; autoplay; clipboard-write; encrypted-media; gyroscope; picture-in-picture; web-share\" referrerpolicy=\"strict-origin-when-cross-origin\" allowfullscreen><\/iframe><\/div>\n<\/div><\/figure>\n\n\n\n<h2 class=\"wp-block-heading\">Ambiente profissional<\/h2>\n\n\n\n<p>O uso das <strong>tecnologias assistivas<\/strong> no espa\u00e7o de trabalho traz muitas vantagens e a principal delas, o maior acesso \u00e0s diferentes vagas de emprego. Assim, elas ajudam a criar um ambiente mais inclusivo.<\/p>\n\n\n\n<p>Este \u00e9 um lugar onde usar meios de incluir a todos se faz mais necess\u00e1rio. Mas acontece o oposto, j\u00e1 que muitas empresas n\u00e3o est\u00e3o prontas e n\u00e3o tem material para receber <strong>pessoas com defici\u00eancia.<\/strong><\/p>\n\n\n\n<h2 class=\"wp-block-heading\">Como usar tecnologias assistivas na empresa?<\/h2>\n\n\n\n<p>Com o uso delas, pessoas que t\u00eam uma defici\u00eancia ter\u00e3o mais chances de mostrar os seus pontos fortes. Ent\u00e3o, \u00e9 uma \u00f3tima ideia investir na sua empresa. Existem diversas op\u00e7\u00f5es, por exemplo:<\/p>\n\n\n\n<ul class=\"wp-block-list\"><li>Impressoras em Braille;<\/li><li>Dispositivos para ajudar no uso do computador;<\/li><li>Servi\u00e7os e programas de tradu\u00e7\u00e3o de Libras.<\/li><\/ul>\n\n\n\n<p>\u00c9 importante conhecer as <strong>tecnologias assistivas <\/strong>para saber qual melhor se aplica \u00e0 rotina da sua empresa. Mas, qualquer que seja, com certeza ser\u00e1 um bom investimento.<\/p>\n\n\n\n<h2 class=\"wp-block-heading\">Exemplos de tecnologias assistivas<\/h2>\n\n\n\n<p>No momento, existem muitos especialistas em criar programas que podem ser usados para a <strong>inclus\u00e3o<\/strong>. \u00c9 incr\u00edvel ver como as pessoas podem ser criativas ao notar uma necessidade e assim, usar a tecnologia a favor de todos. Nesse sentido, alguns exemplos s\u00e3o:<\/p>\n\n\n\n<ul class=\"wp-block-list\"><li>Hand Talk;<\/li><li>Livox.<\/li><\/ul>\n\n\n\n<p>Estas s\u00e3o apenas algumas op\u00e7\u00f5es dispon\u00edveis no mercado. Assim, seja qual for a necessidade dos profissionais da sua empresa, voc\u00ea encontrar\u00e1 meios muito \u00fateis para ajudar.&nbsp;<\/p>\n\n\n\n<h3 class=\"wp-block-heading\">Hand Talk<\/h3>\n\n\n\n<p>\u00c9 uma plataforma de tradu\u00e7\u00e3o para pessoas com<a href=\"https:\/\/iigual.com.br\/blog\/2022\/06\/15\/deficiencia-auditiva\/\" target=\"_blank\" rel=\"noreferrer noopener\"> defici\u00eancia auditiva<\/a>. Uma parte dos surdos n\u00e3o entende a l\u00edngua falada ou a escrita. Desse modo, \u00e9 um meio que permite a comunica\u00e7\u00e3o com sucesso.<\/p>\n\n\n\n<p>Um assistente virtual, que se chama Hugo, traduz ao vivo frases do portugu\u00eas para Libras. Ent\u00e3o, \u00e9 um grande aliado para facilitar e incentivar rela\u00e7\u00f5es com outras pessoas.<\/p>\n\n\n\n<h3 class=\"wp-block-heading\">Livox<\/h3>\n\n\n\n<p>Mais um exemplo do que s\u00e3o <strong>tecnologias assistivas<\/strong>, esse programa \u00e9 a cria\u00e7\u00e3o dos pais de uma menina com paralisia cerebral. Eles tinham o sonho de se comunicar com ela, ent\u00e3o criaram este app.<\/p>\n\n\n\n<p>Ele recebeu muitos pr\u00eamios, inclusive da ONU, gra\u00e7as ao seu incentivo \u00e0 <strong>inclus\u00e3o <\/strong>e por permitir que as pessoas com dificuldades verbais consigam se expressar.<\/p>\n\n\n\n<figure class=\"wp-block-image size-large\"><img loading=\"lazy\" decoding=\"async\" width=\"1024\" height=\"576\" src=\"https:\/\/iigual.com.br\/blog\/wp-content\/uploads\/2022\/07\/INTERNA1_Tecnologias_Assistivas-1024x576.jpg\" alt=\"\" class=\"wp-image-1912\" srcset=\"https:\/\/iigual.com.br\/blog\/wp-content\/uploads\/2022\/07\/INTERNA1_Tecnologias_Assistivas-1024x576.jpg 1024w, https:\/\/iigual.com.br\/blog\/wp-content\/uploads\/2022\/07\/INTERNA1_Tecnologias_Assistivas-300x169.jpg 300w, https:\/\/iigual.com.br\/blog\/wp-content\/uploads\/2022\/07\/INTERNA1_Tecnologias_Assistivas-768x432.jpg 768w, https:\/\/iigual.com.br\/blog\/wp-content\/uploads\/2022\/07\/INTERNA1_Tecnologias_Assistivas-750x422.jpg 750w, https:\/\/iigual.com.br\/blog\/wp-content\/uploads\/2022\/07\/INTERNA1_Tecnologias_Assistivas-1140x641.jpg 1140w, https:\/\/iigual.com.br\/blog\/wp-content\/uploads\/2022\/07\/INTERNA1_Tecnologias_Assistivas.jpg 1200w\" sizes=\"auto, (max-width: 1024px) 100vw, 1024px\" \/><figcaption>Foto: As tecnologias assistivas s\u00e3o fortes aliadas para tornar uma empresa acess\u00edvel<\/figcaption><\/figure>\n\n\n\n<h2 class=\"wp-block-heading\">O que \u00e9 defici\u00eancia?<\/h2>\n\n\n\n<p>De acordo com a lei, defici\u00eancia \u00e9 uma forma de impedimento a longo prazo. Ou seja, \u00e9 uma forma de limita\u00e7\u00e3o que pode ter diferentes naturezas. Ent\u00e3o, entender isso ajuda a saber o que fazer para tornar a sociedade cada vez mais justa.<\/p>\n\n\n\n<h3 class=\"wp-block-heading\">Por que aprender o conceito?<\/h3>\n\n\n\n<p>Segundo dados do IBGE, em 2019 o Brasil tinha mais de 17 milh\u00f5es de pessoas com alguma forma de defici\u00eancia. Assim, saber os tipos e as diferen\u00e7as ajuda a entender quais s\u00e3o as melhores <strong>tecnologias assistivas<\/strong> a serem usadas para cada caso.<\/p>\n\n\n\n<h2 class=\"wp-block-heading\">Tecnologias assistivas e tipos de defici\u00eancia<\/h2>\n\n\n\n<p>Ela pode ser de diversos tipos e cada um deles apresenta suas caracter\u00edsticas. Assim, para entender sobre o assunto, veja abaixo a classifica\u00e7\u00e3o de acordo com a lei 13.146 \/ 15:<\/p>\n\n\n\n<ul class=\"wp-block-list\"><li>F\u00edsica;<\/li><li>Auditiva;<\/li><li>Mental;<\/li><li>Visual;<\/li><li>M\u00faltipla.<\/li><\/ul>\n\n\n\n<p>A inclus\u00e3o s\u00f3 vai acontecer de forma plena e total quando cada pessoa tiver os seus direitos respeitados. Al\u00e9m disso, \u00e9 preciso que recursos sejam usados de forma correta e mais gestores se preocupem com isso.<\/p>\n\n\n\n<p>Criar uma empresa mais inclusiva quer dizer usar dos m\u00e9todos mais ideais para cada pessoa e assim tentar diminuir as desigualdades que existem. Nesse sentido, hoje em dia \u00e9 poss\u00edvel encontrar <strong>tecnologias assistivas<\/strong> que se adaptam a todas pessoas.&nbsp;&nbsp;<\/p>\n\n\n\n<h2 class=\"wp-block-heading\">Tecnologias assistivas para deficientes visuais<\/h2>\n\n\n\n<p>Existem muitas op\u00e7\u00f5es de recursos para preparar uma empresa para receber profissionais e clientes com defici\u00eancia visual. Dessa forma, alguns exemplos do que adquirir para a sua empresa s\u00e3o:&nbsp;<\/p>\n\n\n\n<ul class=\"wp-block-list\"><li>Teclado em Braille;<\/li><li>Reconhecimento de voz;<\/li><li>Programas de convers\u00e3o de texto escrito para falado;<\/li><li>Computadores com programas de leitura de tela.<\/li><\/ul>\n\n\n\n<p>O DOSVOX \u00e9 um dos sistemas de leitor de tela que pode ser usado, por exemplo. Mas \u00e9 preciso notar que existem v\u00e1rios n\u00edveis de perda visual. Assim, vale a pena avaliar qual op\u00e7\u00e3o \u00e9 a mais ideal para o caso.<\/p>\n\n\n\n<h2 class=\"wp-block-heading\">Tecnologias para defici\u00eancias auditivas<\/h2>\n\n\n\n<p>O Hand Talk j\u00e1 foi usado para mostrar como as <strong>tecnologias assistivas <\/strong>podem ser \u00fateis no trabalho para as pessoas com uma defici\u00eancia auditiva. Mas, veja agora outras ideias para colocar em pr\u00e1tica:<\/p>\n\n\n\n<ul class=\"wp-block-list\"><li>Telefones para surdos;<\/li><li>Alarmes visuais;<\/li><li>Programas de transcri\u00e7\u00e3o em tempo real.<\/li><\/ul>\n\n\n\n<p>O Live Transcribe \u00e9 um programa feito pelo Google que faz a transcri\u00e7\u00e3o da voz para texto ao vivo. Dessa forma, uma conversa acontece de forma muito mais simples para todos no local de trabalho.<\/p>\n\n\n\n<figure class=\"wp-block-embed is-type-video is-provider-youtube wp-block-embed-youtube wp-embed-aspect-16-9 wp-has-aspect-ratio\"><div class=\"wp-block-embed__wrapper\">\n<div class=\"jeg_video_container jeg_video_content\"><iframe loading=\"lazy\" title=\"Tecnologias Assistivas - Unifesp 25 anos\" width=\"500\" height=\"281\" src=\"https:\/\/www.youtube.com\/embed\/PQj0OXd23no?feature=oembed\" frameborder=\"0\" allow=\"accelerometer; autoplay; clipboard-write; encrypted-media; gyroscope; picture-in-picture; web-share\" referrerpolicy=\"strict-origin-when-cross-origin\" allowfullscreen><\/iframe><\/div>\n<\/div><\/figure>\n\n\n\n<h2 class=\"wp-block-heading\">Como criar um ambiente de trabalho inclusivo?<\/h2>\n\n\n\n<p>Voc\u00ea j\u00e1 leu sobre alguns dos programas incr\u00edveis que podem mudar o modo de trabalho da sua empresa. Mas, n\u00e3o \u00e9 preciso de muitas coisas para tornar a <a href=\"https:\/\/iigual.com.br\/blog\/2021\/04\/17\/empresa-inclusiva\/\" target=\"_blank\" rel=\"noreferrer noopener\">empresa inclusiva<\/a> para todos. Outras a\u00e7\u00f5es e mudan\u00e7as podem fazer toda a diferen\u00e7a, como:<\/p>\n\n\n\n<ul class=\"wp-block-list\"><li>Uso de rampas;<\/li><li>Aulas de Libras;<\/li><li>Uso de Libras em reuni\u00f5es e em outros eventos;<\/li><li>Alarmes sonoros e visuais;<\/li><li>Criar ou adaptar os espa\u00e7os para que sejam acess\u00edveis.<\/li><\/ul>\n\n\n\n<p>Todos t\u00eam um papel a cumprir no seu dia a dia ao buscar por direitos iguais para as pessoas que est\u00e3o ao seu lado. Afinal, s\u00f3 ser\u00e1 poss\u00edvel ter a certeza de viver em um mundo justo quando todos tiverem os mesmo direitos e <strong>equidade de oportunidades<\/strong>.<\/p>\n\n\n\n<h3 class=\"wp-block-heading\">Conhe\u00e7a a Equalweb<\/h3>\n\n\n\n<p>A<a href=\"https:\/\/equalweb.com.br\/\" target=\"_blank\" rel=\"noreferrer noopener\"> Equalweb<\/a> \u00e9 uma empresa que tem um time preparado para oferecer solu\u00e7\u00f5es de acessibilidade digital. Dessa forma, o website do seu neg\u00f3cio pode ser mais inclusivo e interativo para qualquer pessoa, por isso, conhe\u00e7a a l\u00edder nesse setor.<\/p>\n","protected":false},"excerpt":{"rendered":"<p>As tecnologias assistivas s\u00e3o as grandes aliadas para garantir a equidade de oportunidades, em especial dentro do espa\u00e7o de trabalho. Assim, \u00e9 importante entender como elas funcionam e quais s\u00e3o as melhores op\u00e7\u00f5es para garantir a inclus\u00e3o. O que s\u00e3o as tecnologias assistivas? S\u00e3o um grupo de recursos, t\u00e9cnicas e equipamentos que levam a uma [&hellip;]<\/p>\n","protected":false},"author":7,"featured_media":1913,"comment_status":"open","ping_status":"open","sticky":false,"template":"","format":"standard","meta":{"footnotes":""},"categories":[4],"tags":[295,88,101,403],"class_list":["post-1911","post","type-post","status-publish","format-standard","has-post-thumbnail","hentry","category-inclusao","tag-equidade-de-oportunidades","tag-inclusao","tag-pessoas-com-deficiencia","tag-tecnologias-assistivas"],"_links":{"self":[{"href":"https:\/\/iigual.com.br\/blog\/wp-json\/wp\/v2\/posts\/1911","targetHints":{"allow":["GET"]}}],"collection":[{"href":"https:\/\/iigual.com.br\/blog\/wp-json\/wp\/v2\/posts"}],"about":[{"href":"https:\/\/iigual.com.br\/blog\/wp-json\/wp\/v2\/types\/post"}],"author":[{"embeddable":true,"href":"https:\/\/iigual.com.br\/blog\/wp-json\/wp\/v2\/users\/7"}],"replies":[{"embeddable":true,"href":"https:\/\/iigual.com.br\/blog\/wp-json\/wp\/v2\/comments?post=1911"}],"version-history":[{"count":2,"href":"https:\/\/iigual.com.br\/blog\/wp-json\/wp\/v2\/posts\/1911\/revisions"}],"predecessor-version":[{"id":1915,"href":"https:\/\/iigual.com.br\/blog\/wp-json\/wp\/v2\/posts\/1911\/revisions\/1915"}],"wp:featuredmedia":[{"embeddable":true,"href":"https:\/\/iigual.com.br\/blog\/wp-json\/wp\/v2\/media\/1913"}],"wp:attachment":[{"href":"https:\/\/iigual.com.br\/blog\/wp-json\/wp\/v2\/media?parent=1911"}],"wp:term":[{"taxonomy":"category","embeddable":true,"href":"https:\/\/iigual.com.br\/blog\/wp-json\/wp\/v2\/categories?post=1911"},{"taxonomy":"post_tag","embeddable":true,"href":"https:\/\/iigual.com.br\/blog\/wp-json\/wp\/v2\/tags?post=1911"}],"curies":[{"name":"wp","href":"https:\/\/api.w.org\/{rel}","templated":true}]}}