{"id":1545,"date":"2021-11-06T14:10:00","date_gmt":"2021-11-06T17:10:00","guid":{"rendered":"https:\/\/iigual.com.br\/blog\/?p=1545"},"modified":"2021-11-05T14:25:34","modified_gmt":"2021-11-05T17:25:34","slug":"6-tracos-essenciais-de-um-local-de-trabalho-inclusivo-2","status":"publish","type":"post","link":"https:\/\/iigual.com.br\/blog\/6-tracos-essenciais-de-um-local-de-trabalho-inclusivo-2\/","title":{"rendered":"6 tra\u00e7os essenciais de um local de trabalho inclusivo"},"content":{"rendered":"\n<p>H\u00e1 alguns anos grande parte dos l\u00edderes viam a inclus\u00e3o como algo desnecess\u00e1rio para as empresas. \u00c9 verdade que muitos ainda pensam dessa forma hoje, mas depois que a lei de cotas foi institu\u00edda em 1991, a contrata\u00e7\u00e3o de pessoas com defici\u00eancia aumentou e as empresas est\u00e3o percebendo os benef\u00edcios de contratar esses profissionais e promover a inclus\u00e3o. No entanto, o conceito de inclus\u00e3o pode variar entre muitos l\u00edderes e gestores de RH. Alguns pensam que contratar uma equipe diversa j\u00e1 basta para promover a inclus\u00e3o. Outros acham que investir em acessibilidade \u00e9 o suficiente para obter uma cultura inclusiva. Entre outras coisas que empres\u00e1rios pensam que s\u00e3o o suficiente para um local de trabalho inclusivo.<\/p>\n\n\n\n<p>Embora esses esfor\u00e7os sejam \u00f3timos pontos de partida, uma organiza\u00e7\u00e3o que busca enfatizar verdadeiramente a inclus\u00e3o deve criar uma cultura que abrace ideias, perspectivas, experi\u00eancias e pessoas \u00fanicas.<\/p>\n\n\n\n<p>Investir em acessibilidade e contratar uma for\u00e7a de trabalho diversificada \u00e9 apenas parte da equa\u00e7\u00e3o. A chave para um ambiente de trabalho inclusivo \u00e9 garantir que cada funcion\u00e1rio se sinta inclu\u00eddo, e \u00e9 exatamente a\u00ed que muitas empresas perdem a for\u00e7a.<\/p>\n\n\n\n<p>Voc\u00ea precisa do verdadeiro compromisso de todos, todos os dias e em toda a organiza\u00e7\u00e3o, para criar uma cultura que pare\u00e7a inclusiva. Os l\u00edderes tamb\u00e9m precisam mostrar que valorizam de verdade as pessoas por tr\u00e1s das ideias e experi\u00eancias.<\/p>\n\n\n\n<p>Dessa forma, promover a inclus\u00e3o exige aten\u00e7\u00e3o a um conjunto de fatores importantes, mas principalmente o bem-estar de cada funcion\u00e1rio e o sentimento dele em rela\u00e7\u00e3o a empresa devem ser levados em conta.<\/p>\n\n\n\n<p>Para te ajudar a entender mais a respeito das caracter\u00edsticas que est\u00e3o relacionadas a um local de trabalho inclusivo, preparamos esse artigo que vai explanar mais a respeito desse assunto. Al\u00e9m disso, voc\u00ea vai ver tamb\u00e9m alguns benef\u00edcios de ter um ambiente de trabalho com a cultura inclusiva.<\/p>\n\n\n\n<div class=\"wp-block-image\"><figure class=\"aligncenter size-full\"><img loading=\"lazy\" decoding=\"async\" width=\"800\" height=\"400\" src=\"https:\/\/iigual.com.br\/blog\/wp-content\/uploads\/2021\/11\/6-tracos-essenciais-de-um-local-de-trabalho-inclusivo-1.jpg\" alt=\"\" class=\"wp-image-1546\" srcset=\"https:\/\/iigual.com.br\/blog\/wp-content\/uploads\/2021\/11\/6-tracos-essenciais-de-um-local-de-trabalho-inclusivo-1.jpg 800w, https:\/\/iigual.com.br\/blog\/wp-content\/uploads\/2021\/11\/6-tracos-essenciais-de-um-local-de-trabalho-inclusivo-1-300x150.jpg 300w, https:\/\/iigual.com.br\/blog\/wp-content\/uploads\/2021\/11\/6-tracos-essenciais-de-um-local-de-trabalho-inclusivo-1-768x384.jpg 768w, https:\/\/iigual.com.br\/blog\/wp-content\/uploads\/2021\/11\/6-tracos-essenciais-de-um-local-de-trabalho-inclusivo-1-360x180.jpg 360w, https:\/\/iigual.com.br\/blog\/wp-content\/uploads\/2021\/11\/6-tracos-essenciais-de-um-local-de-trabalho-inclusivo-1-750x375.jpg 750w\" sizes=\"auto, (max-width: 800px) 100vw, 800px\" \/><\/figure><\/div>\n\n\n\n<h2 class=\"wp-block-heading\">Benef\u00edcios de um local de trabalho inclusivo<\/h2>\n\n\n\n<p>Quando os diversos aspectos da inclus\u00e3o s\u00e3o levados em conta em uma empresa, muitos benef\u00edcios podem ser colhidos pela institui\u00e7\u00e3o. Veja a seguir apenas alguns dos benef\u00edcios que a sua empresa pode ter por construir uma cultura inclusiva.<\/p>\n\n\n\n<h3 class=\"wp-block-heading\">Funcion\u00e1rios mais engajados<\/h3>\n\n\n\n<p>Uma empresa inclusiva consegue proporcionar para todos os funcion\u00e1rios um sentimento de pertencimento. Quando os funcion\u00e1rios de uma empresa se sentem bem acolhidos eles se sentem mais motivados a trabalharem para o desenvolvimento da empresa.<\/p>\n\n\n\n<p>Funcion\u00e1rios bem engajados s\u00e3o a chave para o sucesso de uma institui\u00e7\u00e3o, visto que na maioria das vezes uma empresa depende de m\u00e3o de obra bem engajada para se desenvolver de forma plena.<\/p>\n\n\n\n<h3 class=\"wp-block-heading\">Maior bem-estar<\/h3>\n\n\n\n<p>Embora muitos ignorem esse fato, estamos vivendo uma nova revolu\u00e7\u00e3o industrial. Apesar dessa revolu\u00e7\u00e3o industrial ser baseada no uso de tecnologias, foi criado o<br>RH 4.0 para equilibrar essa revolu\u00e7\u00e3o.<\/p>\n\n\n\n<p>O RH 4.0 tem a inclus\u00e3o como base para proporcionar o bem-estar dos funcion\u00e1rios de uma empresa. Empresas que j\u00e1 promovem a inclus\u00e3o hoje podem ter uma vantagem competitiva no que diz respeito ao bem-estar dos funcion\u00e1rios no RH 4.0.<\/p>\n\n\n\n<p>Funcion\u00e1rios que se sentem bem na empresa em que trabalham proporcionam diversos benef\u00edcios para os empregadores. Podemos dizer que a promo\u00e7\u00e3o do bem-estar \u00e9 uma troca, pois os funcion\u00e1rios se sentem bem e dessa forma produzem mais para a empresa.<\/p>\n\n\n\n<h3 class=\"wp-block-heading\">Aumento na produtividade e melhor desempenho<\/h3>\n\n\n\n<p>Como mencionamos, a inclus\u00e3o promove um maior engajamento e melhora o bem-estar dos funcion\u00e1rios. Tudo isso proporciona aumento na produtividade na equipe e um melhor desempenho.<\/p>\n\n\n\n<h3 class=\"wp-block-heading\">Maior pool de talentos<\/h3>\n\n\n\n<p>Empresas que possuem uma cultura inclusiva, contratam pessoas com base nas suas qualifica\u00e7\u00f5es, n\u00e3o importa o g\u00eanero, ra\u00e7a, idade ou defici\u00eancia. Isso ajuda os empregadores a ampliarem o seu pool de talentos e, dessa forma eles conseguem contratar muito mais pessoas qualificadas para ocuparem diversas fun\u00e7\u00f5es dentro da empresa.<\/p>\n\n\n\n<h2 class=\"wp-block-heading\">6 caracter\u00edsticas de uma empresa inclusiva<\/h2>\n\n\n\n<p>Agora que voc\u00ea j\u00e1 sabe os benef\u00edcios de ter uma empresa inclusiva, veja a seguir algumas caracter\u00edsticas que identificam um local de trabalho inclusivo. Observe se a sua empresa j\u00e1 apresenta alguns desses tra\u00e7os e fa\u00e7a empenho para melhorar no que for preciso.<\/p>\n\n\n\n<h3 class=\"wp-block-heading\">Compromisso com a diversidade<\/h3>\n\n\n\n<p>A diversidade e a inclus\u00e3o andam lado a lado. Uma empresa inclusiva precisa ter compromisso com a diversidade por completo que inclui diversidade de g\u00eanero, ra\u00e7a, etnia, idade, defici\u00eancia e religi\u00e3o.<\/p>\n\n\n\n<p>Esses talentos diversos precisam fazer parte da equipe de uma empresa inclusiva e todos precisam se sentir acolhidos pela empresa, pois \u00e9 apenas dessa forma que a inclus\u00e3o pode funcionar de verdade.<\/p>\n\n\n\n<h3 class=\"wp-block-heading\">Igualdade de oportunidades<\/h3>\n\n\n\n<p>Esses talentos diversos precisam estar inseridos em todos os locais da empresa. Muitas empresas at\u00e9 contratam pessoas diversas para a sua equipe, no entanto, esses profissionais costumam ser contratados apenas para cargos de entrada e operacionais. Mas uma empresa inclusiva insere talentos diversos em diversos cargos.&nbsp;<\/p>\n\n\n\n<h3 class=\"wp-block-heading\">Foco nas pessoas<\/h3>\n\n\n\n<p>O foco principal de uma cultura inclusiva s\u00e3o as pessoas. Como mencionamos, em um ambiente de trabalho inclusivo os profissionais precisam se sentir pertencentes e acolhidos por toda a empresa. Para que isso aconte\u00e7a de forma efetiva, \u00e9 necess\u00e1rio que a empresa foque nas pessoas e no bem-estar delas.<\/p>\n\n\n\n<h3 class=\"wp-block-heading\">Abertura para opinar<\/h3>\n\n\n\n<p>Uma empresa inclusiva est\u00e1 aberta a opini\u00f5es dos funcion\u00e1rios e isso pode proporcionar muitos benef\u00edcios com uma equipe diversa. Pessoas de diferentes culturas, habilidades, forma\u00e7\u00f5es e experi\u00eancias podem levar diferentes ideias para a mesa, proporcionando inova\u00e7\u00e3o e criatividade.&nbsp;&nbsp;&nbsp;&nbsp;<\/p>\n\n\n\n<h3 class=\"wp-block-heading\">Acessibilidade<\/h3>\n\n\n\n<p>Isso pode parecer \u00f3bvio, mas uma empresa inclusiva precisa investir em acessibilidade. A acessibilidade ajuda a&nbsp; proporcionar para os funcion\u00e1rios com defici\u00eancia acesso \u00e0s \u00e1reas da empresa. Al\u00e9m disso, a acessibilidade tamb\u00e9m proporciona para esses funcion\u00e1rios a oportunidade de realizar suas fun\u00e7\u00f5es de forma apropriada de acordo com as habilidades que cada um possui.&nbsp;<\/p>\n\n\n\n<div class=\"wp-block-image\"><figure class=\"aligncenter size-full\"><img loading=\"lazy\" decoding=\"async\" width=\"800\" height=\"400\" src=\"https:\/\/iigual.com.br\/blog\/wp-content\/uploads\/2021\/11\/6-tracos-essenciais-de-um-local-de-trabalho-inclusivo-2.jpg\" alt=\"6 tra\u00e7os essenciais de um local de trabalho inclusivo\" class=\"wp-image-1547\" srcset=\"https:\/\/iigual.com.br\/blog\/wp-content\/uploads\/2021\/11\/6-tracos-essenciais-de-um-local-de-trabalho-inclusivo-2.jpg 800w, https:\/\/iigual.com.br\/blog\/wp-content\/uploads\/2021\/11\/6-tracos-essenciais-de-um-local-de-trabalho-inclusivo-2-300x150.jpg 300w, https:\/\/iigual.com.br\/blog\/wp-content\/uploads\/2021\/11\/6-tracos-essenciais-de-um-local-de-trabalho-inclusivo-2-768x384.jpg 768w, https:\/\/iigual.com.br\/blog\/wp-content\/uploads\/2021\/11\/6-tracos-essenciais-de-um-local-de-trabalho-inclusivo-2-360x180.jpg 360w, https:\/\/iigual.com.br\/blog\/wp-content\/uploads\/2021\/11\/6-tracos-essenciais-de-um-local-de-trabalho-inclusivo-2-750x375.jpg 750w\" sizes=\"auto, (max-width: 800px) 100vw, 800px\" \/><\/figure><\/div>\n\n\n\n<h3 class=\"wp-block-heading\">Pol\u00edticas antidiscrimina\u00e7\u00e3o<\/h3>\n\n\n\n<p>Em uma empresa inclusiva n\u00e3o existe espa\u00e7o para a discrimina\u00e7\u00e3o, seja ela de qualquer tipo. Dessa forma, uma empresa inclusiva deve possuir pol\u00edticas pr\u00e1ticas de antidiscrimina\u00e7\u00e3o para que nenhum membro da equipe seja v\u00edtima de preconceito dentro da empresa.<\/p>\n\n\n\n<p>Gostou do nosso artigo? Ent\u00e3o compartilhe essas informa\u00e7\u00f5es com outras pessoas para que elas tamb\u00e9m tenham acesso a esse tipo de conhecimento importante.<\/p>\n\n\n\n<p>A Iigual j\u00e1 incluiu mais de 20 mil <a href=\"https:\/\/iigual.com.br\/blog\/2021\/10\/07\/como-a-contratacao-de-pcds-pode-afetar-a-receita-da-sua-empresa\/\">PCDs<\/a> no mercado de trabalho. A consultoria nasceu da experi\u00eancia de vida do casal fundador Andrea Schwarz e Jaques Haber, quando Andrea se tornou cadeirante em 1998 aos 22 anos.<\/p>\n\n\n\n<p>Somos especializados em a\u00e7\u00f5es de Inclus\u00e3o e Diversidade com foco em recrutamento e sele\u00e7\u00e3o, palestras, treinamentos, acessibilidade f\u00edsica e digital, Censo da Inclus\u00e3o e Diversidade e consultoria em D&amp;I.<\/p>\n\n\n\n<p>Conhe\u00e7a mais sobre o nosso trabalho e acesse as redes dos nossos fundadores:<\/p>\n\n\n\n<p>Andrea Schwarz<\/p>\n\n\n\n<p>Linkedin<\/p>\n\n\n\n<p><a href=\"http:\/\/linkedin.com\/in\/andrea-schwarz\">http:\/\/linkedin.com\/in\/andrea-schwarz<\/a><\/p>\n\n\n\n<p>Instagram<\/p>\n\n\n\n<p>@dea_schwarz<\/p>\n\n\n\n<p>Jaques Haber<\/p>\n\n\n\n<p>Linkedin<\/p>\n\n\n\n<p><a href=\"http:\/\/linkedin.com\/in\/jaqueshaber\">http:\/\/linkedin.com\/in\/jaqueshaber<\/a><\/p>\n","protected":false},"excerpt":{"rendered":"<p>H\u00e1 alguns anos grande parte dos l\u00edderes viam a inclus\u00e3o como algo desnecess\u00e1rio para as empresas. \u00c9 verdade que muitos ainda pensam dessa forma hoje, mas depois que a lei de cotas foi institu\u00edda em 1991, a contrata\u00e7\u00e3o de pessoas com defici\u00eancia aumentou e as empresas est\u00e3o percebendo os benef\u00edcios de contratar esses profissionais e [&hellip;]<\/p>\n","protected":false},"author":7,"featured_media":1546,"comment_status":"open","ping_status":"open","sticky":false,"template":"","format":"standard","meta":{"footnotes":""},"categories":[4,6],"tags":[87,98,108,88,96,165,101,113,97,99],"class_list":["post-1545","post","type-post","status-publish","format-standard","has-post-thumbnail","hentry","category-inclusao","category-rh-inclusivo","tag-empresa","tag-iigual-inclusao","tag-iigual-inclusao-pcd","tag-inclusao","tag-inclusao-de-deficientes","tag-pcd","tag-pessoas-com-deficiencia","tag-representatividade","tag-selecao-de-pcd-para-empresas","tag-web-acessivel"],"_links":{"self":[{"href":"https:\/\/iigual.com.br\/blog\/wp-json\/wp\/v2\/posts\/1545","targetHints":{"allow":["GET"]}}],"collection":[{"href":"https:\/\/iigual.com.br\/blog\/wp-json\/wp\/v2\/posts"}],"about":[{"href":"https:\/\/iigual.com.br\/blog\/wp-json\/wp\/v2\/types\/post"}],"author":[{"embeddable":true,"href":"https:\/\/iigual.com.br\/blog\/wp-json\/wp\/v2\/users\/7"}],"replies":[{"embeddable":true,"href":"https:\/\/iigual.com.br\/blog\/wp-json\/wp\/v2\/comments?post=1545"}],"version-history":[{"count":1,"href":"https:\/\/iigual.com.br\/blog\/wp-json\/wp\/v2\/posts\/1545\/revisions"}],"predecessor-version":[{"id":1548,"href":"https:\/\/iigual.com.br\/blog\/wp-json\/wp\/v2\/posts\/1545\/revisions\/1548"}],"wp:featuredmedia":[{"embeddable":true,"href":"https:\/\/iigual.com.br\/blog\/wp-json\/wp\/v2\/media\/1546"}],"wp:attachment":[{"href":"https:\/\/iigual.com.br\/blog\/wp-json\/wp\/v2\/media?parent=1545"}],"wp:term":[{"taxonomy":"category","embeddable":true,"href":"https:\/\/iigual.com.br\/blog\/wp-json\/wp\/v2\/categories?post=1545"},{"taxonomy":"post_tag","embeddable":true,"href":"https:\/\/iigual.com.br\/blog\/wp-json\/wp\/v2\/tags?post=1545"}],"curies":[{"name":"wp","href":"https:\/\/api.w.org\/{rel}","templated":true}]}}