{"id":1541,"date":"2021-11-05T14:02:52","date_gmt":"2021-11-05T17:02:52","guid":{"rendered":"https:\/\/iigual.com.br\/blog\/?p=1541"},"modified":"2021-11-05T14:02:54","modified_gmt":"2021-11-05T17:02:54","slug":"como-receber-funcionarios-com-deficiencia-na-sua-empresa-de-forma-eficaz","status":"publish","type":"post","link":"https:\/\/iigual.com.br\/blog\/como-receber-funcionarios-com-deficiencia-na-sua-empresa-de-forma-eficaz\/","title":{"rendered":"Como receber funcion\u00e1rios com defici\u00eancia na sua empresa de forma eficaz?"},"content":{"rendered":"\n<p>Receber funcion\u00e1rios com defici\u00eancia em uma empresa deve ser motivo de grande orgulho e satisfa\u00e7\u00e3o, pois eles agregam valores fundamentais \u00e0 empresa e \u00e0 forma como ela se posiciona no mercado. Receber funcion\u00e1rios com defici\u00eancia envolve muitos fatores importantes, e neste artigo iremos listar alguns dos principais.<\/p>\n\n\n\n<p>Algumas empresas enfrentam dificuldades para entender e aceitar a import\u00e2ncia da contrata\u00e7\u00e3o de funcion\u00e1rios com defici\u00eancia, e isso precisa mudar. A Lei de Cotas foi criada como forma de obrigar as empresas a inclu\u00edrem no corpo de funcion\u00e1rios uma porcentagem de pessoas com defici\u00eancia, para que assim os locais de trabalho se tornassem mais diversos e pudessem desmistificar as falas que envolviam pessoas com defici\u00eancia no sentido negativo.<\/p>\n\n\n\n<p>Funcion\u00e1rios com defici\u00eancia s\u00e3o igualmente capazes de desempenhar suas fun\u00e7\u00f5es dentro da empresa com dedica\u00e7\u00e3o, qualidade e efici\u00eancia, basta que as empresas estejam prontas para receb\u00ea-las e para se adaptar \u00e0 sua presen\u00e7a.<\/p>\n\n\n\n<h2 class=\"wp-block-heading\">O que deve ser feito mesmo antes da contrata\u00e7\u00e3o?<\/h2>\n\n\n\n<p>O gestor da empresa deve levar em conta algumas atitudes importantes a serem tomadas antes do momento da contrata\u00e7\u00e3o. A primeira pergunta a se fazer dentro do ambiente corporativo \u00e9 se o grupo onde a pessoa com defici\u00eancia ser\u00e1 inclu\u00edda est\u00e1 preparada para lidar com essa mudan\u00e7a, se o espa\u00e7o onde este funcion\u00e1rio ir\u00e1 trabalhar est\u00e1 bem adaptado e se seus colegas sem defici\u00eancia est\u00e3o cientes da import\u00e2ncia da inclus\u00e3o feita de forma correta e gentil.<\/p>\n\n\n\n<p>A pessoa com defici\u00eancia precisa se sentir \u00fatil e ativa no grupo e, acima de tudo, respeitada. Se a gest\u00e3o da empresa n\u00e3o estiver preocupada em atender esses requisitos b\u00e1sicos, a inclus\u00e3o das pessoas com defici\u00eancia n\u00e3o passar\u00e1 de um cumprimento superficial de leis. \u00c9 indispens\u00e1vel lembrar-se sempre de que se trata de pessoas, e essas devem ser tratadas da melhor maneira poss\u00edvel, indiferente de sua defici\u00eancia.<\/p>\n\n\n\n<div class=\"wp-block-image\"><figure class=\"aligncenter size-full\"><img loading=\"lazy\" decoding=\"async\" width=\"800\" height=\"400\" src=\"https:\/\/iigual.com.br\/blog\/wp-content\/uploads\/2021\/11\/IIgual-05-11-2.jpg\" alt=\"\" class=\"wp-image-1542\" srcset=\"https:\/\/iigual.com.br\/blog\/wp-content\/uploads\/2021\/11\/IIgual-05-11-2.jpg 800w, https:\/\/iigual.com.br\/blog\/wp-content\/uploads\/2021\/11\/IIgual-05-11-2-300x150.jpg 300w, https:\/\/iigual.com.br\/blog\/wp-content\/uploads\/2021\/11\/IIgual-05-11-2-768x384.jpg 768w, https:\/\/iigual.com.br\/blog\/wp-content\/uploads\/2021\/11\/IIgual-05-11-2-360x180.jpg 360w, https:\/\/iigual.com.br\/blog\/wp-content\/uploads\/2021\/11\/IIgual-05-11-2-750x375.jpg 750w\" sizes=\"auto, (max-width: 800px) 100vw, 800px\" \/><\/figure><\/div>\n\n\n\n<h2 class=\"wp-block-heading\">A sensibilidade \u00e9 fundamental<\/h2>\n\n\n\n<p>Sabemos que, infelizmente, ainda h\u00e1 muito preconceito quanto ao potencial e a presen\u00e7a de funcion\u00e1rios com defici\u00eancia no ambiente de trabalho, o que dificulta muito a real inclus\u00e3o destes funcion\u00e1rios nos grupos corporativos.<\/p>\n\n\n\n<p>Uma pesquisa da Associa\u00e7\u00e3o Brasileira de Recursos Humanos revelou que mais da metade dos gestores de RH possuem resist\u00eancia quanto \u00e0 contrata\u00e7\u00e3o de PCD\u2019s e fogem constantemente da ideia. Essa resist\u00eancia, que come\u00e7a no momento da contrata\u00e7\u00e3o, se estende \u00e0 forma como os funcion\u00e1rios sem defici\u00eancia recebem e tratam colegas PCD\u2019s no ambiente de trabalho.<\/p>\n\n\n\n<p>\u00c9 preciso ter muita sensibilidade para lidar com o fato de que pessoas com defici\u00eancia, assim como qualquer outro grupo de pessoas, precisam de realiza\u00e7\u00e3o profissional, remunera\u00e7\u00e3o, ocupa\u00e7\u00e3o e reconhecimento pelo seu trabalho, e essa sensibilidade deve partir do setor respons\u00e1vel pela contrata\u00e7\u00e3o, para que haja um olhar mais emp\u00e1tico e confiante para pessoas com defici\u00eancia que, muito provavelmente, ir\u00e3o se destacar no desempenho de suas fun\u00e7\u00f5es.<\/p>\n\n\n\n<h2 class=\"wp-block-heading\">A empresa precisa estar disposta a se adaptar<\/h2>\n\n\n\n<p>Algo fundamental em como receber funcion\u00e1rios com defici\u00eancia na sua empresa de forma eficaz consiste em adaptar o ambiente para receb\u00ea-los, mas esta adapta\u00e7\u00e3o n\u00e3o se trata somente de espa\u00e7o f\u00edsico. Adaptar o ambiente \u00e9, sim, importante, como a implanta\u00e7\u00e3o de rampas de acesso, de barras de apoio nos banheiros, int\u00e9rpretes de LIBRAS, materiais em braile etc, mas adaptar o ambiente no quesito social \u00e9 indispens\u00e1vel. O respeito, o companheirismo, a gentileza e a empatia devem estar presentes em toda e qualquer comunica\u00e7\u00e3o direcionada aos colegas com defici\u00eancia.&nbsp;<\/p>\n\n\n\n<p>Essas adapta\u00e7\u00f5es, principalmente em rela\u00e7\u00e3o \u00e0 tratativa com pessoas com defici\u00eancia devem partir sempre da gest\u00e3o da empresa. Os funcion\u00e1rios ser\u00e3o positivamente influenciados pela forma como a gest\u00e3o da empresa lida com a presen\u00e7a de funcion\u00e1rios com defici\u00eancia no ambiente corporativo. Dessa forma, a empresa se tornar\u00e1 um ambiente que valoriza e respeita a diversidade.&nbsp;<\/p>\n\n\n\n<h2 class=\"wp-block-heading\">Exija que seus funcion\u00e1rios com defici\u00eancia respeitem funcion\u00e1rios PCD\u2019s<\/h2>\n\n\n\n<p>Se a empresa realmente pretende incluir de forma completa PCD\u2019s em seu grupo de colaboradores, \u00e9 extremamente importante que haja advert\u00eancias verbais e, se necess\u00e1rias, advert\u00eancias formais quanto a situa\u00e7\u00f5es de capacitismo, o preconceito manifestado contra pessoas com defici\u00eancia. O emprego de apelidos ofensivos, com termos pejorativos devem ser estritamente proibidos e advertidos, como forma de combater o preconceito.<\/p>\n\n\n\n<p>Incentive pol\u00edticas de bons modos, crie estrat\u00e9gias de incluir funcion\u00e1rios PCD\u2019s em reuni\u00f5es informais da empresa, celebra\u00e7\u00f5es, momentos de confraterniza\u00e7\u00e3o etc.&nbsp;<\/p>\n\n\n\n<h2 class=\"wp-block-heading\">N\u00e3o diminua suas expectativas quanto a seus funcion\u00e1rios PCD\u2019s<\/h2>\n\n\n\n<p>N\u00e3o espere menos de seus funcion\u00e1rios PCD\u2019s pelo simples fato de possu\u00edrem alguma defici\u00eancia, seja ela f\u00edsica ou intelectual. Tenha em mente que eles s\u00e3o completamente capazes de alcan\u00e7ar suas expectativas e re trazer saldos positivos para a empresa, pela sua compet\u00eancia, concentra\u00e7\u00e3o e dedica\u00e7\u00e3o.<\/p>\n\n\n\n<p>\u00c9 comum que funcion\u00e1rios sem defici\u00eancia queiram tomar para si responsabilidades que n\u00e3o s\u00e3o suas com medo da incapacidade do colega com defici\u00eancia, mas esse comportamento deve ser anulado, e o funcion\u00e1rio com defici\u00eancia deve sentir e perceber que tem liberdade para fazer o que lhe foi proposto da melhor forma poss\u00edvel.<\/p>\n\n\n\n<p>Com rela\u00e7\u00e3o aos gestores, n\u00e3o tenha medo de atribuir fun\u00e7\u00f5es e responsabilidades aos seus funcion\u00e1rios com defici\u00eancia. Confie em sua capacidade e forma\u00e7\u00e3o, e os pontos positivos que te levaram a contrat\u00e1-lo. Certamente eles trar\u00e3o muito aprendizado para todos que estiverem ao redor e poder\u00e3o se destacar facilmente em rela\u00e7\u00e3o aos demais funcion\u00e1rios sem defici\u00eancia.<\/p>\n\n\n\n<div class=\"wp-block-image\"><figure class=\"aligncenter size-full\"><img loading=\"lazy\" decoding=\"async\" width=\"800\" height=\"400\" src=\"https:\/\/iigual.com.br\/blog\/wp-content\/uploads\/2021\/11\/IIgual-05-11.jpg\" alt=\"Como receber funcion\u00e1rios com defici\u00eancia na sua empresa de forma eficaz?\" class=\"wp-image-1543\" srcset=\"https:\/\/iigual.com.br\/blog\/wp-content\/uploads\/2021\/11\/IIgual-05-11.jpg 800w, https:\/\/iigual.com.br\/blog\/wp-content\/uploads\/2021\/11\/IIgual-05-11-300x150.jpg 300w, https:\/\/iigual.com.br\/blog\/wp-content\/uploads\/2021\/11\/IIgual-05-11-768x384.jpg 768w, https:\/\/iigual.com.br\/blog\/wp-content\/uploads\/2021\/11\/IIgual-05-11-360x180.jpg 360w, https:\/\/iigual.com.br\/blog\/wp-content\/uploads\/2021\/11\/IIgual-05-11-750x375.jpg 750w\" sizes=\"auto, (max-width: 800px) 100vw, 800px\" \/><\/figure><\/div>\n\n\n\n<h2 class=\"wp-block-heading\">Tenha sempre em mente as qualidades de seu funcion\u00e1rio com defici\u00eancia<\/h2>\n\n\n\n<p>Lembre-se sempre do potencial que voc\u00ea enxergou em seu funcion\u00e1rio desde o primeiro contato com ele. N\u00e3o fique sempre batendo na tecla de sua defici\u00eancia, usando isso como pretexto para demonstrar desconfian\u00e7a. Foque no potencial demonstrado por ele, em sua vontade de trabalhar com excel\u00eancia e na forma \u00fanica que ele desempenha as tarefas. Enxergar o lado bom das pessoas ao nosso redor torna todas as coisas mais simples.<\/p>\n\n\n\n<p>Gostou do nosso artigo? Compartilhe com seus amigos e fale sobre a import\u00e2ncia de receber funcion\u00e1rios com defici\u00eancia da melhor forma.<\/p>\n\n\n\n<p>A Iigual j\u00e1 incluiu mais de 20 mil <a href=\"https:\/\/iigual.com.br\/blog\/2021\/10\/07\/como-o-rh-4-0-pode-afetar-a-inclusao-de-pcds-em-uma-empresa\/\">PCDs<\/a> no mercado de trabalho. A consultoria nasceu da experi\u00eancia de vida do casal fundador Andrea Schwarz e Jaques Haber, quando Andrea se tornou cadeirante em 1998 aos 22 anos.<\/p>\n\n\n\n<p>Somos especializados em a\u00e7\u00f5es de Inclus\u00e3o e Diversidade com foco em recrutamento e sele\u00e7\u00e3o, palestras, treinamentos, acessibilidade f\u00edsica e digital, Censo da Inclus\u00e3o e Diversidade e consultoria em D&amp;I.<\/p>\n\n\n\n<p>Conhe\u00e7a mais sobre o nosso trabalho e acesse as redes dos nossos fundadores:<\/p>\n\n\n\n<p>Andrea Schwarz<\/p>\n\n\n\n<p>Linkedin<\/p>\n\n\n\n<p><a href=\"http:\/\/linkedin.com\/in\/andrea-schwarz\">http:\/\/linkedin.com\/in\/andrea-schwarz<\/a><\/p>\n\n\n\n<p>Instagram<\/p>\n\n\n\n<p>@dea_schwarz<\/p>\n\n\n\n<p>Jaques Haber<\/p>\n\n\n\n<p>Linkedin<\/p>\n\n\n\n<p><a href=\"http:\/\/linkedin.com\/in\/jaqueshaber\">http:\/\/linkedin.com\/in\/jaqueshaber<\/a><\/p>\n","protected":false},"excerpt":{"rendered":"<p>Receber funcion\u00e1rios com defici\u00eancia em uma empresa deve ser motivo de grande orgulho e satisfa\u00e7\u00e3o, pois eles agregam valores fundamentais \u00e0 empresa e \u00e0 forma como ela se posiciona no mercado. Receber funcion\u00e1rios com defici\u00eancia envolve muitos fatores importantes, e neste artigo iremos listar alguns dos principais. Algumas empresas enfrentam dificuldades para entender e aceitar [&hellip;]<\/p>\n","protected":false},"author":7,"featured_media":1543,"comment_status":"open","ping_status":"open","sticky":false,"template":"","format":"standard","meta":{"footnotes":""},"categories":[4,6],"tags":[87,98,108,88,96,165,101,113,97,99],"class_list":["post-1541","post","type-post","status-publish","format-standard","has-post-thumbnail","hentry","category-inclusao","category-rh-inclusivo","tag-empresa","tag-iigual-inclusao","tag-iigual-inclusao-pcd","tag-inclusao","tag-inclusao-de-deficientes","tag-pcd","tag-pessoas-com-deficiencia","tag-representatividade","tag-selecao-de-pcd-para-empresas","tag-web-acessivel"],"_links":{"self":[{"href":"https:\/\/iigual.com.br\/blog\/wp-json\/wp\/v2\/posts\/1541","targetHints":{"allow":["GET"]}}],"collection":[{"href":"https:\/\/iigual.com.br\/blog\/wp-json\/wp\/v2\/posts"}],"about":[{"href":"https:\/\/iigual.com.br\/blog\/wp-json\/wp\/v2\/types\/post"}],"author":[{"embeddable":true,"href":"https:\/\/iigual.com.br\/blog\/wp-json\/wp\/v2\/users\/7"}],"replies":[{"embeddable":true,"href":"https:\/\/iigual.com.br\/blog\/wp-json\/wp\/v2\/comments?post=1541"}],"version-history":[{"count":1,"href":"https:\/\/iigual.com.br\/blog\/wp-json\/wp\/v2\/posts\/1541\/revisions"}],"predecessor-version":[{"id":1544,"href":"https:\/\/iigual.com.br\/blog\/wp-json\/wp\/v2\/posts\/1541\/revisions\/1544"}],"wp:featuredmedia":[{"embeddable":true,"href":"https:\/\/iigual.com.br\/blog\/wp-json\/wp\/v2\/media\/1543"}],"wp:attachment":[{"href":"https:\/\/iigual.com.br\/blog\/wp-json\/wp\/v2\/media?parent=1541"}],"wp:term":[{"taxonomy":"category","embeddable":true,"href":"https:\/\/iigual.com.br\/blog\/wp-json\/wp\/v2\/categories?post=1541"},{"taxonomy":"post_tag","embeddable":true,"href":"https:\/\/iigual.com.br\/blog\/wp-json\/wp\/v2\/tags?post=1541"}],"curies":[{"name":"wp","href":"https:\/\/api.w.org\/{rel}","templated":true}]}}