{"id":1533,"date":"2021-11-03T09:23:27","date_gmt":"2021-11-03T12:23:27","guid":{"rendered":"https:\/\/iigual.com.br\/blog\/?p=1533"},"modified":"2021-11-03T09:23:29","modified_gmt":"2021-11-03T12:23:29","slug":"cultura-inclusiva-conheca-mais-sobre-o-tema","status":"publish","type":"post","link":"https:\/\/iigual.com.br\/blog\/cultura-inclusiva-conheca-mais-sobre-o-tema\/","title":{"rendered":"Conhe\u00e7a o poder que uma cultura inclusiva pode proporcionar para a marca da sua empresa"},"content":{"rendered":"\n<p>Cada vez mais, \u00e9 prov\u00e1vel que sua empresa tenha mais funcion\u00e1rios de uma ampla variedade de origens sociais, religiosas e culturais. Uma diversidade de funcion\u00e1rios \u00e9 uma grande vantagem para promover uma atitude produtiva no local de trabalho e impactar positivamente a vis\u00e3o externa de sua empresa. Uma organiza\u00e7\u00e3o diversificada e inclusiva \u00e9 aquela que valoriza as coisas que tornam as pessoas \u00fanicas. Diversas empresas n\u00e3o apenas reconhecem, mas tamb\u00e9m celebram o fato de que pessoas com origens, habilidades e atitudes diferentes trazem novas ideias e pontos de vista para a experi\u00eancia dos funcion\u00e1rios.<\/p>\n\n\n\n<p>Essas organiza\u00e7\u00f5es tratam a diversidade como uma vantagem, incentivando as experi\u00eancias de vida e culturas individuais dos funcion\u00e1rios no ambiente de trabalho.<\/p>\n\n\n\n<p>Abra\u00e7ar a diversidade tamb\u00e9m afeta seus clientes, fornecedores e partes interessadas externas. Muitas organiza\u00e7\u00f5es est\u00e3o mais bem equipadas para tornar seus servi\u00e7os relevantes e acess\u00edveis a seus clientes em potencial.<\/p>\n\n\n\n<p>Muitas organiza\u00e7\u00f5es baseiam-se em uma ampla gama de pontos de vista e experi\u00eancias para que possam ouvir e atender \u00e0s diversas necessidades de seus clientes. As empresas l\u00edderes consistentemente mant\u00eam a diversidade como uma prioridade para ganhar for\u00e7a em um mercado cada vez mais competitivo.<\/p>\n\n\n\n<p>Se voc\u00ea tamb\u00e9m quer ter essa vantagem competitiva no meio corporativo, se destacando diante de outras empresas, clientes e fornecedores, precisa come\u00e7ar a pensar em construir uma cultura de diversidade e inclus\u00e3o na sua empresa.<\/p>\n\n\n\n<p>Para te ajudar com isso, desenvolvemos esse artigo que vai mostrar o poder que uma cultura inclusiva pode proporcionar para a sua marca e tamb\u00e9m vamos te mostrar algumas estrat\u00e9gias que podem te ajudar a construir uma cultura inclusiva.<\/p>\n\n\n\n<div class=\"wp-block-image\"><figure class=\"aligncenter size-full\"><img loading=\"lazy\" decoding=\"async\" width=\"800\" height=\"400\" src=\"https:\/\/iigual.com.br\/blog\/wp-content\/uploads\/2021\/11\/Conheca-o-poder-que-uma-cultura-inclusiva-pode-proporcionar-para-a-marca-da-sua-empresa-2.jpg\" alt=\"Conhe\u00e7a o poder que uma cultura inclusiva pode proporcionar para a marca da sua empresa\" class=\"wp-image-1535\" srcset=\"https:\/\/iigual.com.br\/blog\/wp-content\/uploads\/2021\/11\/Conheca-o-poder-que-uma-cultura-inclusiva-pode-proporcionar-para-a-marca-da-sua-empresa-2.jpg 800w, https:\/\/iigual.com.br\/blog\/wp-content\/uploads\/2021\/11\/Conheca-o-poder-que-uma-cultura-inclusiva-pode-proporcionar-para-a-marca-da-sua-empresa-2-300x150.jpg 300w, https:\/\/iigual.com.br\/blog\/wp-content\/uploads\/2021\/11\/Conheca-o-poder-que-uma-cultura-inclusiva-pode-proporcionar-para-a-marca-da-sua-empresa-2-768x384.jpg 768w, https:\/\/iigual.com.br\/blog\/wp-content\/uploads\/2021\/11\/Conheca-o-poder-que-uma-cultura-inclusiva-pode-proporcionar-para-a-marca-da-sua-empresa-2-360x180.jpg 360w, https:\/\/iigual.com.br\/blog\/wp-content\/uploads\/2021\/11\/Conheca-o-poder-que-uma-cultura-inclusiva-pode-proporcionar-para-a-marca-da-sua-empresa-2-750x375.jpg 750w\" sizes=\"auto, (max-width: 800px) 100vw, 800px\" \/><\/figure><\/div>\n\n\n\n<h2 class=\"wp-block-heading\">Benef\u00edcios da inclus\u00e3o para a sua marca<\/h2>\n\n\n\n<p>Uma cultura inclusiva pode proporcionar v\u00e1rios benef\u00edcios para a sua empresa. Mas quando o assunto \u00e9 a marca da sua empresa, voc\u00ea pode observar 3 vantagens principais que podem ser adquiridas por meio da diversidade e inclus\u00e3o.<\/p>\n\n\n\n<h3 class=\"wp-block-heading\">Atrai talentos diversos<\/h3>\n\n\n\n<p>Al\u00e9m de atrair clientes com a sua marca, voc\u00ea tamb\u00e9m deseja atrair talentos qualificados para a sua empresa. Muitas empresas argumentam que n\u00e3o conseguem contratar pessoas qualificadas para assumir determinadas fun\u00e7\u00f5es. No entanto, empresas podem estar peneirando demais os candidatos com base em estere\u00f3tipos preconceituosos.<\/p>\n\n\n\n<p>Em uma empresa inclusiva, as portas sempre estar\u00e3o abertas para contratar pessoas com base nas suas qualifica\u00e7\u00f5es e n\u00e3o pela sua apar\u00eancia, cultura ou g\u00eanero.&nbsp; Se voc\u00ea construir uma cultura inclusiva, vai conseguir os melhores talentos para a sua empresa.&nbsp;<\/p>\n\n\n\n<h3 class=\"wp-block-heading\">Fica a frente da concorr\u00eancia<\/h3>\n\n\n\n<p>Infelizmente a maioria das empresas ainda relutam em construir uma cultura inclusiva. Entretanto, pesquisas mostram que a inclus\u00e3o vai estar no futuro das grandes empresas e as empresas que n\u00e3o come\u00e7arem a promover a inclus\u00e3o a partir de agora, v\u00e3o ficar para tr\u00e1s.<\/p>\n\n\n\n<p>Se voc\u00ea quer que a sua empresa tenha um futuro de sucesso, ent\u00e3o precisa come\u00e7ar a criar estrat\u00e9gias para construir uma cultura inclusiva. Se voc\u00ea fizer isso, pode conseguir vantagens competitivas desde j\u00e1.<\/p>\n\n\n\n<p>Al\u00e9m disso, uma for\u00e7a de trabalho diversificada melhora a capacidade da empresa de envolver uma base de clientes diversificada e ter sucesso em um n\u00famero maior de mercados.<\/p>\n\n\n\n<h3 class=\"wp-block-heading\">Aumenta o engajamento<\/h3>\n\n\n\n<p>Al\u00e9m de atrair talentos e clientes, a inclus\u00e3o tamb\u00e9m melhora a sua marca diante dos funcion\u00e1rios que j\u00e1 fazem parte da sua empresa. A inclus\u00e3o tem como base o bem-estar dos funcion\u00e1rios e promove neles um sentimento de perten\u00e7a.<\/p>\n\n\n\n<p>Com esse sentimento de acolhimento, os funcion\u00e1rios se sentem mais motivados e comprometidos com o desenvolvimento da empresa em que trabalham.<\/p>\n\n\n\n<h2 class=\"wp-block-heading\">Estrat\u00e9gias para construir uma cultura inclusiva<\/h2>\n\n\n\n<p>Esses foram apenas alguns benef\u00edcios que a inclus\u00e3o pode proporcionar para a sua marca. Mas para colher esses e outros benef\u00edcios da inclus\u00e3o, \u00e9 importante come\u00e7ar a colocar em pr\u00e1tica estrat\u00e9gias que te ajudem a promover uma cultura inclusiva.<\/p>\n\n\n\n<h3 class=\"wp-block-heading\">Treine os l\u00edderes e os funcion\u00e1rios<\/h3>\n\n\n\n<p>\u00c9 importante que todos dentro da empresa se conscientizem sobre a necessidade da inclus\u00e3o.&nbsp; Para que isso aconte\u00e7a de forma efetiva, pode ser necess\u00e1rio promover treinamentos com todas as pessoas na empresa, incluindo os l\u00edderes.<\/p>\n\n\n\n<p>Quando os l\u00edderes e todos os outros funcion\u00e1rios est\u00e3o envolvidos em promover a inclus\u00e3o, o processo de constru\u00e7\u00e3o de uma cultura inclusiva pode ser bem mais f\u00e1cil.<\/p>\n\n\n\n<h3 class=\"wp-block-heading\">Crie um conselho de diversidade e inclus\u00e3o<\/h3>\n\n\n\n<p>Um conselho de inclus\u00e3o \u00e9 ideal para ajudar a colocar em pr\u00e1tica as estrat\u00e9gias de diversidade e inclus\u00e3o. Esse conselho pode ser ainda mais vantajoso se pessoas de grupos de minorias que trabalham na empresa fizerem parte dele.&nbsp;<\/p>\n\n\n\n<h3 class=\"wp-block-heading\">N\u00e3o tolere nenhum tipo de discrimina\u00e7\u00e3o<\/h3>\n\n\n\n<p>Seja voc\u00ea profissional de RH ou empres\u00e1rio, \u00e9 importante ter em mente que em uma cultura inclusiva n\u00e3o h\u00e1 nenhum espa\u00e7o para preconceito e discrimina\u00e7\u00e3o. Sendo assim, se eventos de discrimina\u00e7\u00e3o acontecerem na empresa, \u00e9 importante agir para cortar o mal pela raiz.<\/p>\n\n\n\n<h3 class=\"wp-block-heading\">Invista em acessibilidade<\/h3>\n\n\n\n<p>Outro ponto muito importante que tamb\u00e9m faz parte da inclus\u00e3o, \u00e9 a acessibilidade. Uma empresa inclusiva precisa investir em acessibilidade. Como mencionamos, em uma empresa inclusiva, os funcion\u00e1rios precisam se sentir acolhidos e benquistos, mas como um funcion\u00e1rio com defici\u00eancia pode se sentir assim em uma empresa que n\u00e3o promove nem os meios de ir e vir dos funcion\u00e1rios?<\/p>\n\n\n\n<p>Dessa forma, as empresas inclusivas precisam ter em mente que a acessibilidade \u00e9 indispens\u00e1vel.<\/p>\n\n\n\n<h3 class=\"wp-block-heading\">Foque no bem-estar dos funcion\u00e1rios<\/h3>\n\n\n\n<p>Em uma empresa inclusiva, todos os funcion\u00e1rios, n\u00e3o importa se s\u00e3o de grupos minorit\u00e1rios ou n\u00e3o, precisam se sentir acolhidos pela empresa e a empresa precisa promover um ambiente de bem-estar para todos.<\/p>\n\n\n\n<div class=\"wp-block-image\"><figure class=\"aligncenter size-full\"><img loading=\"lazy\" decoding=\"async\" width=\"800\" height=\"400\" src=\"https:\/\/iigual.com.br\/blog\/wp-content\/uploads\/2021\/11\/Conheca-o-poder-que-uma-cultura-inclusiva-pode-proporcionar-para-a-marca-da-sua-empresa-1.jpg\" alt=\"Conhe\u00e7a o poder que uma cultura inclusiva pode proporcionar para a marca da sua empresa\" class=\"wp-image-1534\" srcset=\"https:\/\/iigual.com.br\/blog\/wp-content\/uploads\/2021\/11\/Conheca-o-poder-que-uma-cultura-inclusiva-pode-proporcionar-para-a-marca-da-sua-empresa-1.jpg 800w, https:\/\/iigual.com.br\/blog\/wp-content\/uploads\/2021\/11\/Conheca-o-poder-que-uma-cultura-inclusiva-pode-proporcionar-para-a-marca-da-sua-empresa-1-300x150.jpg 300w, https:\/\/iigual.com.br\/blog\/wp-content\/uploads\/2021\/11\/Conheca-o-poder-que-uma-cultura-inclusiva-pode-proporcionar-para-a-marca-da-sua-empresa-1-768x384.jpg 768w, https:\/\/iigual.com.br\/blog\/wp-content\/uploads\/2021\/11\/Conheca-o-poder-que-uma-cultura-inclusiva-pode-proporcionar-para-a-marca-da-sua-empresa-1-360x180.jpg 360w, https:\/\/iigual.com.br\/blog\/wp-content\/uploads\/2021\/11\/Conheca-o-poder-que-uma-cultura-inclusiva-pode-proporcionar-para-a-marca-da-sua-empresa-1-750x375.jpg 750w\" sizes=\"auto, (max-width: 800px) 100vw, 800px\" \/><\/figure><\/div>\n\n\n\n<h3 class=\"wp-block-heading\">Pe\u00e7a ajuda uma consultoria especializada<\/h3>\n\n\n\n<p>Se voc\u00ea tiver dificuldade em colocar em pr\u00e1tica essas estrat\u00e9gias, voc\u00ea pode pedir ajuda de uma consultoria especializada em diversidade e inclus\u00e3o. Uma consultoria especializada pode te ajudar a construir uma cultura inclusiva de forma efetiva na sua empresa.<\/p>\n\n\n\n<p>Se voc\u00ea gostou do nosso artigo, compartilhe essas informa\u00e7\u00f5es com outros empres\u00e1rios e profissionais de RH, para que eles tamb\u00e9m tenham acesso a esse tipo de conhecimento importante.<\/p>\n\n\n\n<p>A Iigual j\u00e1 incluiu mais de 20 mil <a href=\"https:\/\/iigual.com.br\/blog\/2021\/08\/08\/como-o-rh-5-0-influencia-a-contratacao-de-funcionarios-pcd\/\">PCDs<\/a> no mercado de trabalho. A consultoria nasceu da experi\u00eancia de vida do casal fundador Andrea Schwarz e Jaques Haber, quando Andrea se tornou cadeirante em 1998 aos 22 anos.<\/p>\n\n\n\n<p>Somos especializados em a\u00e7\u00f5es de Inclus\u00e3o e Diversidade com foco em recrutamento e sele\u00e7\u00e3o, palestras, treinamentos, acessibilidade f\u00edsica e digital, Censo da Inclus\u00e3o e Diversidade e consultoria em D&amp;I.<\/p>\n\n\n\n<p>Conhe\u00e7a mais sobre o nosso trabalho e acesse as redes dos nossos fundadores:<\/p>\n\n\n\n<p>Andrea Schwarz<\/p>\n\n\n\n<p>Linkedin<\/p>\n\n\n\n<p><a href=\"http:\/\/linkedin.com\/in\/andrea-schwarz\">http:\/\/linkedin.com\/in\/andrea-schwarz<\/a><\/p>\n\n\n\n<p>Instagram<\/p>\n\n\n\n<p>@dea_schwarz<\/p>\n\n\n\n<p>Jaques Haber<\/p>\n\n\n\n<p>Linkedin<\/p>\n\n\n\n<p><a href=\"http:\/\/linkedin.com\/in\/jaqueshaber\">http:\/\/linkedin.com\/in\/jaqueshaber<\/a><\/p>\n","protected":false},"excerpt":{"rendered":"<p>Cada vez mais, \u00e9 prov\u00e1vel que sua empresa tenha mais funcion\u00e1rios de uma ampla variedade de origens sociais, religiosas e culturais. Uma diversidade de funcion\u00e1rios \u00e9 uma grande vantagem para promover uma atitude produtiva no local de trabalho e impactar positivamente a vis\u00e3o externa de sua empresa. Uma organiza\u00e7\u00e3o diversificada e inclusiva \u00e9 aquela que [&hellip;]<\/p>\n","protected":false},"author":7,"featured_media":1535,"comment_status":"open","ping_status":"open","sticky":false,"template":"","format":"standard","meta":{"footnotes":""},"categories":[4,6],"tags":[87,98,108,88,96,165,101,113,97,99],"class_list":["post-1533","post","type-post","status-publish","format-standard","has-post-thumbnail","hentry","category-inclusao","category-rh-inclusivo","tag-empresa","tag-iigual-inclusao","tag-iigual-inclusao-pcd","tag-inclusao","tag-inclusao-de-deficientes","tag-pcd","tag-pessoas-com-deficiencia","tag-representatividade","tag-selecao-de-pcd-para-empresas","tag-web-acessivel"],"_links":{"self":[{"href":"https:\/\/iigual.com.br\/blog\/wp-json\/wp\/v2\/posts\/1533","targetHints":{"allow":["GET"]}}],"collection":[{"href":"https:\/\/iigual.com.br\/blog\/wp-json\/wp\/v2\/posts"}],"about":[{"href":"https:\/\/iigual.com.br\/blog\/wp-json\/wp\/v2\/types\/post"}],"author":[{"embeddable":true,"href":"https:\/\/iigual.com.br\/blog\/wp-json\/wp\/v2\/users\/7"}],"replies":[{"embeddable":true,"href":"https:\/\/iigual.com.br\/blog\/wp-json\/wp\/v2\/comments?post=1533"}],"version-history":[{"count":1,"href":"https:\/\/iigual.com.br\/blog\/wp-json\/wp\/v2\/posts\/1533\/revisions"}],"predecessor-version":[{"id":1536,"href":"https:\/\/iigual.com.br\/blog\/wp-json\/wp\/v2\/posts\/1533\/revisions\/1536"}],"wp:featuredmedia":[{"embeddable":true,"href":"https:\/\/iigual.com.br\/blog\/wp-json\/wp\/v2\/media\/1535"}],"wp:attachment":[{"href":"https:\/\/iigual.com.br\/blog\/wp-json\/wp\/v2\/media?parent=1533"}],"wp:term":[{"taxonomy":"category","embeddable":true,"href":"https:\/\/iigual.com.br\/blog\/wp-json\/wp\/v2\/categories?post=1533"},{"taxonomy":"post_tag","embeddable":true,"href":"https:\/\/iigual.com.br\/blog\/wp-json\/wp\/v2\/tags?post=1533"}],"curies":[{"name":"wp","href":"https:\/\/api.w.org\/{rel}","templated":true}]}}