{"id":1508,"date":"2021-10-28T13:14:04","date_gmt":"2021-10-28T16:14:04","guid":{"rendered":"https:\/\/iigual.com.br\/blog\/?p=1508"},"modified":"2021-10-28T13:14:06","modified_gmt":"2021-10-28T16:14:06","slug":"pessoas-com-deficiencia-18","status":"publish","type":"post","link":"https:\/\/iigual.com.br\/blog\/pessoas-com-deficiencia-18\/","title":{"rendered":"Pessoas com defici\u00eancia &#8211; um ativo valioso no local de trabalho"},"content":{"rendered":"\n<p>A lei 8213\/91, mais conhecida como a lei de cotas, foi uma conquista muito importante para as pessoas com defici\u00eancia. Desde que essa lei foi institu\u00edda em 1991, houve um aumento significativo na contrata\u00e7\u00e3o de profissionais com defici\u00eancia, pois essa lei obriga as empresas com mais de 100 funcion\u00e1rios a contratarem de 2 a 5 por cento de profissionais com defici\u00eancia para fazer parte do seu quadro de funcion\u00e1rios.<\/p>\n\n\n\n<p>Embora essa lei tenha aumentado o n\u00famero de oportunidades de trabalho destinadas a pessoas com defici\u00eancia, a maioria das empresas at\u00e9 hoje, s\u00f3 contratam profissionais com defici\u00eancia por que s\u00e3o obrigadas a fazer isso.<\/p>\n\n\n\n<p>E como consequ\u00eancia disso, as empresas acham que est\u00e3o promovendo a inclus\u00e3o apenas por contratar PCDs, mas n\u00e3o d\u00e3o os outros passos necess\u00e1rios para construir uma cultura inclusiva. Essas atitudes podem gerar uma s\u00e9rie de consequ\u00eancias prejudiciais tanto para as empresas, como tamb\u00e9m para os profissionais que trabalham nessas empresas n\u00e3o inclusivas.<\/p>\n\n\n\n<p>O que empresas n\u00e3o inclusivas deixam de saber, ou de acreditar, \u00e9 que profissionais com defici\u00eancia podem ser um aditivo valioso para suas organiza\u00e7\u00f5es. Uma empresa que contrata profissionais com defici\u00eancia e promovem a inclus\u00e3o de forma efetiva pode conseguir muitos benef\u00edcios por contratar esses profissionais.<\/p>\n\n\n\n<p>No artigo de hoje vamos falar exatamente a respeito disso. Voc\u00ea vai ver o que a sua empresa pode ganhar por contratar pessoas com defici\u00eancia para fazer parte do quadro de funcion\u00e1rios da sua empresa. Mas antes disso, vamos ver porque algumas empresas ainda resistem quando se trata de contratar pessoas com defici\u00eancia.<\/p>\n\n\n\n<div class=\"wp-block-image\"><figure class=\"aligncenter size-full\"><img loading=\"lazy\" decoding=\"async\" width=\"800\" height=\"400\" src=\"https:\/\/iigual.com.br\/blog\/wp-content\/uploads\/2021\/10\/Pessoas-com-deficiencia-um-ativo-valioso-no-local-de-trabalho-1.jpg\" alt=\"Pessoas com defici\u00eancia - um ativo valioso no local de trabalho\" class=\"wp-image-1509\" srcset=\"https:\/\/iigual.com.br\/blog\/wp-content\/uploads\/2021\/10\/Pessoas-com-deficiencia-um-ativo-valioso-no-local-de-trabalho-1.jpg 800w, https:\/\/iigual.com.br\/blog\/wp-content\/uploads\/2021\/10\/Pessoas-com-deficiencia-um-ativo-valioso-no-local-de-trabalho-1-300x150.jpg 300w, https:\/\/iigual.com.br\/blog\/wp-content\/uploads\/2021\/10\/Pessoas-com-deficiencia-um-ativo-valioso-no-local-de-trabalho-1-768x384.jpg 768w, https:\/\/iigual.com.br\/blog\/wp-content\/uploads\/2021\/10\/Pessoas-com-deficiencia-um-ativo-valioso-no-local-de-trabalho-1-360x180.jpg 360w, https:\/\/iigual.com.br\/blog\/wp-content\/uploads\/2021\/10\/Pessoas-com-deficiencia-um-ativo-valioso-no-local-de-trabalho-1-750x375.jpg 750w\" sizes=\"auto, (max-width: 800px) 100vw, 800px\" \/><\/figure><\/div>\n\n\n\n<h2 class=\"wp-block-heading\">Por que as empresas ainda resistem em contratar profissionais com defici\u00eancia?<\/h2>\n\n\n\n<p>Mesmo com o aumento da contrata\u00e7\u00e3o de profissionais com defici\u00eancia, depois que a lei de cotas foi institu\u00edda, ainda h\u00e1 uma grande resist\u00eancia por parte dos empregadores e l\u00edderes em contratar pessoas com defici\u00eancia. Muitas empresas s\u00f3 contratam funcion\u00e1rios com defici\u00eancia porque s\u00e3o obrigadas pela lei a fazer isso, e de n\u00e3o fizerem podem sofrer as penalidades que a lei de cotas imp\u00f5e.<\/p>\n\n\n\n<p>Essa resist\u00eancia se apresenta na maioria das vezes por causa de preconceitos em rela\u00e7\u00e3o a pessoas com defici\u00eancia. Infelizmente muitos empregadores, bem como boa parte da sociedade, ainda consideram pessoas com defici\u00eancia incapazes de realizar atividades comuns do dia a dia, como trabalhar.<\/p>\n\n\n\n<p>Mas a verdade \u00e9 que pessoas com defici\u00eancia s\u00e3o t\u00e3o capazes como qualquer outra pessoa de realizarem qualquer tarefa que desejem. Pode ser que ela realize de outra forma, ou por outro meio para chegar em um fim, mas com certeza ela vai realizar.<\/p>\n\n\n\n<p>Al\u00e9m disso, os empregadores tamb\u00e9m pensam que ao contratar pessoas com defici\u00eancia, eles v\u00e3o ter que gastar muito com acessibilidade. No entanto, a acessibilidade \u00e9 um investimento, tanto para os funcion\u00e1rios, como tamb\u00e9m para os clientes com defici\u00eancia que uma empresa possui.<\/p>\n\n\n\n<p>Quando os empregadores pensam dessa forma, eles est\u00e3o na verdade privando a empresa e toda a equipe de colher os benef\u00edcios que os funcion\u00e1rios com defici\u00eancia e uma cultura inclusiva podem proporcionar.<\/p>\n\n\n\n<h2 class=\"wp-block-heading\">Que benef\u00edcios uma empresa pode obter por contratar profissionais com defici\u00eancia?<\/h2>\n\n\n\n<p>Empregadores com a mente aberta, que se preocupam com a inclus\u00e3o e deixam o preconceito e estere\u00f3tipos de lado, podem obter muitos benef\u00edcios por contratar profissionais com defici\u00eancia. Veja a seguir apenas alguns benef\u00edcios que uma empresa inclusiva que contrata pessoas com defici\u00eancia pode ter.<\/p>\n\n\n\n<h3 class=\"wp-block-heading\">Maior pool de talentos<\/h3>\n\n\n\n<p>Muitas empresas argumentam que existem vagas dispon\u00edveis, mas n\u00e3o conseguem encontrar profissionais qualificados para preencher essas vagas. Isso pode acontecer porque muitos empregadores contratam com base em estere\u00f3tipos e padr\u00f5es que a sociedade imp\u00f5e. Dessa forma, muitas empresas limitam o seu pool de talentos por causa disso.<\/p>\n\n\n\n<p>Mas quando a empresa \u00e9 inclusiva, ela amplia o seu pool de talentos, pois contrata com base nas qualifica\u00e7\u00f5es dos funcion\u00e1rios e n\u00e3o por causa da apar\u00eancia ou condi\u00e7\u00e3o f\u00edsica do candidato.<\/p>\n\n\n\n<h3 class=\"wp-block-heading\">Aumento na criatividade e inova\u00e7\u00e3o dos funcion\u00e1rios<\/h3>\n\n\n\n<p>Pesquisas mostram que empresas que promovem a diversidade e inclus\u00e3o contratando profissionais com defici\u00eancia e outros profissionais de grupos diversos, conseguem uma melhora significativa na criatividade e inova\u00e7\u00e3o dos funcion\u00e1rios.<\/p>\n\n\n\n<p>Isso acontece porque uma equipe diversa possui diversidade em experi\u00eancias, conhecimentos e habilidades. Dessa forma eles podem levar para a mesa todas essas informa\u00e7\u00f5es que estimulam a inova\u00e7\u00e3o e a criatividade da equipe.<\/p>\n\n\n\n<h3 class=\"wp-block-heading\">Diminui os riscos<\/h3>\n\n\n\n<p>Outro motivo que os empregadores deixam de contratar profissionais com defici\u00eancia, \u00e9 por que eles acham que os funcion\u00e1rios com defici\u00eancia v\u00e3o se envolver em acidentes de trabalho, prejudicando a empresa.<\/p>\n\n\n\n<p>No entanto, pesquisas mostram que o \u00edndice de funcion\u00e1rios com defici\u00eancia que se envolvem em acidentes de trabalho, s\u00e3o bem menores, quando comparados aos acidentes que acontecem com os funcion\u00e1rios sem defici\u00eancia.<\/p>\n\n\n\n<h3 class=\"wp-block-heading\">Diminui a rotatividade<\/h3>\n\n\n\n<p>Empresas inclusivas tamb\u00e9m diminuem os \u00edndices de rotatividade de profissionais com defici\u00eancia. Isso \u00e9 interessante pois, dados mostram que a rotatividade de pessoas com defici\u00eancia \u00e9 muito grande em empresas que n\u00e3o s\u00e3o inclusivas, mas em empresas inclusivas esses dados mudam totalmente e a rotatividade de profissionais com defici\u00eancia chega a ser menor quando comparada a rotatividade pessoas sem defici\u00eancia.<\/p>\n\n\n\n<div class=\"wp-block-image\"><figure class=\"aligncenter size-full\"><img loading=\"lazy\" decoding=\"async\" width=\"800\" height=\"400\" src=\"https:\/\/iigual.com.br\/blog\/wp-content\/uploads\/2021\/10\/Pessoas-com-deficiencia-um-ativo-valioso-no-local-de-trabalho-2.jpg\" alt=\"Pessoas com defici\u00eancia - um ativo valioso no local de trabalho\" class=\"wp-image-1510\" srcset=\"https:\/\/iigual.com.br\/blog\/wp-content\/uploads\/2021\/10\/Pessoas-com-deficiencia-um-ativo-valioso-no-local-de-trabalho-2.jpg 800w, https:\/\/iigual.com.br\/blog\/wp-content\/uploads\/2021\/10\/Pessoas-com-deficiencia-um-ativo-valioso-no-local-de-trabalho-2-300x150.jpg 300w, https:\/\/iigual.com.br\/blog\/wp-content\/uploads\/2021\/10\/Pessoas-com-deficiencia-um-ativo-valioso-no-local-de-trabalho-2-768x384.jpg 768w, https:\/\/iigual.com.br\/blog\/wp-content\/uploads\/2021\/10\/Pessoas-com-deficiencia-um-ativo-valioso-no-local-de-trabalho-2-360x180.jpg 360w, https:\/\/iigual.com.br\/blog\/wp-content\/uploads\/2021\/10\/Pessoas-com-deficiencia-um-ativo-valioso-no-local-de-trabalho-2-750x375.jpg 750w\" sizes=\"auto, (max-width: 800px) 100vw, 800px\" \/><\/figure><\/div>\n\n\n\n<h3 class=\"wp-block-heading\">Melhora a marca da empresa<\/h3>\n\n\n\n<p>Empresas inclusivas que contratam profissionais com defici\u00eancia conseguem melhorar a sua marca de forma significativa. A inclus\u00e3o \u00e9 o futuro das empresas de sucesso. Ent\u00e3o, se voc\u00ea quer que a sua marca se sobressaia, \u00e9 importante contratar cada vez mais funcion\u00e1rios com defici\u00eancia.<\/p>\n\n\n\n<h3 class=\"wp-block-heading\">Aumenta a produtividade e a receita da empresa<\/h3>\n\n\n\n<p>Contratar profissionais com defici\u00eancia e promover uma cultura inclusiva pode ajudar a aumentar a produtividade de todos os funcion\u00e1rios. Isso porque empresas inclusivas promovem de perto o bem-estar da sua equipe, fazendo com que os funcion\u00e1rios se sintam motivados a produzir mais e dessa forma aumenta a receita da empresa.<\/p>\n\n\n\n<p>Essas informa\u00e7\u00f5es foram \u00fateis para voc\u00ea? Ent\u00e3o compartilhe esse artigo com outros empres\u00e1rios e profissionais de RH para que eles tamb\u00e9m tenham acesso a esse conhecimento importante.<\/p>\n\n\n\n<p>A Iigual j\u00e1 incluiu mais de 20 mil <a href=\"https:\/\/iigual.com.br\/blog\/2021\/10\/05\/pcds-2\/\">PCDs<\/a> no mercado de trabalho. A consultoria nasceu da experi\u00eancia de vida do casal fundador Andrea Schwarz e Jaques Haber, quando Andrea se tornou cadeirante em 1998 aos 22 anos.<\/p>\n\n\n\n<p>Somos especializados em a\u00e7\u00f5es de Inclus\u00e3o e Diversidade com foco em recrutamento e sele\u00e7\u00e3o, palestras, treinamentos, acessibilidade f\u00edsica e digital, Censo da Inclus\u00e3o e Diversidade e consultoria em D&amp;I.<\/p>\n\n\n\n<p>Conhe\u00e7a mais sobre o nosso trabalho e acesse as redes dos nossos fundadores:<\/p>\n\n\n\n<p>Andrea Schwarz<\/p>\n\n\n\n<p>Linkedin<\/p>\n\n\n\n<p><a href=\"http:\/\/linkedin.com\/in\/andrea-schwarz\">http:\/\/linkedin.com\/in\/andrea-schwarz<\/a><\/p>\n\n\n\n<p>Instagram<\/p>\n\n\n\n<p>@dea_schwarz<\/p>\n\n\n\n<p>Jaques Haber<\/p>\n\n\n\n<p>Linkedin<\/p>\n\n\n\n<p><a href=\"http:\/\/linkedin.com\/in\/jaqueshaber\">http:\/\/linkedin.com\/in\/jaqueshaber<\/a><\/p>\n","protected":false},"excerpt":{"rendered":"<p>A lei 8213\/91, mais conhecida como a lei de cotas, foi uma conquista muito importante para as pessoas com defici\u00eancia. Desde que essa lei foi institu\u00edda em 1991, houve um aumento significativo na contrata\u00e7\u00e3o de profissionais com defici\u00eancia, pois essa lei obriga as empresas com mais de 100 funcion\u00e1rios a contratarem de 2 a 5 [&hellip;]<\/p>\n","protected":false},"author":7,"featured_media":1510,"comment_status":"open","ping_status":"open","sticky":false,"template":"","format":"standard","meta":{"footnotes":""},"categories":[4,6],"tags":[87,98,108,88,96,165,101,113,97,99],"class_list":["post-1508","post","type-post","status-publish","format-standard","has-post-thumbnail","hentry","category-inclusao","category-rh-inclusivo","tag-empresa","tag-iigual-inclusao","tag-iigual-inclusao-pcd","tag-inclusao","tag-inclusao-de-deficientes","tag-pcd","tag-pessoas-com-deficiencia","tag-representatividade","tag-selecao-de-pcd-para-empresas","tag-web-acessivel"],"_links":{"self":[{"href":"https:\/\/iigual.com.br\/blog\/wp-json\/wp\/v2\/posts\/1508","targetHints":{"allow":["GET"]}}],"collection":[{"href":"https:\/\/iigual.com.br\/blog\/wp-json\/wp\/v2\/posts"}],"about":[{"href":"https:\/\/iigual.com.br\/blog\/wp-json\/wp\/v2\/types\/post"}],"author":[{"embeddable":true,"href":"https:\/\/iigual.com.br\/blog\/wp-json\/wp\/v2\/users\/7"}],"replies":[{"embeddable":true,"href":"https:\/\/iigual.com.br\/blog\/wp-json\/wp\/v2\/comments?post=1508"}],"version-history":[{"count":1,"href":"https:\/\/iigual.com.br\/blog\/wp-json\/wp\/v2\/posts\/1508\/revisions"}],"predecessor-version":[{"id":1511,"href":"https:\/\/iigual.com.br\/blog\/wp-json\/wp\/v2\/posts\/1508\/revisions\/1511"}],"wp:featuredmedia":[{"embeddable":true,"href":"https:\/\/iigual.com.br\/blog\/wp-json\/wp\/v2\/media\/1510"}],"wp:attachment":[{"href":"https:\/\/iigual.com.br\/blog\/wp-json\/wp\/v2\/media?parent=1508"}],"wp:term":[{"taxonomy":"category","embeddable":true,"href":"https:\/\/iigual.com.br\/blog\/wp-json\/wp\/v2\/categories?post=1508"},{"taxonomy":"post_tag","embeddable":true,"href":"https:\/\/iigual.com.br\/blog\/wp-json\/wp\/v2\/tags?post=1508"}],"curies":[{"name":"wp","href":"https:\/\/api.w.org\/{rel}","templated":true}]}}