{"id":1504,"date":"2021-10-27T16:41:58","date_gmt":"2021-10-27T19:41:58","guid":{"rendered":"https:\/\/iigual.com.br\/blog\/?p=1504"},"modified":"2021-10-27T16:42:00","modified_gmt":"2021-10-27T19:42:00","slug":"inclusao-de-pessoas-com-deficiencia-no-local-de-trabalho","status":"publish","type":"post","link":"https:\/\/iigual.com.br\/blog\/inclusao-de-pessoas-com-deficiencia-no-local-de-trabalho\/","title":{"rendered":"Inclus\u00e3o de pessoas com defici\u00eancia no local de trabalho: O que \u00e9 e por que isso \u00e9 importante?"},"content":{"rendered":"\n<p>A inser\u00e7\u00e3o de pessoas com defici\u00eancia no ambiente de trabalho traz muitos benef\u00edcios para todos os envolvidos, sejam eles funcion\u00e1rios com defici\u00eancia ou n\u00e3o, todos saem ganhando. Mas infelizmente sabemos que este ainda \u00e9 um assunto delicado que ainda gera desconforto e do qual muitas pessoas se esquivam.&nbsp;<\/p>\n\n\n\n<p>O ambiente corporativo tem sofrido v\u00e1rias mudan\u00e7as e uma delas \u00e9 a inclus\u00e3o de pessoas com defici\u00eancia, uma forma bastante positiva e v\u00e1lida de derrubar o preconceito e tornar a sociedade mais igualit\u00e1ria. Muitas empresas v\u00eam adaptando inclusive seus espa\u00e7os f\u00edsicos para receber funcion\u00e1rios com defici\u00eancia e deix\u00e1-los confort\u00e1veis para desempenhar suas fun\u00e7\u00f5es e se locomover dentro da empresa sem barreiras.<\/p>\n\n\n\n<h2 class=\"wp-block-heading\">A presen\u00e7a do capacitismo no ambiente de trabalho e como ele impede que o ambiente de trabalho seja inclusivo<\/h2>\n\n\n\n<p>Infelizmente muitas pessoas com defici\u00eancia enfrentam dificuldades em se sentirem bem vindas e respeitadas em seu ambiente de trabalho, pois o capacitismo ainda est\u00e1 enraizado no comportamento de muitas pessoas. O capacitsimo \u00e9 a forma preconceituosa de tratar pessoas com defici\u00eancia, seja atrav\u00e9s de termos pejorativos, piadas, discrimina\u00e7\u00e3o ou qualquer pr\u00e1tica que exclua, constranja ou diminua a pessoa com defici\u00eancia. Uma forma eficaz de combat\u00ea-lo \u00e9 explicitar quais comportamentos se enquadram nesse tipo de preconceito e abomin\u00e1-lo, ou seja, proibir duramente que ele seja disseminado.<\/p>\n\n\n\n<p>Caso voc\u00ea presencie ou seja v\u00edtima de capacitismo em seu ambiente de trabalho n\u00e3o se cale, leve a situa\u00e7\u00e3o ao conhecimento de seus superiores, fa\u00e7a um boletim de ocorr\u00eancia ou procure um advogado de sua confian\u00e7a, como forma de frear tais comportamentos. Quando nos calamos ou omitimos situa\u00e7\u00f5es de capacitismo ou qualquer outro ato preconceituoso, estamos indiretamente fortalecendo a pr\u00e1tica do preconceito e relevando a impunidade sobre ela. Portanto, n\u00e3o deixe que essas situa\u00e7\u00f5es se tornem comuns em seu ambiente de trabalho.<\/p>\n\n\n\n<div class=\"wp-block-image\"><figure class=\"aligncenter size-full\"><img loading=\"lazy\" decoding=\"async\" width=\"800\" height=\"400\" src=\"https:\/\/iigual.com.br\/blog\/wp-content\/uploads\/2021\/10\/Inclusao-de-pessoas-com-deficiencia-no-local-de-trabalho-O-que-e-e-por-que-isso-e-importante-1.jpg\" alt=\"Inclus\u00e3o de pessoas com defici\u00eancia no local de trabalho\" class=\"wp-image-1505\" srcset=\"https:\/\/iigual.com.br\/blog\/wp-content\/uploads\/2021\/10\/Inclusao-de-pessoas-com-deficiencia-no-local-de-trabalho-O-que-e-e-por-que-isso-e-importante-1.jpg 800w, https:\/\/iigual.com.br\/blog\/wp-content\/uploads\/2021\/10\/Inclusao-de-pessoas-com-deficiencia-no-local-de-trabalho-O-que-e-e-por-que-isso-e-importante-1-300x150.jpg 300w, https:\/\/iigual.com.br\/blog\/wp-content\/uploads\/2021\/10\/Inclusao-de-pessoas-com-deficiencia-no-local-de-trabalho-O-que-e-e-por-que-isso-e-importante-1-768x384.jpg 768w, https:\/\/iigual.com.br\/blog\/wp-content\/uploads\/2021\/10\/Inclusao-de-pessoas-com-deficiencia-no-local-de-trabalho-O-que-e-e-por-que-isso-e-importante-1-360x180.jpg 360w, https:\/\/iigual.com.br\/blog\/wp-content\/uploads\/2021\/10\/Inclusao-de-pessoas-com-deficiencia-no-local-de-trabalho-O-que-e-e-por-que-isso-e-importante-1-750x375.jpg 750w\" sizes=\"auto, (max-width: 800px) 100vw, 800px\" \/><\/figure><\/div>\n\n\n\n<h2 class=\"wp-block-heading\">A import\u00e2ncia da Inclus\u00e3o<\/h2>\n\n\n\n<p>Ao contr\u00e1rio do que muitos pensam, a inclus\u00e3o n\u00e3o se trata somente de contratar pessoas com defici\u00eancia para sua empresa, mas vai al\u00e9m. A inclus\u00e3o \u00e9 a forma de inserir pessoas com defici\u00eancia e preparar o ambiente para receb\u00ea-las, seja esta prepara\u00e7\u00e3o do espa\u00e7o f\u00edsico ou da maneira de trabalhar, dos funcion\u00e1rios sem defici\u00eancia que j\u00e1 fazem parte do grupo de colaboradores, etc. Preparar o ambiente e tornar a viv\u00eancia das pessoas com defici\u00eancia o mais acess\u00edvel poss\u00edvel para que haja igualdade de condi\u00e7\u00f5es de desenvolver seu trabalho sem serem prejudicados pela falta dela, \u00e9 o que chamamos de inclus\u00e3o.<\/p>\n\n\n\n<p>Ela \u00e9 importante porque n\u00e3o somente traz mais seguran\u00e7a e bem estar ao funcion\u00e1rio com defici\u00eancia, mas tamb\u00e9m mostra aos demais funcion\u00e1rios sem defici\u00eancia que podemos viver numa sociedade que trata todos como iguais sem excluir ou inviabilizar pr\u00e1ticas sociais e profissionais.<\/p>\n\n\n\n<h2 class=\"wp-block-heading\">Como o departamento de Recursos Humanos das empresas lidam com funcion\u00e1rios com defici\u00eancia<\/h2>\n\n\n\n<p>Sabemos que h\u00e1&nbsp; uma lei que obriga as empresas a realizar a contrata\u00e7\u00e3o de pessoas com defici\u00eancia, e esta \u00e9 uma demonstra\u00e7\u00e3o clara de inclus\u00e3o. Mas como o setor de Recursos Humanos (RH), setor respons\u00e1vel pela contrata\u00e7\u00e3o, est\u00e1 lidando com esses futuros funcion\u00e1rios? \u00c9 necess\u00e1ria uma aten\u00e7\u00e3o especial por parte dos diretores de empresas quanto a sua equipe de RH, pois casos de exclus\u00e3o no momento da contrata\u00e7\u00e3o infelizmente t\u00eam sido muito comuns. Para que isso n\u00e3o aconte\u00e7a, a equipe respons\u00e1vel pela contrata\u00e7\u00e3o deve ser emp\u00e1tica, consciente e humana, para lidar com as pessoas com defici\u00eancia de forma mais justa e igualit\u00e1ria.<\/p>\n\n\n\n<p>Alguns especialistas dizem, ainda, que muitos setores de RH n\u00e3o sabem da exist\u00eancia da lei que obriga a contrata\u00e7\u00e3o de pessoas com defici\u00eancia nas empresas, e dizem que isso deveria ser pauta da gradua\u00e7\u00e3o em Recursos Humanos, para a qual deveriam dar muita aten\u00e7\u00e3o.&nbsp;<\/p>\n\n\n\n<h2 class=\"wp-block-heading\">O que a empresa pode fazer para se tornar um ambiente mais inclusivo?<\/h2>\n\n\n\n<p>\u00c9 fundamental que a empresa tenha atitudes que enfatizem a import\u00e2ncia da inclus\u00e3o, e que a iniciativa parta sempre dela. Algumas a\u00e7\u00f5es que podem levar os funcion\u00e1rios sem defici\u00eancia a entender a import\u00e2ncia da inclus\u00e3o \u00e9 promover palestras, workshops que abordam o assunto, de prefer\u00eancia sob a lideran\u00e7a de funcion\u00e1rios com defici\u00eancia, que ter\u00e3o muito mais propriedade para falar sobre o assunto.<\/p>\n\n\n\n<p>A empresa tamb\u00e9m pode preparar seu espa\u00e7o f\u00edsico para receber pessoas com defici\u00eancia, como a constru\u00e7\u00e3o de rampas de acesso, coloca\u00e7\u00e3o de barras de apoio nos banheiros, instru\u00e7\u00f5es e materiais em braile para funcion\u00e1rios com defici\u00eancia visual, etc.<\/p>\n\n\n\n<p>Pensar em atitudes que tornem o ambiente inclusivo pode trazer \u00e0 empresa destaque em acessibilidade e inclus\u00e3o, o que pode ser um exemplo muito positivo para as demais empresas.<\/p>\n\n\n\n<div class=\"wp-block-image\"><figure class=\"aligncenter size-full\"><img loading=\"lazy\" decoding=\"async\" width=\"800\" height=\"400\" src=\"https:\/\/iigual.com.br\/blog\/wp-content\/uploads\/2021\/10\/Inclusao-de-pessoas-com-deficiencia-no-local-de-trabalho-O-que-e-e-por-que-isso-e-importante-2.jpg\" alt=\"Inclus\u00e3o de pessoas com defici\u00eancia no local de trabalho\" class=\"wp-image-1506\" srcset=\"https:\/\/iigual.com.br\/blog\/wp-content\/uploads\/2021\/10\/Inclusao-de-pessoas-com-deficiencia-no-local-de-trabalho-O-que-e-e-por-que-isso-e-importante-2.jpg 800w, https:\/\/iigual.com.br\/blog\/wp-content\/uploads\/2021\/10\/Inclusao-de-pessoas-com-deficiencia-no-local-de-trabalho-O-que-e-e-por-que-isso-e-importante-2-300x150.jpg 300w, https:\/\/iigual.com.br\/blog\/wp-content\/uploads\/2021\/10\/Inclusao-de-pessoas-com-deficiencia-no-local-de-trabalho-O-que-e-e-por-que-isso-e-importante-2-768x384.jpg 768w, https:\/\/iigual.com.br\/blog\/wp-content\/uploads\/2021\/10\/Inclusao-de-pessoas-com-deficiencia-no-local-de-trabalho-O-que-e-e-por-que-isso-e-importante-2-360x180.jpg 360w, https:\/\/iigual.com.br\/blog\/wp-content\/uploads\/2021\/10\/Inclusao-de-pessoas-com-deficiencia-no-local-de-trabalho-O-que-e-e-por-que-isso-e-importante-2-750x375.jpg 750w\" sizes=\"auto, (max-width: 800px) 100vw, 800px\" \/><\/figure><\/div>\n\n\n\n<h2 class=\"wp-block-heading\">Por que \u00e9 importante a inclus\u00e3o de pessoas com defici\u00eancia?<\/h2>\n\n\n\n<p>N\u00e3o podemos negar que a sociedade j\u00e1 foi muito cruel com pessoas com defici\u00eancia. Houve inclusive um per\u00edodo da hist\u00f3ria em que se considerava uma maldi\u00e7\u00e3o nascer com alguma defici\u00eancia, e ter um membro da fam\u00edlia com defici\u00eancia era motivo de vergonha para todos, quem dir\u00e1 para a pr\u00f3pria pessoa. Elas eram proibidas de ocupar espa\u00e7os p\u00fablicos juntamente com pessoas sem defici\u00eancia, tinham extrema dificuldade em se relacionar, constituir fam\u00edlia, arrumar emprego, estudar, pois eram literalmente e cruelmente exclu\u00eddas da sociedade em todos os \u00e2mbitos.<\/p>\n\n\n\n<p>Essa desigualdade se estendeu por muitos anos, at\u00e9 que pol\u00edticas de inclus\u00e3o foram sendo criadas a fim de derrubar o preconceito e tornar a vida de pessoas com defici\u00eancia mais simples e comum, tornando poss\u00edvel a presen\u00e7a delas nos mais diversos ambientes. O caminho at\u00e9 a igualdade e o fim do preconceito \u00e9 longo e cheio de percal\u00e7os, mas estamos caminhando por ele e damos um passo por dia, o que \u00e9 muito importante e faz toda a diferen\u00e7a.<\/p>\n\n\n\n<p>A inclus\u00e3o devolve \u00e0 pessoa com defici\u00eancia o senso de pertencimento, pois devolve a elas a liberdade de ocupar espa\u00e7os, cargos, desempenhar fun\u00e7\u00f5es, realizar sonhos e metas, se sentirem capazes, \u00fanicas e importantes para o funcionamento de uma empresa, ou uma mente pensante na universidade, ou seja qual for o local ou papel que a pessoa com defici\u00eancia queira desempenhar.<\/p>\n\n\n\n<p>Gostou do nosso artigo? Compartilhe com seus amigos e discutam sobre a import\u00e2ncia da inclus\u00e3o no ambiente de trabalho e comente aqui se voc\u00ea j\u00e1 presenciou situa\u00e7\u00f5es de exclus\u00e3o em algum local onde j\u00e1 trabalhou, e qual foi sua atitude diante disso.<\/p>\n\n\n\n<p>A Iigual j\u00e1 incluiu mais de 20 mil <a href=\"https:\/\/iigual.com.br\/blog\/2021\/10\/07\/como-a-contratacao-de-pcds-pode-afetar-a-receita-da-sua-empresa\/\">PCDs<\/a> no mercado de trabalho. A consultoria nasceu da experi\u00eancia de vida do casal fundador Andrea Schwarz e Jaques Haber, quando Andrea se tornou cadeirante em 1998 aos 22 anos.<\/p>\n\n\n\n<p>Somos especializados em a\u00e7\u00f5es de Inclus\u00e3o e Diversidade com foco em recrutamento e sele\u00e7\u00e3o, palestras, treinamentos, acessibilidade f\u00edsica e digital, Censo da Inclus\u00e3o e Diversidade e consultoria em D&amp;I.<\/p>\n\n\n\n<p>Conhe\u00e7a mais sobre o nosso trabalho e acesse as redes dos nossos fundadores:<\/p>\n\n\n\n<p>Andrea Schwarz<\/p>\n\n\n\n<p>Linkedin<\/p>\n\n\n\n<p><a href=\"http:\/\/linkedin.com\/in\/andrea-schwarz\">http:\/\/linkedin.com\/in\/andrea-schwarz<\/a><\/p>\n\n\n\n<p>Instagram<\/p>\n\n\n\n<p>@dea_schwarz<\/p>\n\n\n\n<p>Jaques Haber<\/p>\n\n\n\n<p>Linkedin<\/p>\n\n\n\n<p><a href=\"http:\/\/linkedin.com\/in\/jaqueshaber\">http:\/\/linkedin.com\/in\/jaqueshaber<\/a><\/p>\n","protected":false},"excerpt":{"rendered":"<p>A inser\u00e7\u00e3o de pessoas com defici\u00eancia no ambiente de trabalho traz muitos benef\u00edcios para todos os envolvidos, sejam eles funcion\u00e1rios com defici\u00eancia ou n\u00e3o, todos saem ganhando. Mas infelizmente sabemos que este ainda \u00e9 um assunto delicado que ainda gera desconforto e do qual muitas pessoas se esquivam.&nbsp; O ambiente corporativo tem sofrido v\u00e1rias mudan\u00e7as [&hellip;]<\/p>\n","protected":false},"author":7,"featured_media":1505,"comment_status":"open","ping_status":"open","sticky":false,"template":"","format":"standard","meta":{"footnotes":""},"categories":[4,6],"tags":[98,108,88,96],"class_list":["post-1504","post","type-post","status-publish","format-standard","has-post-thumbnail","hentry","category-inclusao","category-rh-inclusivo","tag-iigual-inclusao","tag-iigual-inclusao-pcd","tag-inclusao","tag-inclusao-de-deficientes"],"_links":{"self":[{"href":"https:\/\/iigual.com.br\/blog\/wp-json\/wp\/v2\/posts\/1504","targetHints":{"allow":["GET"]}}],"collection":[{"href":"https:\/\/iigual.com.br\/blog\/wp-json\/wp\/v2\/posts"}],"about":[{"href":"https:\/\/iigual.com.br\/blog\/wp-json\/wp\/v2\/types\/post"}],"author":[{"embeddable":true,"href":"https:\/\/iigual.com.br\/blog\/wp-json\/wp\/v2\/users\/7"}],"replies":[{"embeddable":true,"href":"https:\/\/iigual.com.br\/blog\/wp-json\/wp\/v2\/comments?post=1504"}],"version-history":[{"count":1,"href":"https:\/\/iigual.com.br\/blog\/wp-json\/wp\/v2\/posts\/1504\/revisions"}],"predecessor-version":[{"id":1507,"href":"https:\/\/iigual.com.br\/blog\/wp-json\/wp\/v2\/posts\/1504\/revisions\/1507"}],"wp:featuredmedia":[{"embeddable":true,"href":"https:\/\/iigual.com.br\/blog\/wp-json\/wp\/v2\/media\/1505"}],"wp:attachment":[{"href":"https:\/\/iigual.com.br\/blog\/wp-json\/wp\/v2\/media?parent=1504"}],"wp:term":[{"taxonomy":"category","embeddable":true,"href":"https:\/\/iigual.com.br\/blog\/wp-json\/wp\/v2\/categories?post=1504"},{"taxonomy":"post_tag","embeddable":true,"href":"https:\/\/iigual.com.br\/blog\/wp-json\/wp\/v2\/tags?post=1504"}],"curies":[{"name":"wp","href":"https:\/\/api.w.org\/{rel}","templated":true}]}}