{"id":1492,"date":"2021-10-25T15:31:04","date_gmt":"2021-10-25T18:31:04","guid":{"rendered":"https:\/\/iigual.com.br\/blog\/?p=1492"},"modified":"2021-10-25T15:31:06","modified_gmt":"2021-10-25T18:31:06","slug":"inclusiva-como-saber-se-sua-empresa-euma-delas","status":"publish","type":"post","link":"https:\/\/iigual.com.br\/blog\/inclusiva-como-saber-se-sua-empresa-euma-delas\/","title":{"rendered":"Como saber se a sua empresa \u00e9 inclusiva?"},"content":{"rendered":"\n<p>Como saber se a sua empresa \u00e9 inclusiva? O sentimento de se sentir acolhido e pertencente a um grupo nunca nos abandona. Quando somos crian\u00e7as temos que nos adaptar a fam\u00edlia, na escola fazemos de tudo para parecermos com os amigos. Na adolesc\u00eancia, nos esfor\u00e7amos para nos misturarmos a um grupo e \u00e0s vezes mudamos at\u00e9 a nossa apar\u00eancia para fazer isso acontecer. Na fase adulta esse sentimento continua nos acompanhando no local de trabalho, pois queremos tamb\u00e9m fazer parte da equipe.<\/p>\n\n\n\n<p>Embora muitas empresas preguem a diversidade, a inclus\u00e3o \u00e9 deixada de lado na maioria das vezes. Pesquisas mostram que a diversidade pode proporcionar diversos benef\u00edcios para o ambiente de trabalho, mas sem a inclus\u00e3o a diversidade \u00e9 in\u00fatil.<\/p>\n\n\n\n<p>Mas qual a diferen\u00e7a entre diversidade e inclus\u00e3o? Levando para o ambiente de trabalho, ter uma empresa diversa significa que voc\u00ea deve contratar pessoas com caracter\u00edsticas e experi\u00eancias diferentes. J\u00e1 a inclus\u00e3o est\u00e1 relacionada ao ambiente de trabalho acolhedor que a empresa promove para todas essas pessoas.<\/p>\n\n\n\n<p>A inclus\u00e3o \u00e9 a base para a diversidade dar certo, por isso voc\u00ea deve ficar atento \u00e0s pol\u00edticas de inclus\u00e3o da sua empresa. Mas como saber se a sua empresa \u00e9 inclusiva? Neste artigo vamos abordar algumas perguntas que voc\u00ea deve se fazer para saber se a sua empresa possui uma cultura inclusiva. Analise essas informa\u00e7\u00f5es e tente fazer as mudan\u00e7as necess\u00e1rias para aumentar a inclus\u00e3o na sua empresa.&nbsp;<\/p>\n\n\n\n<div class=\"wp-block-image\"><figure class=\"aligncenter size-full\"><img loading=\"lazy\" decoding=\"async\" width=\"800\" height=\"400\" src=\"https:\/\/iigual.com.br\/blog\/wp-content\/uploads\/2021\/10\/Como-saber-se-a-sua-empresa-e-inclusiva-2.jpg\" alt=\"Como saber se a sua empresa \u00e9 inclusiva?\" class=\"wp-image-1494\" srcset=\"https:\/\/iigual.com.br\/blog\/wp-content\/uploads\/2021\/10\/Como-saber-se-a-sua-empresa-e-inclusiva-2.jpg 800w, https:\/\/iigual.com.br\/blog\/wp-content\/uploads\/2021\/10\/Como-saber-se-a-sua-empresa-e-inclusiva-2-300x150.jpg 300w, https:\/\/iigual.com.br\/blog\/wp-content\/uploads\/2021\/10\/Como-saber-se-a-sua-empresa-e-inclusiva-2-768x384.jpg 768w, https:\/\/iigual.com.br\/blog\/wp-content\/uploads\/2021\/10\/Como-saber-se-a-sua-empresa-e-inclusiva-2-360x180.jpg 360w, https:\/\/iigual.com.br\/blog\/wp-content\/uploads\/2021\/10\/Como-saber-se-a-sua-empresa-e-inclusiva-2-750x375.jpg 750w\" sizes=\"auto, (max-width: 800px) 100vw, 800px\" \/><\/figure><\/div>\n\n\n\n<h2 class=\"wp-block-heading\">Voc\u00ea faz da diversidade prioridade?<\/h2>\n\n\n\n<p>Assim como a base da diversidade \u00e9 a inclus\u00e3o, a base da inclus\u00e3o \u00e9 ter uma for\u00e7a de trabalho diversificada. Diante disso, fa\u00e7a uma an\u00e1lise dos funcion\u00e1rios contratados pela sua empresa e verifique quantos deles fazem parte de grupos minorit\u00e1rios.<\/p>\n\n\n\n<p>Veja em que cargos est\u00e3o as pessoas com defici\u00eancia, os negros, as pessoas LGBTQIA+. Se essas pessoas estiverem apenas em cargos de entrada e operacionais, tamb\u00e9m \u00e9 algo que precisa ser ajustado.<\/p>\n\n\n\n<p>Para que a diversidade seja efetiva, \u00e9 preciso contratar pessoas diferentes para preencher diferentes cargos, at\u00e9 mesmo os cargos de lideran\u00e7a de uma empresa.<\/p>\n\n\n\n<h2 class=\"wp-block-heading\">Todos os funcion\u00e1rios sabem a import\u00e2ncia da diversidade e inclus\u00e3o?<\/h2>\n\n\n\n<p>A maioria das pessoas tende a pensar na diversidade apenas em termos de ra\u00e7a e g\u00eanero. No entanto, a diversidade vai muito al\u00e9m disso. A verdadeira diversidade inclui ra\u00e7a, g\u00eanero, idade, grupo \u00e9tnico, personalidade, estilo cognitivo, fun\u00e7\u00e3o organizacional, educa\u00e7\u00e3o, hist\u00f3rico, defici\u00eancia, sexualidade, cren\u00e7as religiosas e muito mais.<\/p>\n\n\n\n<p>Somente uma for\u00e7a de trabalho que entende o que a diversidade realmente significa pode trabalhar na cria\u00e7\u00e3o de uma cultura inclusiva.<\/p>\n\n\n\n<p>Para saber como est\u00e1 o n\u00edvel de conhecimento a respeito da diversidade e inclus\u00e3o da sua empresa, voc\u00ea pode fazer uma pesquisa an\u00f4nima sobre o assunto e saber em m\u00e9dia o n\u00edvel de informa\u00e7\u00f5es que os funcion\u00e1rios da equipe possuem.<\/p>\n\n\n\n<h2 class=\"wp-block-heading\">A gest\u00e3o est\u00e1 aberta a mudan\u00e7as?<\/h2>\n\n\n\n<p>\u00c0 medida que voc\u00ea trabalha para tornar sua empresa inclusiva, \u00e9 importante perceber que certamente haver\u00e1 barreiras e lacunas, por isso ser\u00e1 fundamental permanecer aberto a mudan\u00e7as. As pol\u00edticas podem precisar ser alteradas se forem limitantes, podem ser necess\u00e1rias altera\u00e7\u00f5es para funcion\u00e1rios espec\u00edficos. Um local de trabalho inclusivo far\u00e1 um esfor\u00e7o extra para considerar a seguran\u00e7a e o conforto de todos os funcion\u00e1rios.<\/p>\n\n\n\n<p>Por exemplo, talvez precisem ser feitas algumas mudan\u00e7as em rela\u00e7\u00e3o \u00e0 estrutura do pr\u00e9dio da empresa para aumentar a acessibilidade dos funcion\u00e1rios com defici\u00eancia. Como os gestores encarariam essas mudan\u00e7as? Isso \u00e9 algo que deve ser levado em conta, por l\u00edderes precisam ter a mente aberta a mudan\u00e7as para propiciar um ambiente de trabalho inclusivo.<\/p>\n\n\n\n<h2 class=\"wp-block-heading\">O funcionamento da empresa \u00e9 transparente?<\/h2>\n\n\n\n<p>Pesquisas mostram que um ambiente de trabalho inclusivo come\u00e7a pelo topo. Uma empresa inclusiva \u00e9 transparente com os funcion\u00e1rios a respeito das pol\u00edticas de inclus\u00e3o.&nbsp; Algumas empresas possuem programas de treinamento e capacita\u00e7\u00e3o para grupos de minorias. No entanto, muitos l\u00edderes n\u00e3o divulgam essas informa\u00e7\u00f5es para os funcion\u00e1rios.<\/p>\n\n\n\n<p>Mas empresas que querem ser inclusivas precisam divulgar informa\u00e7\u00f5es de benef\u00edcios e treinamentos para grupos de minorias, pois a transpar\u00eancia \u00e9 essencial para um ambiente inclusivo.<\/p>\n\n\n\n<h2 class=\"wp-block-heading\">Voc\u00ea reavalia os programas de diversidade e inclus\u00e3o constantemente?<\/h2>\n\n\n\n<p>A inclus\u00e3o faz parte de um processo constante. Ela n\u00e3o vai ser criada da noite para o dia e deve ser reavaliada constantemente para verificar a sua efic\u00e1cia. Voc\u00ea pode verificar como est\u00e1 indo a inclus\u00e3o em outras empresas para sempre estar um passo \u00e0 frente delas.&nbsp;<\/p>\n\n\n\n<p>Al\u00e9m disso, fa\u00e7a pesquisas com os funcion\u00e1rios da sua empresa para saber como eles est\u00e3o se sentindo em rela\u00e7\u00e3o \u00e0 inclus\u00e3o na sua empresa. Veja se eles est\u00e3o satisfeitos com o acolhimento que a empresa est\u00e1 dando para eles.<\/p>\n\n\n\n<h2 class=\"wp-block-heading\">Os gerentes e mentores est\u00e3o \u00e0 frente da inclus\u00e3o?<\/h2>\n\n\n\n<p>Os l\u00edderes da empresa precisam estar diretamente ligados na constru\u00e7\u00e3o da inclus\u00e3o da sua empresa. Eles precisam dar o exemplo para toda a equipe quando se trata de inclus\u00e3o, pois sem o envolvimento dos l\u00edderes, dificilmente a inclus\u00e3o vai dar certo.<\/p>\n\n\n\n<p>Al\u00e9m disso, \u00e9 importante criar programas de mentoria para os funcion\u00e1rios de grupos diversos.&nbsp;<\/p>\n\n\n\n<h2 class=\"wp-block-heading\">O ambiente de trabalho proporciona bem-estar para todos os funcion\u00e1rios?<\/h2>\n\n\n\n<p>Como mencionamos anteriormente, a inclus\u00e3o est\u00e1 relacionada ao acolhimento e bem-estar dos funcion\u00e1rios. Sendo assim, a sua empresa deve proporcionar um ambiente de trabalho em que os funcion\u00e1rios se sintam bem.<\/p>\n\n\n\n<p>Esse ambiente n\u00e3o deve ser apenas para os funcion\u00e1rios de grupos diversos, mas todos os funcion\u00e1rios da empresa precisam se sentir bem em todos os sentidos, por isso o bem-estar mental tamb\u00e9m n\u00e3o deve ser esquecido.<\/p>\n\n\n\n<div class=\"wp-block-image\"><figure class=\"aligncenter size-full\"><img loading=\"lazy\" decoding=\"async\" width=\"800\" height=\"400\" src=\"https:\/\/iigual.com.br\/blog\/wp-content\/uploads\/2021\/10\/Como-saber-se-a-sua-empresa-e-inclusiva-1.jpg\" alt=\"Como saber se a sua empresa \u00e9 inclusiva?\" class=\"wp-image-1493\" srcset=\"https:\/\/iigual.com.br\/blog\/wp-content\/uploads\/2021\/10\/Como-saber-se-a-sua-empresa-e-inclusiva-1.jpg 800w, https:\/\/iigual.com.br\/blog\/wp-content\/uploads\/2021\/10\/Como-saber-se-a-sua-empresa-e-inclusiva-1-300x150.jpg 300w, https:\/\/iigual.com.br\/blog\/wp-content\/uploads\/2021\/10\/Como-saber-se-a-sua-empresa-e-inclusiva-1-768x384.jpg 768w, https:\/\/iigual.com.br\/blog\/wp-content\/uploads\/2021\/10\/Como-saber-se-a-sua-empresa-e-inclusiva-1-360x180.jpg 360w, https:\/\/iigual.com.br\/blog\/wp-content\/uploads\/2021\/10\/Como-saber-se-a-sua-empresa-e-inclusiva-1-750x375.jpg 750w\" sizes=\"auto, (max-width: 800px) 100vw, 800px\" \/><\/figure><\/div>\n\n\n\n<h2 class=\"wp-block-heading\">A empresa contrata pessoas com defici\u00eancia al\u00e9m da obrigatoriedade que a lei de cotas imp\u00f5e?<\/h2>\n\n\n\n<p>Algo importante que deve ser avaliado para saber se a sua empresa \u00e9 inclusiva, \u00e9 em rela\u00e7\u00e3o a contrata\u00e7\u00e3o de pessoas com defici\u00eancia. A lei de cotas obriga empresas com mais de 100 funcion\u00e1rios a contratar profissionais com defici\u00eancia para preencher uma porcentagem determinada de cotas.<\/p>\n\n\n\n<p>Mas uma empresa inclusiva vai al\u00e9m das cotas e contrata profissionais com defici\u00eancia mesmo que o n\u00famero de cotas j\u00e1 tenha sido preenchido.<\/p>\n\n\n\n<p>Gostou do nosso artigo? Ent\u00e3o compartilhe essas informa\u00e7\u00f5es com outros empres\u00e1rios e profissionais de RH para que eles tamb\u00e9m avaliem a inclus\u00e3o nas suas empresas.<\/p>\n\n\n\n<p>A Iigual j\u00e1 incluiu mais de 20 mil <a href=\"https:\/\/iigual.com.br\/blog\/2021\/08\/30\/retencao-de-talentos-pcd-como-aplicar-na-sua-empresa\/\">PCDs<\/a> no mercado de trabalho. A consultoria nasceu da experi\u00eancia de vida do casal fundador Andrea Schwarz e Jaques Haber, quando Andrea se tornou cadeirante em 1998 aos 22 anos.<\/p>\n\n\n\n<p>Somos especializados em a\u00e7\u00f5es de Inclus\u00e3o e Diversidade com foco em recrutamento e sele\u00e7\u00e3o, palestras, treinamentos, acessibilidade f\u00edsica e digital, Censo da Inclus\u00e3o e Diversidade e consultoria em D&amp;I.<\/p>\n\n\n\n<p>Conhe\u00e7a mais sobre o nosso trabalho e acesse as redes dos nossos fundadores:<\/p>\n\n\n\n<p>Andrea Schwarz<\/p>\n\n\n\n<p>Linkedin<\/p>\n\n\n\n<p><a href=\"http:\/\/linkedin.com\/in\/andrea-schwarz\">http:\/\/linkedin.com\/in\/andrea-schwarz<\/a><\/p>\n\n\n\n<p>Instagram<\/p>\n\n\n\n<p>@dea_schwarz<\/p>\n\n\n\n<p>Jaques Haber<\/p>\n\n\n\n<p>Linkedin<\/p>\n\n\n\n<p><a href=\"http:\/\/linkedin.com\/in\/jaqueshaber\">http:\/\/linkedin.com\/in\/jaqueshaber<\/a><\/p>\n","protected":false},"excerpt":{"rendered":"<p>Como saber se a sua empresa \u00e9 inclusiva? O sentimento de se sentir acolhido e pertencente a um grupo nunca nos abandona. Quando somos crian\u00e7as temos que nos adaptar a fam\u00edlia, na escola fazemos de tudo para parecermos com os amigos. Na adolesc\u00eancia, nos esfor\u00e7amos para nos misturarmos a um grupo e \u00e0s vezes mudamos [&hellip;]<\/p>\n","protected":false},"author":7,"featured_media":1493,"comment_status":"open","ping_status":"open","sticky":false,"template":"","format":"standard","meta":{"footnotes":""},"categories":[4,6],"tags":[87,98,108,88,96,165,101,113,97,99],"class_list":["post-1492","post","type-post","status-publish","format-standard","has-post-thumbnail","hentry","category-inclusao","category-rh-inclusivo","tag-empresa","tag-iigual-inclusao","tag-iigual-inclusao-pcd","tag-inclusao","tag-inclusao-de-deficientes","tag-pcd","tag-pessoas-com-deficiencia","tag-representatividade","tag-selecao-de-pcd-para-empresas","tag-web-acessivel"],"_links":{"self":[{"href":"https:\/\/iigual.com.br\/blog\/wp-json\/wp\/v2\/posts\/1492","targetHints":{"allow":["GET"]}}],"collection":[{"href":"https:\/\/iigual.com.br\/blog\/wp-json\/wp\/v2\/posts"}],"about":[{"href":"https:\/\/iigual.com.br\/blog\/wp-json\/wp\/v2\/types\/post"}],"author":[{"embeddable":true,"href":"https:\/\/iigual.com.br\/blog\/wp-json\/wp\/v2\/users\/7"}],"replies":[{"embeddable":true,"href":"https:\/\/iigual.com.br\/blog\/wp-json\/wp\/v2\/comments?post=1492"}],"version-history":[{"count":1,"href":"https:\/\/iigual.com.br\/blog\/wp-json\/wp\/v2\/posts\/1492\/revisions"}],"predecessor-version":[{"id":1495,"href":"https:\/\/iigual.com.br\/blog\/wp-json\/wp\/v2\/posts\/1492\/revisions\/1495"}],"wp:featuredmedia":[{"embeddable":true,"href":"https:\/\/iigual.com.br\/blog\/wp-json\/wp\/v2\/media\/1493"}],"wp:attachment":[{"href":"https:\/\/iigual.com.br\/blog\/wp-json\/wp\/v2\/media?parent=1492"}],"wp:term":[{"taxonomy":"category","embeddable":true,"href":"https:\/\/iigual.com.br\/blog\/wp-json\/wp\/v2\/categories?post=1492"},{"taxonomy":"post_tag","embeddable":true,"href":"https:\/\/iigual.com.br\/blog\/wp-json\/wp\/v2\/tags?post=1492"}],"curies":[{"name":"wp","href":"https:\/\/api.w.org\/{rel}","templated":true}]}}