{"id":1470,"date":"2021-10-19T15:43:00","date_gmt":"2021-10-19T18:43:00","guid":{"rendered":"https:\/\/iigual.com.br\/blog\/?p=1470"},"modified":"2021-10-20T15:51:03","modified_gmt":"2021-10-20T18:51:03","slug":"diversidade-e-inclusao-5","status":"publish","type":"post","link":"https:\/\/iigual.com.br\/blog\/diversidade-e-inclusao-5\/","title":{"rendered":"Conhe\u00e7a as empresas que d\u00e3o exemplo em diversidade e inclus\u00e3o"},"content":{"rendered":"\n<p>Se a sua empresa ainda n\u00e3o possui pol\u00edticas de diversidade e inclus\u00e3o, voc\u00ea pode estar ficando para tr\u00e1s em compara\u00e7\u00e3o \u00e0s empresas que promovem a inclus\u00e3o. Apesar de hoje existir muitas empresas que n\u00e3o promovem a inclus\u00e3o, pesquisas mostram que o futuro empresarial \u00e9 inclusivo e empresas que n\u00e3o come\u00e7arem a construir uma cultura inclusiva a partir de agora, podem perder muitas vantagens competitivas.<\/p>\n\n\n\n<p>Por causa de preconceitos e estere\u00f3tipos criados pela sociedade com base em pensamentos err\u00f4neos, muitos empres\u00e1rios ainda pensam que contratar pessoas com defici\u00eancia, ou pessoas de outros grupos minorit\u00e1rios n\u00e3o \u00e9 importante e acabam se prendendo a padr\u00f5es que n\u00e3o levam a lugar nenhum.<\/p>\n\n\n\n<p>Se voc\u00ea quer que a sua empresa se desenvolva e tenha um futuro de sucesso, \u00e9 necess\u00e1rio moldar o seu pensamento e entender que promover a diversidade e a inclus\u00e3o faz parte do desenvolvimento da empresa.&nbsp;<\/p>\n\n\n\n<p>Algumas empresas, grandes e pequenas, est\u00e3o come\u00e7ando a se adaptar ao novo conceito de desenvolvimento baseado na diversidade e inclus\u00e3o. J\u00e1 outras, empresas est\u00e3o dando exemplo pelo n\u00edvel de diversidade e inclus\u00e3o que possuem.<\/p>\n\n\n\n<p>Neste artigo vamos mostrar algumas empresas que s\u00e3o refer\u00eancias no que diz respeito \u00e0 diversidade e inclus\u00e3o. Veja um pouco sobre a hist\u00f3ria dessas empresas e alguns diferenciais que fazem com que essas empresas se destaquem. Al\u00e9m disso, veja como a sua empresa pode construir uma cultura inclusiva.<\/p>\n\n\n\n<h2 class=\"wp-block-heading\">Coca-Cola<\/h2>\n\n\n\n<p>Provavelmente voc\u00ea conhece a Coca-Cola, essa multinacional que se concentra na fabrica\u00e7\u00e3o e na distribui\u00e7\u00e3o de bebidas. Mas a Coca-Cola, pode ser reconhecida por outras coisas al\u00e9m disso.<\/p>\n\n\n\n<p>Desde 2011 a Coca-Cola possui um comit\u00ea de diversidade e inclus\u00e3o. Esse comit\u00ea \u00e9 composto por 70 pessoas de grupos de minorias. Essas pessoas s\u00e3o LGBTQIA+, mulheres, pessoas de ra\u00e7a diferentes e pessoas com defici\u00eancia.<\/p>\n\n\n\n<p>Esse comit\u00ea cria iniciativas inovadoras que ajudam a promover a diversidade e a inclus\u00e3o dentro da empresa. Essas iniciativas est\u00e3o relacionadas a contrata\u00e7\u00e3o de grupos diversos, inclus\u00e3o dentro da empresa e programas de promo\u00e7\u00e3o desses funcion\u00e1rios.<\/p>\n\n\n\n<p>Criar um comit\u00ea de diversidade e inclus\u00e3o \u00e9 algo simples, mas muito eficaz que voc\u00ea tamb\u00e9m pode fazer na sua empresa.<\/p>\n\n\n\n<div class=\"wp-block-image\"><figure class=\"aligncenter size-full\"><img loading=\"lazy\" decoding=\"async\" width=\"800\" height=\"400\" src=\"https:\/\/iigual.com.br\/blog\/wp-content\/uploads\/2021\/10\/Conheca-as-empresas-que-dao-exemplo-em-diversidade-e-inclusao-1.jpg\" alt=\"Conhe\u00e7a as empresas que d\u00e3o exemplo em diversidade e inclus\u00e3o\" class=\"wp-image-1471\" srcset=\"https:\/\/iigual.com.br\/blog\/wp-content\/uploads\/2021\/10\/Conheca-as-empresas-que-dao-exemplo-em-diversidade-e-inclusao-1.jpg 800w, https:\/\/iigual.com.br\/blog\/wp-content\/uploads\/2021\/10\/Conheca-as-empresas-que-dao-exemplo-em-diversidade-e-inclusao-1-300x150.jpg 300w, https:\/\/iigual.com.br\/blog\/wp-content\/uploads\/2021\/10\/Conheca-as-empresas-que-dao-exemplo-em-diversidade-e-inclusao-1-768x384.jpg 768w, https:\/\/iigual.com.br\/blog\/wp-content\/uploads\/2021\/10\/Conheca-as-empresas-que-dao-exemplo-em-diversidade-e-inclusao-1-360x180.jpg 360w, https:\/\/iigual.com.br\/blog\/wp-content\/uploads\/2021\/10\/Conheca-as-empresas-que-dao-exemplo-em-diversidade-e-inclusao-1-750x375.jpg 750w\" sizes=\"auto, (max-width: 800px) 100vw, 800px\" \/><\/figure><\/div>\n\n\n\n<h2 class=\"wp-block-heading\">Nutella<\/h2>\n\n\n\n<p>A Nutella, que faz parte do grupo Ferrero Rocher, tamb\u00e9m \u00e9 bastante conhecida em diversos lugares pela fabrica\u00e7\u00e3o de chocolates e doces. Mas nos \u00faltimos anos a Nutella tem criado programas para promover a diversidade e inclus\u00e3o.<\/p>\n\n\n\n<p>Um programa atual da Nutella visa promover a equidade entre os funcion\u00e1rios, para que todos possam desenvolver suas atividades, e conviverem no ambiente de trabalho de forma justa.<\/p>\n\n\n\n<p>Voc\u00ea pode tamb\u00e9m criar alguns programas para promover a equidade no ambiente de trabalho da sua empresa.<\/p>\n\n\n\n<h2 class=\"wp-block-heading\">Decathlon<\/h2>\n\n\n\n<p>A Decathlon \u00e9 uma grande empresa no ramo de artigos esportivos, que tamb\u00e9m possui um comit\u00ea de planejamento de diversidade e inclus\u00e3o. Al\u00e9m disso, a Decathlon possui grande acessibilidade digital em suas plataformas digitais, pois conta com a ajuda de uma empresa especializada em consultoria de acessibilidade digital.<\/p>\n\n\n\n<p>Se a sua empresa possui plataformas digitais, voc\u00ea tamb\u00e9m pode promover a inclus\u00e3o digital nas plataformas que voc\u00ea possui, contando com a ajuda de uma consultoria especializada.<\/p>\n\n\n\n<h2 class=\"wp-block-heading\">Jaguar<\/h2>\n\n\n\n<p>A fabricante de carros multinacional Jaguar, promove palestras no ambiente da empresa para conscientizar seus funcion\u00e1rios sobre a import\u00e2ncia da inclus\u00e3o. Al\u00e9m disso, em 2019 Jaguar promoveu uma propaganda comercial, onde pessoas LGBTQIA + competiam em carros da Jaguar.<\/p>\n\n\n\n<p>Se a sua empresa costuma fazer propagandas comerciais, voc\u00ea tamb\u00e9m pode usar pessoas diversas para fazer parte dessas propagandas e promover a diversidade da sua empresa.<\/p>\n\n\n\n<h2 class=\"wp-block-heading\">Johnson &amp; Johnson<\/h2>\n\n\n\n<p>A multinacional Johnson &amp; Johnson, conhecida pela fabrica\u00e7\u00e3o de artigos de higiene pessoal e sa\u00fade, tamb\u00e9m \u00e9 uma das maiores empresas que s\u00e3o refer\u00eancia em diversidade e inclus\u00e3o.<\/p>\n\n\n\n<p>Para voc\u00ea ter uma ideia do n\u00edvel de promo\u00e7\u00e3o da diversidade e inclus\u00e3o que essa empresa possui, basta saber um dos requisitos que a empresa imp\u00f5e para fechar neg\u00f3cio com fornecedores. Os fornecedores interessados em fazer neg\u00f3cio com a Johnson &amp; Johnson precisam comprovar que tamb\u00e9m promovem a\u00e7\u00f5es de diversidade e inclus\u00e3o nas suas empresas.<\/p>\n\n\n\n<p>Al\u00e9m disso, das 13 pessoas que fazem parte da lideran\u00e7a da empresa, 5 s\u00e3o de grupos minorit\u00e1rios.<\/p>\n\n\n\n<h2 class=\"wp-block-heading\">Sodexo<\/h2>\n\n\n\n<p>A Sodexo \u00e9 uma empresa que \u00e9 um grande exemplo quando o assunto \u00e9 diversidade. A empresa conta cum uma vice-presid\u00eancia global de diversidade e inclus\u00e3o. Al\u00e9m disso, grande parte dos funcion\u00e1rios e gestores da empresa j\u00e1 passaram por treinamentos de diversidade e inclus\u00e3o.<\/p>\n\n\n\n<h2 class=\"wp-block-heading\">Mastercard<\/h2>\n\n\n\n<p>Essa multinacional de produtos financeiros conta com um presidente que cria v\u00e1rios programas de diversidade e inclus\u00e3o. Al\u00e9m disso, boa parte dos executivos da empresa fazem parte de grupos minorit\u00e1rios.<\/p>\n\n\n\n<div class=\"wp-block-image\"><figure class=\"aligncenter size-full\"><img loading=\"lazy\" decoding=\"async\" width=\"800\" height=\"400\" src=\"https:\/\/iigual.com.br\/blog\/wp-content\/uploads\/2021\/10\/Conheca-as-empresas-que-dao-exemplo-em-diversidade-e-inclusao-2.jpg\" alt=\"Conhe\u00e7a as empresas que d\u00e3o exemplo em diversidade e inclus\u00e3o\" class=\"wp-image-1472\" srcset=\"https:\/\/iigual.com.br\/blog\/wp-content\/uploads\/2021\/10\/Conheca-as-empresas-que-dao-exemplo-em-diversidade-e-inclusao-2.jpg 800w, https:\/\/iigual.com.br\/blog\/wp-content\/uploads\/2021\/10\/Conheca-as-empresas-que-dao-exemplo-em-diversidade-e-inclusao-2-300x150.jpg 300w, https:\/\/iigual.com.br\/blog\/wp-content\/uploads\/2021\/10\/Conheca-as-empresas-que-dao-exemplo-em-diversidade-e-inclusao-2-768x384.jpg 768w, https:\/\/iigual.com.br\/blog\/wp-content\/uploads\/2021\/10\/Conheca-as-empresas-que-dao-exemplo-em-diversidade-e-inclusao-2-360x180.jpg 360w, https:\/\/iigual.com.br\/blog\/wp-content\/uploads\/2021\/10\/Conheca-as-empresas-que-dao-exemplo-em-diversidade-e-inclusao-2-750x375.jpg 750w\" sizes=\"auto, (max-width: 800px) 100vw, 800px\" \/><\/figure><\/div>\n\n\n\n<h2 class=\"wp-block-heading\">O que a sua empresa pode fazer para tamb\u00e9m promover a diversidade e inclus\u00e3o?<\/h2>\n\n\n\n<p>Todas essas empresas s\u00e3o grandes exemplos no que diz respeito \u00e0 diversidade e inclus\u00e3o e com certeza voc\u00ea conhece ou pelo menos j\u00e1 ouviu falar de todas elas. Provavelmente voc\u00ea tamb\u00e9m quer que a sua empresa alcance o mesmo n\u00edvel que as empresas que mostramos possuem, mas podemos dizer que grande parte do sucesso delas aconteceu devido ao reconhecimento da necessidade de promover a diversidade e a inclus\u00e3o.<\/p>\n\n\n\n<p>A sua empresa pode imitar o exemplo dessas multinacionais para tamb\u00e9m criar pr\u00e1ticas inclusivas. Voc\u00ea pode criar um comit\u00ea de diversidade e inclus\u00e3o como a Coca-Cola, pode investir na acessibilidade digital como a Decathlon, criar propagandas comerciais como a Jaguar, criar programas de treinamento e conscientiza\u00e7\u00e3o como a Sodexo e promover pessoas de grupos diversos para cargos de lideran\u00e7a como a Mastercard.<\/p>\n\n\n\n<p>Al\u00e9m de tudo isso, voc\u00ea tamb\u00e9m pode contar com a ajuda de uma consultoria especializada em diversidade e inclus\u00e3o para te ajudar a criar uma cultura inclusiva na sua empresa de forma t\u00e3o eficaz quanto nessas multinacionais que mencionamos.<\/p>\n\n\n\n<p>Se voc\u00ea gostou do nosso artigo, compartilhe essas informa\u00e7\u00f5es com outras pessoas para que elas tamb\u00e9m tenham acesso a esse conhecimento importante. Ao fazer isso, voc\u00ea estar\u00e1 fazendo parte de uma mudan\u00e7a que est\u00e1 apenas come\u00e7ando.<\/p>\n\n\n\n<p>A Iigual j\u00e1 incluiu mais de 20 mil <a href=\"https:\/\/iigual.com.br\/blog\/2021\/10\/07\/como-a-contratacao-de-pcds-pode-afetar-a-receita-da-sua-empresa\/\">PCDs<\/a> no mercado de trabalho. A consultoria nasceu da experi\u00eancia de vida do casal fundador Andrea Schwarz e Jaques Haber, quando Andrea se tornou cadeirante em 1998 aos 22 anos.<\/p>\n\n\n\n<p>Somos especializados em a\u00e7\u00f5es de Inclus\u00e3o e Diversidade com foco em recrutamento e sele\u00e7\u00e3o, palestras, treinamentos, acessibilidade f\u00edsica e digital, Censo da Inclus\u00e3o e Diversidade e consultoria em D&amp;I.<\/p>\n\n\n\n<p>Conhe\u00e7a mais sobre o nosso trabalho e acesse as redes dos nossos fundadores:<\/p>\n\n\n\n<p>Andrea Schwarz<\/p>\n\n\n\n<p>Linkedin<\/p>\n\n\n\n<p><a href=\"http:\/\/linkedin.com\/in\/andrea-schwarz\">http:\/\/linkedin.com\/in\/andrea-schwarz<\/a><\/p>\n\n\n\n<p>Instagram<\/p>\n\n\n\n<p>@dea_schwarz<\/p>\n\n\n\n<p>Jaques Haber<\/p>\n\n\n\n<p>Linkedin<\/p>\n\n\n\n<p><a href=\"http:\/\/linkedin.com\/in\/jaqueshaber\">http:\/\/linkedin.com\/in\/jaqueshaber<\/a><\/p>\n","protected":false},"excerpt":{"rendered":"<p>Se a sua empresa ainda n\u00e3o possui pol\u00edticas de diversidade e inclus\u00e3o, voc\u00ea pode estar ficando para tr\u00e1s em compara\u00e7\u00e3o \u00e0s empresas que promovem a inclus\u00e3o. Apesar de hoje existir muitas empresas que n\u00e3o promovem a inclus\u00e3o, pesquisas mostram que o futuro empresarial \u00e9 inclusivo e empresas que n\u00e3o come\u00e7arem a construir uma cultura inclusiva [&hellip;]<\/p>\n","protected":false},"author":7,"featured_media":1472,"comment_status":"open","ping_status":"open","sticky":false,"template":"","format":"standard","meta":{"footnotes":""},"categories":[4,6],"tags":[87,98,108,88,96,165,101,113,97,99],"class_list":["post-1470","post","type-post","status-publish","format-standard","has-post-thumbnail","hentry","category-inclusao","category-rh-inclusivo","tag-empresa","tag-iigual-inclusao","tag-iigual-inclusao-pcd","tag-inclusao","tag-inclusao-de-deficientes","tag-pcd","tag-pessoas-com-deficiencia","tag-representatividade","tag-selecao-de-pcd-para-empresas","tag-web-acessivel"],"_links":{"self":[{"href":"https:\/\/iigual.com.br\/blog\/wp-json\/wp\/v2\/posts\/1470","targetHints":{"allow":["GET"]}}],"collection":[{"href":"https:\/\/iigual.com.br\/blog\/wp-json\/wp\/v2\/posts"}],"about":[{"href":"https:\/\/iigual.com.br\/blog\/wp-json\/wp\/v2\/types\/post"}],"author":[{"embeddable":true,"href":"https:\/\/iigual.com.br\/blog\/wp-json\/wp\/v2\/users\/7"}],"replies":[{"embeddable":true,"href":"https:\/\/iigual.com.br\/blog\/wp-json\/wp\/v2\/comments?post=1470"}],"version-history":[{"count":1,"href":"https:\/\/iigual.com.br\/blog\/wp-json\/wp\/v2\/posts\/1470\/revisions"}],"predecessor-version":[{"id":1474,"href":"https:\/\/iigual.com.br\/blog\/wp-json\/wp\/v2\/posts\/1470\/revisions\/1474"}],"wp:featuredmedia":[{"embeddable":true,"href":"https:\/\/iigual.com.br\/blog\/wp-json\/wp\/v2\/media\/1472"}],"wp:attachment":[{"href":"https:\/\/iigual.com.br\/blog\/wp-json\/wp\/v2\/media?parent=1470"}],"wp:term":[{"taxonomy":"category","embeddable":true,"href":"https:\/\/iigual.com.br\/blog\/wp-json\/wp\/v2\/categories?post=1470"},{"taxonomy":"post_tag","embeddable":true,"href":"https:\/\/iigual.com.br\/blog\/wp-json\/wp\/v2\/tags?post=1470"}],"curies":[{"name":"wp","href":"https:\/\/api.w.org\/{rel}","templated":true}]}}