{"id":1462,"date":"2021-10-19T18:41:20","date_gmt":"2021-10-19T21:41:20","guid":{"rendered":"https:\/\/iigual.com.br\/blog\/?p=1462"},"modified":"2021-10-20T15:11:34","modified_gmt":"2021-10-20T18:11:34","slug":"diversidade-e-inclusao-4","status":"publish","type":"post","link":"https:\/\/iigual.com.br\/blog\/diversidade-e-inclusao-4\/","title":{"rendered":"4 vantagens que o treinamento sobre diversidade e inclus\u00e3o pode proporcionar para a sua empresa"},"content":{"rendered":"\n<p>Com o passar dos anos, as empresas est\u00e3o diversificando cada vez mais a sua for\u00e7a de trabalho. Existem at\u00e9 mesmo leis, como a lei de cotas que imp\u00f5e a contrata\u00e7\u00e3o de pessoas com defici\u00eancia para empresas com mais de 100 funcion\u00e1rios. Com essa lei e outros incentivos da m\u00eddia e da sociedade, \u00e9 prov\u00e1vel que a sua empresa esteja fazendo empenho em promover a diversidade e inclus\u00e3o no local de trabalho.<\/p>\n\n\n\n<p>Com o aumento da diversidade, \u00e9 necess\u00e1rio promover treinamento adequado no local de trabalho para conseguir colher os benef\u00edcios que a diversidade e inclus\u00e3o podem proporcionar para a sua empresa.<\/p>\n\n\n\n<p>Uma empresa com m\u00e3o de obra diversificada promove a inova\u00e7\u00e3o, a criatividade, motiva os funcion\u00e1rios e tudo isso ajuda a aumentar a receita da empresa. Mas para que isso aconte\u00e7a, \u00e9 necess\u00e1rio que todos estejam conscientes da necessidade de diversidade e inclus\u00e3o.<\/p>\n\n\n\n<p>Essa conscientiza\u00e7\u00e3o pode ocorrer de v\u00e1rias formas, mas o treinamento de diversidade e inclus\u00e3o pode ser o primeiro passo para promover a conscientiza\u00e7\u00e3o da equipe.<\/p>\n\n\n\n<p>Na verdade, o pr\u00f3prio treinamento em si pode proporcionar algumas vantagens, principalmente no que diz respeito \u00e0 promo\u00e7\u00e3o de uma cultura de uma cultura inclusiva na empresa.<\/p>\n\n\n\n<p>Neste artigo, vamos abordar algumas vantagens em promover o treinamento sobre diversidade e inclus\u00e3o e tamb\u00e9m vamos te dar algumas dicas para realizar esse treinamento de forma efetiva.<\/p>\n\n\n\n<figure class=\"wp-block-gallery columns-1 is-cropped wp-block-gallery-1 is-layout-flex wp-block-gallery-is-layout-flex\"><ul class=\"blocks-gallery-grid\"><li class=\"blocks-gallery-item\"><figure><img loading=\"lazy\" decoding=\"async\" width=\"800\" height=\"400\" src=\"https:\/\/iigual.com.br\/blog\/wp-content\/uploads\/2021\/10\/diversidade-e-inclusao-2.jpg\" alt=\"\" data-id=\"1463\" data-full-url=\"https:\/\/iigual.com.br\/blog\/wp-content\/uploads\/2021\/10\/diversidade-e-inclusao-2.jpg\" data-link=\"https:\/\/iigual.com.br\/blog\/?attachment_id=1463\" class=\"wp-image-1463\" srcset=\"https:\/\/iigual.com.br\/blog\/wp-content\/uploads\/2021\/10\/diversidade-e-inclusao-2.jpg 800w, https:\/\/iigual.com.br\/blog\/wp-content\/uploads\/2021\/10\/diversidade-e-inclusao-2-300x150.jpg 300w, https:\/\/iigual.com.br\/blog\/wp-content\/uploads\/2021\/10\/diversidade-e-inclusao-2-768x384.jpg 768w, https:\/\/iigual.com.br\/blog\/wp-content\/uploads\/2021\/10\/diversidade-e-inclusao-2-360x180.jpg 360w, https:\/\/iigual.com.br\/blog\/wp-content\/uploads\/2021\/10\/diversidade-e-inclusao-2-750x375.jpg 750w\" sizes=\"auto, (max-width: 800px) 100vw, 800px\" \/><\/figure><\/li><\/ul><\/figure>\n\n\n\n<h2 class=\"wp-block-heading\">4 vantagens do treinamento de diversidade e inclus\u00e3o<\/h2>\n\n\n\n<p>Uma empresa inclusiva s\u00f3 tem a ganhar. Na verdade, a diversidade e a inclus\u00e3o promovem benef\u00edcios para toda a sociedade. Para conquistar uma cultura inclusiva e forma eficaz, os treinamentos sobre diversidade e inclus\u00e3o s\u00e3o totalmente necess\u00e1rios.<\/p>\n\n\n\n<p>Em uma sociedade preconceituosa, onde a maioria das pessoas possuem preconceitos conscientes e inconscientes, falar a respeito disso e ajudar as pessoas a agirem da forma correta, \u00e9 essencial para promover a cultura inclusiva e \u00e9 isso o que o treinamento faz.<\/p>\n\n\n\n<p>A seguir veja 4 vantagens que a sua empresa pode ter por promover treinamentos sobre diversidade e inclus\u00e3o.<\/p>\n\n\n\n<h3 class=\"wp-block-heading\">Ajuda a mudar a mentalidade dos l\u00edderes<\/h3>\n\n\n\n<p>Infelizmente, o RH sozinho n\u00e3o consegue criar uma cultura inclusiva na empresa sem o apoio dos l\u00edderes. Para que a diversidade e a inclus\u00e3o tenham o efeito adequado em uma empresa, os l\u00edderes precisam reconhecer as necessidades dessas pr\u00e1ticas e se envolver nas etapas dos processos.<\/p>\n\n\n\n<p>Quando o treinamento sobre diversidade e inclus\u00e3o envolve os l\u00edderes, esse treinamento ajuda a conscientizar os l\u00edderes da necessidade de construir a diversidade e a inclus\u00e3o na empresa, tornando mais f\u00e1cil para os profissionais de RH criar estrat\u00e9gias para promover a diversidade e a inclus\u00e3o.<\/p>\n\n\n\n<h3 class=\"wp-block-heading\">Conscientiza a equipe<\/h3>\n\n\n\n<p>Al\u00e9m de envolver os chefes, \u00e9 necess\u00e1rio tamb\u00e9m envolver toda a equipe no processo de treinamento relacionado \u00e0 diversidade e inclus\u00e3o. O treinamento feito de forma adequada vai ajudar os funcion\u00e1rios a conviverem em harmonia mesmo que cada um possua caracter\u00edsticas e experi\u00eancias diferentes.<\/p>\n\n\n\n<p>Al\u00e9m disso, a conscientiza\u00e7\u00e3o da equipe vai ajudar a evitar epis\u00f3dios de preconceito e discrimina\u00e7\u00e3o dentro da empresa, o que poderia gerar at\u00e9 mesmo processos e consequ\u00eancias legais para a institui\u00e7\u00e3o.<\/p>\n\n\n\n<h3 class=\"wp-block-heading\">Ajuda a promover estrat\u00e9gias efetivas<\/h3>\n\n\n\n<p>A absor\u00e7\u00e3o de conhecimento e experi\u00eancia por parte do treinamento pode ajudar a contribuir para a promo\u00e7\u00e3o de estrat\u00e9gias relacionadas \u00e0 diversidade e inclus\u00e3o dentro da empresa. Isso pode ajudar tanto os l\u00edderes, como outros membros da equipe e os profissionais de RH a criar essas estrat\u00e9gias.<\/p>\n\n\n\n<h3 class=\"wp-block-heading\">Promove o engajamento dos funcion\u00e1rios<\/h3>\n\n\n\n<p>Quando os funcion\u00e1rios percebem que a empresa est\u00e1 preocupada com o bem-estar da equipe, criando medidas para promover a inclus\u00e3o, eles se sentem motivados a crescer junto com a empresa.&nbsp;<\/p>\n\n\n\n<h2 class=\"wp-block-heading\">Dicas para realizar o treinamento sobre diversidade e inclus\u00e3o de forma efetiva<\/h2>\n\n\n\n<p>Diante dessas vantagens, como voc\u00ea pode realizar um treinamento que seja eficaz e ben\u00e9fico para todos? Veja algumas dicas que podem te ajudar a fazer isso.<\/p>\n\n\n\n<h3 class=\"wp-block-heading\">Fa\u00e7a um treinamento personalizado para as necessidades da sua empresa<\/h3>\n\n\n\n<p>Na internet voc\u00ea vai achar muitas ideias e at\u00e9 mesmo v\u00eddeos de treinamentos sobre diversidade e inclus\u00e3o que j\u00e1 foram realizados em outras empresas. No entanto, n\u00e3o seria apropriado seguir uma receita quando se trata de treinamento de diversidade e inclus\u00e3o.<\/p>\n\n\n\n<p>Cada empresa possui uma necessidade, cada empresa possui pontos fortes e pontos fracos relacionados \u00e0 inclus\u00e3o. Em vista disso, \u00e9 necess\u00e1rio criar um treinamento personalizado de acordo com&nbsp; as caracter\u00edsticas da sua empresa. Voc\u00ea pode at\u00e9 se basear em um modelo, mas tente adapt\u00e1-lo para a sua empresa em especial.<\/p>\n\n\n\n<h3 class=\"wp-block-heading\">A conscientiza\u00e7\u00e3o sobre diversidade e inclus\u00e3o deve fazer parte do dia a dia dos funcion\u00e1rios<\/h3>\n\n\n\n<p>Realizar uma palestra anual ou semestral n\u00e3o vai tornar o seu treinamento eficaz. A conscientiza\u00e7\u00e3o sobre a inclus\u00e3o deve ser di\u00e1ria, \u00e9 por isso que deve estar presente na cultura da empresa.<\/p>\n\n\n\n<p>O treinamento deve ser feito de uma forma que incentive todos os dias os funcion\u00e1rios da empresa a contribu\u00edrem para a promo\u00e7\u00e3o da inclus\u00e3o na empresa.<\/p>\n\n\n\n<h3 class=\"wp-block-heading\">Promova um treinamento envolvente<\/h3>\n\n\n\n<p>O treinamento mon\u00f3tono pode ser bastante chato e pouco instrutivo. Mas um treinamento envolvente e animado pode ajudar os funcion\u00e1rios a entenderem melhor as informa\u00e7\u00f5es al\u00e9m de guard\u00e1-las por mais tempo na mente.&nbsp;<\/p>\n\n\n\n<h3 class=\"wp-block-heading\">N\u00e3o use o treinamento como puni\u00e7\u00e3o<\/h3>\n\n\n\n<p>Se algum funcion\u00e1rio demonstrar alguma atitude discriminat\u00f3ria, n\u00e3o use o treinamento sobre diversidade e inclus\u00e3o para puni-lo. Na verdade, voc\u00ea deve usar o treinamento como uma forma de incentivo e recompensa para todos os funcion\u00e1rios da empresa.<\/p>\n\n\n\n<figure class=\"wp-block-gallery columns-1 is-cropped wp-block-gallery-2 is-layout-flex wp-block-gallery-is-layout-flex\"><ul class=\"blocks-gallery-grid\"><li class=\"blocks-gallery-item\"><figure><img loading=\"lazy\" decoding=\"async\" width=\"800\" height=\"400\" src=\"https:\/\/iigual.com.br\/blog\/wp-content\/uploads\/2021\/10\/diversidade-e-inclusao-1.jpg\" alt=\"diversidade e inclus\u00e3o\" data-id=\"1464\" data-full-url=\"https:\/\/iigual.com.br\/blog\/wp-content\/uploads\/2021\/10\/diversidade-e-inclusao-1.jpg\" data-link=\"https:\/\/iigual.com.br\/blog\/?attachment_id=1464\" class=\"wp-image-1464\" srcset=\"https:\/\/iigual.com.br\/blog\/wp-content\/uploads\/2021\/10\/diversidade-e-inclusao-1.jpg 800w, https:\/\/iigual.com.br\/blog\/wp-content\/uploads\/2021\/10\/diversidade-e-inclusao-1-300x150.jpg 300w, https:\/\/iigual.com.br\/blog\/wp-content\/uploads\/2021\/10\/diversidade-e-inclusao-1-768x384.jpg 768w, https:\/\/iigual.com.br\/blog\/wp-content\/uploads\/2021\/10\/diversidade-e-inclusao-1-360x180.jpg 360w, https:\/\/iigual.com.br\/blog\/wp-content\/uploads\/2021\/10\/diversidade-e-inclusao-1-750x375.jpg 750w\" sizes=\"auto, (max-width: 800px) 100vw, 800px\" \/><\/figure><\/li><\/ul><\/figure>\n\n\n\n<h3 class=\"wp-block-heading\">Pe\u00e7a ajuda de uma consultoria especializada para realizar o treinamento<\/h3>\n\n\n\n<p>O treinamento pode ser mais proveitoso se for realizado por pessoas que possuem amplo conhecimento e experi\u00eancia quando o assunto \u00e9 diversidade e inclus\u00e3o. Convidar uma consultoria especializada para realizar o treinamento na sua empresa, pode mostrar para a equipe que o treinamento \u00e9 algo s\u00e9rio e que as informa\u00e7\u00f5es apresentadas s\u00e3o de extrema import\u00e2ncia.<\/p>\n\n\n\n<p>Compartilhe esse artigo com outras pessoas se essas informa\u00e7\u00f5es foram \u00fateis para voc\u00ea. Ao fazer isso, voc\u00ea se tornar\u00e1 parte de uma grande mudan\u00e7a que est\u00e1 apenas come\u00e7ando!<\/p>\n\n\n\n<p>A Iigual j\u00e1 incluiu mais de 20 mil <a href=\"https:\/\/iigual.com.br\/blog\/2021\/10\/18\/aprenda-a-usar-a-diversidade-como-ferramenta-de-inovacao\/\">PCDs<\/a> no mercado de trabalho. A consultoria nasceu da experi\u00eancia de vida do casal fundador Andrea Schwarz e Jaques Haber, quando Andrea se tornou cadeirante em 1998 aos 22 anos.<\/p>\n\n\n\n<p>Somos especializados em a\u00e7\u00f5es de Inclus\u00e3o e Diversidade com foco em recrutamento e sele\u00e7\u00e3o, palestras, treinamentos, acessibilidade f\u00edsica e digital, Censo da Inclus\u00e3o e Diversidade e consultoria em D&amp;I.<\/p>\n\n\n\n<p>Conhe\u00e7a mais sobre o nosso trabalho e acesse as redes dos nossos fundadores:<\/p>\n\n\n\n<p>Andrea Schwarz<\/p>\n\n\n\n<p>Linkedin<\/p>\n\n\n\n<p><a href=\"http:\/\/linkedin.com\/in\/andrea-schwarz\">http:\/\/linkedin.com\/in\/andrea-schwarz<\/a><\/p>\n\n\n\n<p>Instagram<\/p>\n\n\n\n<p>@dea_schwarz<\/p>\n\n\n\n<p>Jaques Haber<\/p>\n\n\n\n<p>Linkedin<\/p>\n\n\n\n<p><a href=\"http:\/\/linkedin.com\/in\/jaqueshaber\">http:\/\/linkedin.com\/in\/jaqueshaber<\/a><\/p>\n","protected":false},"excerpt":{"rendered":"<p>Com o passar dos anos, as empresas est\u00e3o diversificando cada vez mais a sua for\u00e7a de trabalho. Existem at\u00e9 mesmo leis, como a lei de cotas que imp\u00f5e a contrata\u00e7\u00e3o de pessoas com defici\u00eancia para empresas com mais de 100 funcion\u00e1rios. Com essa lei e outros incentivos da m\u00eddia e da sociedade, \u00e9 prov\u00e1vel que [&hellip;]<\/p>\n","protected":false},"author":7,"featured_media":1463,"comment_status":"open","ping_status":"open","sticky":false,"template":"","format":"standard","meta":{"footnotes":""},"categories":[4,6],"tags":[87,98,108,88,96,165,101,113,97,99],"class_list":["post-1462","post","type-post","status-publish","format-standard","has-post-thumbnail","hentry","category-inclusao","category-rh-inclusivo","tag-empresa","tag-iigual-inclusao","tag-iigual-inclusao-pcd","tag-inclusao","tag-inclusao-de-deficientes","tag-pcd","tag-pessoas-com-deficiencia","tag-representatividade","tag-selecao-de-pcd-para-empresas","tag-web-acessivel"],"_links":{"self":[{"href":"https:\/\/iigual.com.br\/blog\/wp-json\/wp\/v2\/posts\/1462","targetHints":{"allow":["GET"]}}],"collection":[{"href":"https:\/\/iigual.com.br\/blog\/wp-json\/wp\/v2\/posts"}],"about":[{"href":"https:\/\/iigual.com.br\/blog\/wp-json\/wp\/v2\/types\/post"}],"author":[{"embeddable":true,"href":"https:\/\/iigual.com.br\/blog\/wp-json\/wp\/v2\/users\/7"}],"replies":[{"embeddable":true,"href":"https:\/\/iigual.com.br\/blog\/wp-json\/wp\/v2\/comments?post=1462"}],"version-history":[{"count":1,"href":"https:\/\/iigual.com.br\/blog\/wp-json\/wp\/v2\/posts\/1462\/revisions"}],"predecessor-version":[{"id":1465,"href":"https:\/\/iigual.com.br\/blog\/wp-json\/wp\/v2\/posts\/1462\/revisions\/1465"}],"wp:featuredmedia":[{"embeddable":true,"href":"https:\/\/iigual.com.br\/blog\/wp-json\/wp\/v2\/media\/1463"}],"wp:attachment":[{"href":"https:\/\/iigual.com.br\/blog\/wp-json\/wp\/v2\/media?parent=1462"}],"wp:term":[{"taxonomy":"category","embeddable":true,"href":"https:\/\/iigual.com.br\/blog\/wp-json\/wp\/v2\/categories?post=1462"},{"taxonomy":"post_tag","embeddable":true,"href":"https:\/\/iigual.com.br\/blog\/wp-json\/wp\/v2\/tags?post=1462"}],"curies":[{"name":"wp","href":"https:\/\/api.w.org\/{rel}","templated":true}]}}