{"id":1458,"date":"2021-10-18T18:06:41","date_gmt":"2021-10-18T21:06:41","guid":{"rendered":"https:\/\/iigual.com.br\/blog\/?p=1458"},"modified":"2021-10-18T18:06:43","modified_gmt":"2021-10-18T21:06:43","slug":"acessibilidade-digital-4","status":"publish","type":"post","link":"https:\/\/iigual.com.br\/blog\/acessibilidade-digital-4\/","title":{"rendered":"6 passos que a sua empresa precisa dar para conquistar a acessibilidade digital"},"content":{"rendered":"\n<p>A acessibilidade digital \u00e9 crucial para criar um mundo verdadeiramente inclusivo para todos. Para pessoas com defici\u00eancia, significa igual acesso \u00e0 educa\u00e7\u00e3o online, sa\u00fade, emprego e com\u00e9rcio eletr\u00f4nico. Na era das m\u00eddias sociais, isso significa at\u00e9 mesmo acesso igual \u00e0 amizade e crescimento social.<\/p>\n\n\n\n<p>A acessibilidade digital tamb\u00e9m promove a independ\u00eancia. Ele permite que usu\u00e1rios com defici\u00eancia naveguem em sites e usem produtos digitais sem a necessidade de obter o apoio de um amigo, membro da fam\u00edlia ou, pior, de um estranho.<\/p>\n\n\n\n<p>Acessibilidade digital \u00e9 a capacidade de um site, aplicativo m\u00f3vel ou software ser usado por uma pessoa com defici\u00eancia f\u00edsica, visual, auditiva ou intelectual. O design digitalmente acess\u00edvel tamb\u00e9m se aplica a pessoas que podem ter barreiras lingu\u00edsticas e pessoas idosas.<\/p>\n\n\n\n<p>H\u00e1 uma variedade de tecnologias assistivas que podem ajudar a fornecer acesso igual ao conte\u00fado digital, incluindo leitores de tela, lupas, transcri\u00e7\u00e3o, legendas, dispositivos vest\u00edveis e muito mais. A implementa\u00e7\u00e3o dessas medidas garante uma experi\u00eancia de usu\u00e1rio inclusiva e pode abrir seu conte\u00fado para um p\u00fablico mais amplo.<\/p>\n\n\n\n<p>Neste artigo iremos te mostrar em alguns passos, como a sua empresa pode se tornar mais acess\u00edvel digitalmente, tanto para seus clientes como tamb\u00e9m para seus funcion\u00e1rios. Al\u00e9m disso, voc\u00ea vai ver por que a acessibilidade digital \u00e9 importante e os benef\u00edcios que a sua empresa pode ter por investir em acessibilidade digital.<\/p>\n\n\n\n<figure class=\"wp-block-gallery columns-1 is-cropped wp-block-gallery-1 is-layout-flex wp-block-gallery-is-layout-flex\"><ul class=\"blocks-gallery-grid\"><li class=\"blocks-gallery-item\"><figure><img loading=\"lazy\" decoding=\"async\" width=\"800\" height=\"400\" src=\"https:\/\/iigual.com.br\/blog\/wp-content\/uploads\/2021\/10\/acessibilidade-digital-1.jpg\" alt=\"acessibilidade digital\" data-id=\"1460\" data-full-url=\"https:\/\/iigual.com.br\/blog\/wp-content\/uploads\/2021\/10\/acessibilidade-digital-1.jpg\" data-link=\"https:\/\/iigual.com.br\/blog\/?attachment_id=1460\" class=\"wp-image-1460\" srcset=\"https:\/\/iigual.com.br\/blog\/wp-content\/uploads\/2021\/10\/acessibilidade-digital-1.jpg 800w, https:\/\/iigual.com.br\/blog\/wp-content\/uploads\/2021\/10\/acessibilidade-digital-1-300x150.jpg 300w, https:\/\/iigual.com.br\/blog\/wp-content\/uploads\/2021\/10\/acessibilidade-digital-1-768x384.jpg 768w, https:\/\/iigual.com.br\/blog\/wp-content\/uploads\/2021\/10\/acessibilidade-digital-1-360x180.jpg 360w, https:\/\/iigual.com.br\/blog\/wp-content\/uploads\/2021\/10\/acessibilidade-digital-1-750x375.jpg 750w\" sizes=\"auto, (max-width: 800px) 100vw, 800px\" \/><\/figure><\/li><\/ul><\/figure>\n\n\n\n<h2 class=\"wp-block-heading\">Por que a acessibilidade digital \u00e9 importante?<\/h2>\n\n\n\n<p>Independentemente do segmento da sua empresa, voc\u00ea quer que ela se desenvolva. Quanto mais pessoas conhecerem a sua empresa, mais chances a sua empresa tem de se desenvolver e de se tornar conhecida amplamente.<\/p>\n\n\n\n<p>No entanto, se voc\u00ea limita o site e as p\u00e1ginas de redes sociais da sua empresa a um conte\u00fado inacess\u00edvel, voc\u00ea estar\u00e1 automaticamente limitando o crescimento da sua institui\u00e7\u00e3o. Fazendo isso, voc\u00ea est\u00e1 impedindo que um p\u00fablico interessado pela sua empresa, deixe de se envolver com ela.<\/p>\n\n\n\n<p>Al\u00e9m disso, estamos vivendo em um mundo digital com cada vez mais servi\u00e7os se tornando digitais. Como resultado, o n\u00famero de pessoas que usam a Internet est\u00e1 crescendo. No entanto, a maioria dos sites n\u00e3o pode ser acessada por todos, especialmente por pessoas com defici\u00eancia.<\/p>\n\n\n\n<p>Mas n\u00e3o se trata apenas de pessoas com defici\u00eancia, isso pode beneficiar a todos. Ao tornar nosso conte\u00fado acess\u00edvel, estamos proporcionando uma melhor experi\u00eancia ao usu\u00e1rio e quem n\u00e3o gostaria de navegar por meio de um teclado, ver cores n\u00edtidas ou decodificar imagens facilmente?<\/p>\n\n\n\n<h2 class=\"wp-block-heading\">Benef\u00edcios da acessibilidade digital<\/h2>\n\n\n\n<p>Por promover a acessibilidade digital na sua empresa, voc\u00ea pode proporcionar muitos benef\u00edcios para a sua institui\u00e7\u00e3o e para as pessoas que acessam as p\u00e1ginas e site da sua empresa. Veja a seguir, apenas algumas das muitas vantagens da acessibilidade digital:<\/p>\n\n\n\n<ul class=\"wp-block-list\"><li>Promove a igualdade social<\/li><li>Amplia o seu p\u00fablico<\/li><li>Promove a humaniza\u00e7\u00e3o e um maior impacto para sua marca<\/li><li>Fideliza usu\u00e1rios e clientes<\/li><li>Promove a inova\u00e7\u00e3o<\/li><li>Te ajuda a ficar em conformidade com as leis nacionais e internacionais de acessibilidade digital<\/li><\/ul>\n\n\n\n<p>Al\u00e9m desses benef\u00edcios, a acessibilidade digital tamb\u00e9m pode ajudar o site da sua empresa a conquistar uma boa posi\u00e7\u00e3o no ranqueamento de pesquisa, pois otimiza o SEO do site. Tudo isso, torna a sua empresa mais vis\u00edvel, proporcionando at\u00e9 mesmo o aumento da receita.<\/p>\n\n\n\n<h2 class=\"wp-block-heading\">6 passos para conquistar a acessibilidade digital<\/h2>\n\n\n\n<p>Finalmente, vamos abordar algumas estrat\u00e9gias que podem te ajudar a conquistar a acessibilidade nas p\u00e1ginas e site da sua empresa, para que todas as pessoas tenham acesso ao seu conte\u00fado digital.<\/p>\n\n\n\n<h3 class=\"wp-block-heading\">1- A acessibilidade deve ser uma das prioridades<\/h3>\n\n\n\n<p>A acessibilidade deve ser considerada em cada etapa de um projeto digital e n\u00e3o deve ser deixada para um \u00faltimo momento. Voc\u00ea economiza tempo e dinheiro se considerar a acessibilidade desde o in\u00edcio de um projeto, visto que ajustar um conte\u00fado para ser acess\u00edvel, sendo que n\u00e3o foi criado com esse objetivo, pode ser bem estressante.<\/p>\n\n\n\n<p>A abordagem inclusiva em todas as etapas da cria\u00e7\u00e3o de conte\u00fado, vai permitir que a acessibilidade digital ocorra de forma natural e leve, permitindo que todas as pessoas possam acessar o seu conte\u00fado desde sempre.<\/p>\n\n\n\n<h3 class=\"wp-block-heading\">2- Use pessoas com defici\u00eancia para realizar testes de acessibilidade digital<\/h3>\n\n\n\n<p>Durante os projetos para a cria\u00e7\u00e3o de conte\u00fado, voc\u00ea pode pedir que funcion\u00e1rios com defici\u00eancia na sua empresa testem as fun\u00e7\u00f5es de acessibilidade digital em seu site ou sua p\u00e1gina. Isso vai ajudar a equipe de tecnologia a fazer mudan\u00e7as e ter ideias de acordo com a realidade das pessoas com defici\u00eancia, tornando o conte\u00fado totalmente acess\u00edvel.&nbsp;<\/p>\n\n\n\n<h3 class=\"wp-block-heading\">3- Simplifique a linguagem do conte\u00fado<\/h3>\n\n\n\n<p>Produzir conte\u00fado em uma linguagem simples pode beneficiar n\u00e3o s\u00f3 os usu\u00e1rios com defici\u00eancia, mas tamb\u00e9m pode beneficiar qualquer usu\u00e1rio, visto que a leitura fica bem mais agrad\u00e1vel quando o conte\u00fado est\u00e1 sendo transmitido com uma linguagem f\u00e1cil de ser entendida por qualquer pessoa.<\/p>\n\n\n\n<h3 class=\"wp-block-heading\">4- Forne\u00e7a descri\u00e7\u00f5es de imagens<\/h3>\n\n\n\n<p>Fornecer descri\u00e7\u00f5es de imagens \u00e9 algo bem simples que voc\u00ea pode fazer para tornar o seu conte\u00fado digital mais acess\u00edvel. Inclusive, as descri\u00e7\u00f5es de imagens devem ser feitas nas redes sociais para que o m\u00e1ximo n\u00famero de pessoas consiga consumir o seu conte\u00fado.<\/p>\n\n\n\n<h3 class=\"wp-block-heading\">5- Forne\u00e7a legendas para v\u00eddeos<\/h3>\n\n\n\n<p>Muitas pessoas preferem consumir conte\u00fado em forma de v\u00eddeo e muitas plataformas possuem a fun\u00e7\u00e3o de legendas autom\u00e1ticas para tornar o conte\u00fado mais acess\u00edvel. Mas de qualquer forma, \u00e9 importante dar aten\u00e7\u00e3o a esse aspecto, para que os seus v\u00eddeos sejam acess\u00edveis para todas as pessoas.<\/p>\n\n\n\n<figure class=\"wp-block-image size-full is-resized\"><img loading=\"lazy\" decoding=\"async\" src=\"https:\/\/iigual.com.br\/blog\/wp-content\/uploads\/2021\/10\/acessibilidade-digital-2.jpg\" alt=\"\" class=\"wp-image-1459\" width=\"1169\" height=\"585\" srcset=\"https:\/\/iigual.com.br\/blog\/wp-content\/uploads\/2021\/10\/acessibilidade-digital-2.jpg 800w, https:\/\/iigual.com.br\/blog\/wp-content\/uploads\/2021\/10\/acessibilidade-digital-2-300x150.jpg 300w, https:\/\/iigual.com.br\/blog\/wp-content\/uploads\/2021\/10\/acessibilidade-digital-2-768x384.jpg 768w, https:\/\/iigual.com.br\/blog\/wp-content\/uploads\/2021\/10\/acessibilidade-digital-2-360x180.jpg 360w, https:\/\/iigual.com.br\/blog\/wp-content\/uploads\/2021\/10\/acessibilidade-digital-2-750x375.jpg 750w\" sizes=\"auto, (max-width: 1169px) 100vw, 1169px\" \/><\/figure>\n\n\n\n<h3 class=\"wp-block-heading\">6- Pe\u00e7a ajuda de uma consultoria de acessibilidade digital<\/h3>\n\n\n\n<p>Se voc\u00ea deseja realmente conquistar a acessibilidade digital na sua empresa de forma efetiva, o passo mais importante \u00e9 pedir a ajuda de uma consultoria especializada de acessibilidade digital.<\/p>\n\n\n\n<p>Essas empresas podem fazer todas as mudan\u00e7as necess\u00e1rias nos meios digitais da sua empresa, para que a sua institui\u00e7\u00e3o se torne acess\u00edvel para todas as pessoas.<\/p>\n\n\n\n<p>Se essas informa\u00e7\u00f5es foram \u00fateis para voc\u00ea, compartilhe esse artigo com outros empres\u00e1rios e profissionais de RH para que eles tamb\u00e9m possam se beneficiar desse conhecimento importante.<\/p>\n\n\n\n<p>A Iigual j\u00e1 incluiu mais de 20 mil <a href=\"https:\/\/iigual.com.br\/blog\/2021\/10\/13\/a-verdade-sobre-funcionarios-com-deficiencia-no-local-de-trabalho\/\">PCDs<\/a> no mercado de trabalho. A consultoria nasceu da experi\u00eancia de vida do casal fundador Andrea Schwarz e Jaques Haber, quando Andrea se tornou cadeirante em 1998 aos 22 anos.<\/p>\n\n\n\n<p>Somos especializados em a\u00e7\u00f5es de Inclus\u00e3o e Diversidade com foco em recrutamento e sele\u00e7\u00e3o, palestras, treinamentos, acessibilidade f\u00edsica e digital, Censo da Inclus\u00e3o e Diversidade e consultoria em D&amp;I.<\/p>\n\n\n\n<p>Conhe\u00e7a mais sobre o nosso trabalho e acesse as redes dos nossos fundadores:<\/p>\n\n\n\n<p>Andrea Schwarz<\/p>\n\n\n\n<p>Linkedin<\/p>\n\n\n\n<p><a href=\"http:\/\/linkedin.com\/in\/andrea-schwarz\">http:\/\/linkedin.com\/in\/andrea-schwarz<\/a><\/p>\n\n\n\n<p>Instagram<\/p>\n\n\n\n<p>@dea_schwarz<\/p>\n\n\n\n<p>Jaques Haber<\/p>\n\n\n\n<p>Linkedin<\/p>\n\n\n\n<p><a href=\"http:\/\/linkedin.com\/in\/jaqueshaber\">http:\/\/linkedin.com\/in\/jaqueshaber<\/a><\/p>\n","protected":false},"excerpt":{"rendered":"<p>A acessibilidade digital \u00e9 crucial para criar um mundo verdadeiramente inclusivo para todos. Para pessoas com defici\u00eancia, significa igual acesso \u00e0 educa\u00e7\u00e3o online, sa\u00fade, emprego e com\u00e9rcio eletr\u00f4nico. Na era das m\u00eddias sociais, isso significa at\u00e9 mesmo acesso igual \u00e0 amizade e crescimento social. A acessibilidade digital tamb\u00e9m promove a independ\u00eancia. Ele permite que usu\u00e1rios [&hellip;]<\/p>\n","protected":false},"author":7,"featured_media":1427,"comment_status":"open","ping_status":"open","sticky":false,"template":"","format":"standard","meta":{"footnotes":""},"categories":[4,6,7],"tags":[87,98,108,88,96,165,101,113,97,99],"class_list":["post-1458","post","type-post","status-publish","format-standard","has-post-thumbnail","hentry","category-inclusao","category-rh-inclusivo","category-web-acessivel","tag-empresa","tag-iigual-inclusao","tag-iigual-inclusao-pcd","tag-inclusao","tag-inclusao-de-deficientes","tag-pcd","tag-pessoas-com-deficiencia","tag-representatividade","tag-selecao-de-pcd-para-empresas","tag-web-acessivel"],"_links":{"self":[{"href":"https:\/\/iigual.com.br\/blog\/wp-json\/wp\/v2\/posts\/1458","targetHints":{"allow":["GET"]}}],"collection":[{"href":"https:\/\/iigual.com.br\/blog\/wp-json\/wp\/v2\/posts"}],"about":[{"href":"https:\/\/iigual.com.br\/blog\/wp-json\/wp\/v2\/types\/post"}],"author":[{"embeddable":true,"href":"https:\/\/iigual.com.br\/blog\/wp-json\/wp\/v2\/users\/7"}],"replies":[{"embeddable":true,"href":"https:\/\/iigual.com.br\/blog\/wp-json\/wp\/v2\/comments?post=1458"}],"version-history":[{"count":1,"href":"https:\/\/iigual.com.br\/blog\/wp-json\/wp\/v2\/posts\/1458\/revisions"}],"predecessor-version":[{"id":1461,"href":"https:\/\/iigual.com.br\/blog\/wp-json\/wp\/v2\/posts\/1458\/revisions\/1461"}],"wp:featuredmedia":[{"embeddable":true,"href":"https:\/\/iigual.com.br\/blog\/wp-json\/wp\/v2\/media\/1427"}],"wp:attachment":[{"href":"https:\/\/iigual.com.br\/blog\/wp-json\/wp\/v2\/media?parent=1458"}],"wp:term":[{"taxonomy":"category","embeddable":true,"href":"https:\/\/iigual.com.br\/blog\/wp-json\/wp\/v2\/categories?post=1458"},{"taxonomy":"post_tag","embeddable":true,"href":"https:\/\/iigual.com.br\/blog\/wp-json\/wp\/v2\/tags?post=1458"}],"curies":[{"name":"wp","href":"https:\/\/api.w.org\/{rel}","templated":true}]}}