{"id":1448,"date":"2021-10-15T18:35:07","date_gmt":"2021-10-15T21:35:07","guid":{"rendered":"https:\/\/iigual.com.br\/blog\/?p=1448"},"modified":"2021-10-15T18:35:10","modified_gmt":"2021-10-15T21:35:10","slug":"9-vantagens-de-ter-uma-cultura-inclusiva","status":"publish","type":"post","link":"https:\/\/iigual.com.br\/blog\/9-vantagens-de-ter-uma-cultura-inclusiva\/","title":{"rendered":"9 vantagens de ter uma cultura inclusiva"},"content":{"rendered":"\n<p>Diversidade e cultura inclusiva s\u00e3o temas que est\u00e3o em pauta em muitos lugares nos \u00faltimos anos. Principalmente a m\u00eddia tem abordado esses assuntos como sendo temas que precisam ser discutidos e levados em conta em todos os ambientes.<\/p>\n\n\n\n<p>Quando se trata de ambiente de trabalho a diversidade e a inclus\u00e3o ainda tem muito a caminhar. A maioria das empresas ignoram esse tema e equivocadamente acham que n\u00e3o podem obter vantagens em construir uma cultura inclusiva.<\/p>\n\n\n\n<p>Infelizmente, muitos empres\u00e1rios acham que promover a inclus\u00e3o \u00e9 perda de tempo e vai levar preju\u00edzos para a empresa. Mas esse pensamento \u00e9 ignorante, pois pesquisas mostram que empresas que possuem uma cultura inclusive conseguem vantagens competitivas quando comparadas a empresas que n\u00e3o promovem a inclus\u00e3o.<\/p>\n\n\n\n<p>Estudos apontam que o futuro das empresas \u00e9 a inclus\u00e3o. Sendo assim, empresas que n\u00e3o come\u00e7arem a construir uma cultura inclusiva a partir de agora, v\u00e3o ficar para tr\u00e1s na corrida pelo sucesso.<\/p>\n\n\n\n<p>Se voc\u00ea \u00e9 empres\u00e1rio ou profissional de RH e deseja que a sua empresa continue em crescimento \u00e9 importante come\u00e7ar a construir uma cultura inclusiva na sua empresa. Voc\u00ea pode fazer isso por contratar mais pessoas com defici\u00eancia para a sua equipe de funcion\u00e1rios, fazendo isso al\u00e9m da porcentagem que a lei de cotas imp\u00f5e.<\/p>\n\n\n\n<p>Al\u00e9m disso, investir em acessibilidade e treinamento de conscientiza\u00e7\u00e3o para os funcion\u00e1rios e os l\u00edderes, tamb\u00e9m vai ajudar a promover a inclus\u00e3o na sua empresa. Mas o mais importante, \u00e9 colocar a inclus\u00e3o como prioridade, agregando o tema e as pr\u00e1ticas na cultura da empresa.<\/p>\n\n\n\n<p>Hoje vamos te mostrar 9 vantagens que a sua empresa pode ter por construir uma cultura inclusiva. Voc\u00ea vai ver que a inclus\u00e3o n\u00e3o \u00e9 uma perda de tempo e muito menos desperd\u00edcio de recursos, como muitos empres\u00e1rios pensam de forma equivocada e preconceituosa.<\/p>\n\n\n\n<figure class=\"wp-block-gallery columns-1 is-cropped wp-block-gallery-1 is-layout-flex wp-block-gallery-is-layout-flex\"><ul class=\"blocks-gallery-grid\"><li class=\"blocks-gallery-item\"><figure><img loading=\"lazy\" decoding=\"async\" width=\"800\" height=\"400\" src=\"https:\/\/iigual.com.br\/blog\/wp-content\/uploads\/2021\/10\/cultura-inclusiva-1-1.jpg\" alt=\"\" data-id=\"1451\" data-full-url=\"https:\/\/iigual.com.br\/blog\/wp-content\/uploads\/2021\/10\/cultura-inclusiva-1-1.jpg\" data-link=\"https:\/\/iigual.com.br\/blog\/?attachment_id=1451\" class=\"wp-image-1451\" srcset=\"https:\/\/iigual.com.br\/blog\/wp-content\/uploads\/2021\/10\/cultura-inclusiva-1-1.jpg 800w, https:\/\/iigual.com.br\/blog\/wp-content\/uploads\/2021\/10\/cultura-inclusiva-1-1-300x150.jpg 300w, https:\/\/iigual.com.br\/blog\/wp-content\/uploads\/2021\/10\/cultura-inclusiva-1-1-768x384.jpg 768w, https:\/\/iigual.com.br\/blog\/wp-content\/uploads\/2021\/10\/cultura-inclusiva-1-1-360x180.jpg 360w, https:\/\/iigual.com.br\/blog\/wp-content\/uploads\/2021\/10\/cultura-inclusiva-1-1-750x375.jpg 750w\" sizes=\"auto, (max-width: 800px) 100vw, 800px\" \/><\/figure><\/li><\/ul><\/figure>\n\n\n\n<h2 class=\"wp-block-heading\">Maior satisfa\u00e7\u00e3o no trabalho<\/h2>\n\n\n\n<p>\u00c0 medida que os funcion\u00e1rios se sentem mais valorizados no ambiente de trabalho isso os motiva a continuar mais satisfeitos com os seus empregos. A satisfa\u00e7\u00e3o no trabalho vai muito al\u00e9m de receber um bom sal\u00e1rio, isso tem uma rela\u00e7\u00e3o muito maior com um ambiente acolhedor e pacifico.<\/p>\n\n\n\n<p>Empresas que promovem uma cultura inclusiva acabam proporcionando um ambiente de trabalho satisfat\u00f3rio para todos os funcion\u00e1rios da empresa.<\/p>\n\n\n\n<h2 class=\"wp-block-heading\">Menor rotatividade<\/h2>\n\n\n\n<p>Indo pela mesma linha do ponto anterior, empresas que promovem a inclus\u00e3o diminuem a rotatividade de funcion\u00e1rios por promoverem um ambiente de trabalho que valoriza seus funcion\u00e1rios. Sendo assim, dificilmente os funcion\u00e1rios que se sentem satisfeitos e valorizados v\u00e3o querer pedir demiss\u00e3o da empresa em que trabalham.<\/p>\n\n\n\n<p>Outro ponto interessante a respeito disso, est\u00e1 relacionado aos funcion\u00e1rios com defici\u00eancia. Dados gerais que envolvem profissionais com defici\u00eancia e rotatividade em empresas n\u00e3o inclusivas, mostram que a taxa de rotatividade entre funcion\u00e1rios com defici\u00eancia \u00e9 muito grande em compara\u00e7\u00e3o a taxa de rotatividade para funcion\u00e1rios sem defici\u00eancia.<\/p>\n\n\n\n<p>No entanto, em empresas com a cultura inclusiva os dados s\u00e3o totalmente diferentes. Pesquisas mostram que a rotatividade de pessoas com defici\u00eancia em empresas com a cultura inclusiva diminui drasticamente, tanto que a reten\u00e7\u00e3o de profissionais com defici\u00eancia chega a n\u00edveis bem maiores quando comparadas \u00e0 reten\u00e7\u00e3o de profissionais sem defici\u00eancia.<\/p>\n\n\n\n<h2 class=\"wp-block-heading\">Maior produtividade<\/h2>\n\n\n\n<p>Empresas com a cultura inclusiva, promovem um aumento na produtividade dos funcion\u00e1rios, pois os profissionais se sentem mais motivados por saber que seu trabalho \u00e9 valorizado. Em um ambiente de trabalho onde as realiza\u00e7\u00f5es dos funcion\u00e1rios s\u00e3o ignoradas, n\u00e3o existe motiva\u00e7\u00e3o para os funcion\u00e1rios produzirem de forma mais ampla.<\/p>\n\n\n\n<p>Mas quando o trabalho \u00e9 vis\u00edvel e valorizado, as pessoas s\u00e3o motivadas a fazer ainda melhor, n\u00e3o apenas para si mesmas, mas para a empresa.<\/p>\n\n\n\n<h2 class=\"wp-block-heading\">Maior engajamento dos funcion\u00e1rios<\/h2>\n\n\n\n<p>O engajamento tem rela\u00e7\u00e3o com o tempo e o esfor\u00e7o que os funcion\u00e1rios de uma empresa empregam para realizar tarefas, com o objetivo de promover o sucesso e o crescimento da empresa. Em um ambiente inclusivo os funcion\u00e1rios se sentem respeitados e valorizados pela empresa e isso contribui de forma consider\u00e1vel para o engajamento de toda a equipe.<\/p>\n\n\n\n<h2 class=\"wp-block-heading\">Aumento da criatividade e inova\u00e7\u00e3o<\/h2>\n\n\n\n<p>Pesquisas mostram que empresas que contratam pessoas diversas, conseguem aumentar a criatividade da equipe. Isso porque, pessoas diferentes pensam de forma diferente e conseguem expressar diferentes ideias. Mas pessoas com as mesmas caracter\u00edsticas e experi\u00eancias parecidas, v\u00e3o compartilhar das mesmas ideias, diminuindo a criatividade e ideias inovadoras.<\/p>\n\n\n\n<figure class=\"wp-block-gallery columns-1 is-cropped wp-block-gallery-2 is-layout-flex wp-block-gallery-is-layout-flex\"><ul class=\"blocks-gallery-grid\"><li class=\"blocks-gallery-item\"><figure><img loading=\"lazy\" decoding=\"async\" width=\"800\" height=\"400\" src=\"https:\/\/iigual.com.br\/blog\/wp-content\/uploads\/2021\/10\/cultura-inclusiva-2-2.jpg\" alt=\"\" data-id=\"1450\" data-full-url=\"https:\/\/iigual.com.br\/blog\/wp-content\/uploads\/2021\/10\/cultura-inclusiva-2-2.jpg\" data-link=\"https:\/\/iigual.com.br\/blog\/?attachment_id=1450\" class=\"wp-image-1450\" srcset=\"https:\/\/iigual.com.br\/blog\/wp-content\/uploads\/2021\/10\/cultura-inclusiva-2-2.jpg 800w, https:\/\/iigual.com.br\/blog\/wp-content\/uploads\/2021\/10\/cultura-inclusiva-2-2-300x150.jpg 300w, https:\/\/iigual.com.br\/blog\/wp-content\/uploads\/2021\/10\/cultura-inclusiva-2-2-768x384.jpg 768w, https:\/\/iigual.com.br\/blog\/wp-content\/uploads\/2021\/10\/cultura-inclusiva-2-2-360x180.jpg 360w, https:\/\/iigual.com.br\/blog\/wp-content\/uploads\/2021\/10\/cultura-inclusiva-2-2-750x375.jpg 750w\" sizes=\"auto, (max-width: 800px) 100vw, 800px\" \/><\/figure><\/li><\/ul><\/figure>\n\n\n\n<h2 class=\"wp-block-heading\">Ajuda a combater diretamente a discrimina\u00e7\u00e3o no local de trabalho<\/h2>\n\n\n\n<p>Em empresas com cultura inclusiva n\u00e3o h\u00e1 espa\u00e7o para nenhum tipo de discrimina\u00e7\u00e3o ou preconceito. A inclus\u00e3o envolve pertencimento, ou seja, cada funcion\u00e1rio precisa se sentir acolhido e respeitado como membro essencial da equipe, o que ajuda a combater o preconceito de forma direta.<\/p>\n\n\n\n<h2 class=\"wp-block-heading\">Melhora a reputa\u00e7\u00e3o da empresa<\/h2>\n\n\n\n<p>De uma forma geral, empresas que promovem a inclus\u00e3o tamb\u00e9m promovem a marca da empresa. Empresas inclusivas s\u00e3o bem vistas na m\u00eddia e na sociedade, proporcionando um reconhecimento mais satisfat\u00f3rio para a empresa.<\/p>\n\n\n\n<h2 class=\"wp-block-heading\">Aumenta o pool de talentos<\/h2>\n\n\n\n<p>Ao abrir as oportunidades de emprego para qualquer profissional, voc\u00ea consegue garimpar talentos que muitas vezes s\u00e3o desvalorizados por causa de caracter\u00edsticas vistas como \u201cdiferentes\u201d pela sociedade. A cultura inclusiva incentiva a diversifica\u00e7\u00e3o de talentos e com isso voc\u00ea pode encontrar muitas pessoas qualificadas para preencher as vagas em aberto da sua empresa.&nbsp;<\/p>\n\n\n\n<h2 class=\"wp-block-heading\">Resultados de neg\u00f3cios e lucros mais s\u00f3lidos<\/h2>\n\n\n\n<p>O estudo constatou que empresas que possuem uma cultura inclusiva, possuem chances consideravelmente maiores de alcan\u00e7ar e at\u00e9 mesmo ultrapassar as metas financeiras. Com certeza essa \u00e9 uma vantagem que todas as empresas querem obter, mas para conseguir isso, \u00e9 necess\u00e1rio promover a inclus\u00e3o.<\/p>\n\n\n\n<p>Diante de todas essas vantagens voc\u00ea provavelmente deve ter notado os benef\u00edcios que a sua empresa pode ter por construir uma cultura inclusiva. Quanto mais cedo voc\u00ea implementar a inclus\u00e3o, mais r\u00e1pido voc\u00ea pode obter todos esses resultados.<\/p>\n\n\n\n<p>Se voc\u00ea gostou do nosso artigo, compartilhe com outras pessoas para que elas tamb\u00e9m possam conhecer as vantagens de promover a inclus\u00e3o no local de trabalho.<\/p>\n\n\n\n<p>A Iigual j\u00e1 incluiu mais de 20 mil <a href=\"https:\/\/iigual.com.br\/blog\/2021\/10\/08\/como-a-sua-empresa-pode-promover-a-inclusao-mesmo-com-o-trabalho-remoto\/\">PCDs<\/a> no mercado de trabalho. A consultoria nasceu da experi\u00eancia de vida do casal fundador Andrea Schwarz e Jaques Haber, quando Andrea se tornou cadeirante em 1998 aos 22 anos.<\/p>\n\n\n\n<figure class=\"wp-block-gallery columns-1 is-cropped wp-block-gallery-3 is-layout-flex wp-block-gallery-is-layout-flex\"><ul class=\"blocks-gallery-grid\"><li class=\"blocks-gallery-item\"><figure><img loading=\"lazy\" decoding=\"async\" width=\"800\" height=\"400\" src=\"https:\/\/iigual.com.br\/blog\/wp-content\/uploads\/2021\/10\/cultura-inclusiva-3.jpg\" alt=\"\" data-id=\"1449\" data-full-url=\"https:\/\/iigual.com.br\/blog\/wp-content\/uploads\/2021\/10\/cultura-inclusiva-3.jpg\" data-link=\"https:\/\/iigual.com.br\/blog\/?attachment_id=1449\" class=\"wp-image-1449\" srcset=\"https:\/\/iigual.com.br\/blog\/wp-content\/uploads\/2021\/10\/cultura-inclusiva-3.jpg 800w, https:\/\/iigual.com.br\/blog\/wp-content\/uploads\/2021\/10\/cultura-inclusiva-3-300x150.jpg 300w, https:\/\/iigual.com.br\/blog\/wp-content\/uploads\/2021\/10\/cultura-inclusiva-3-768x384.jpg 768w, https:\/\/iigual.com.br\/blog\/wp-content\/uploads\/2021\/10\/cultura-inclusiva-3-360x180.jpg 360w, https:\/\/iigual.com.br\/blog\/wp-content\/uploads\/2021\/10\/cultura-inclusiva-3-750x375.jpg 750w\" sizes=\"auto, (max-width: 800px) 100vw, 800px\" \/><\/figure><\/li><\/ul><\/figure>\n\n\n\n<p>Somos especializados em a\u00e7\u00f5es de Inclus\u00e3o e Diversidade com foco em recrutamento e sele\u00e7\u00e3o, palestras, treinamentos, acessibilidade f\u00edsica e digital, Censo da Inclus\u00e3o e Diversidade e consultoria em D&amp;I.<\/p>\n\n\n\n<p>Conhe\u00e7a mais sobre o nosso trabalho e acesse as redes dos nossos fundadores:<\/p>\n\n\n\n<p>Andrea Schwarz<\/p>\n\n\n\n<p>Linkedin<\/p>\n\n\n\n<p><a href=\"http:\/\/linkedin.com\/in\/andrea-schwarz\">http:\/\/linkedin.com\/in\/andrea-schwarz<\/a><\/p>\n\n\n\n<p>Instagram<\/p>\n\n\n\n<p>@dea_schwarz<\/p>\n\n\n\n<p>Jaques Haber<\/p>\n\n\n\n<p>Linkedin<\/p>\n\n\n\n<p><a href=\"http:\/\/linkedin.com\/in\/jaqueshaber\">http:\/\/linkedin.com\/in\/jaqueshaber<\/a><\/p>\n","protected":false},"excerpt":{"rendered":"<p>Diversidade e cultura inclusiva s\u00e3o temas que est\u00e3o em pauta em muitos lugares nos \u00faltimos anos. Principalmente a m\u00eddia tem abordado esses assuntos como sendo temas que precisam ser discutidos e levados em conta em todos os ambientes. Quando se trata de ambiente de trabalho a diversidade e a inclus\u00e3o ainda tem muito a caminhar. [&hellip;]<\/p>\n","protected":false},"author":7,"featured_media":1450,"comment_status":"open","ping_status":"open","sticky":false,"template":"","format":"standard","meta":{"footnotes":""},"categories":[1],"tags":[87,98,108,88,96,165,101,113,97],"class_list":["post-1448","post","type-post","status-publish","format-standard","has-post-thumbnail","hentry","category-sem-categoria","tag-empresa","tag-iigual-inclusao","tag-iigual-inclusao-pcd","tag-inclusao","tag-inclusao-de-deficientes","tag-pcd","tag-pessoas-com-deficiencia","tag-representatividade","tag-selecao-de-pcd-para-empresas"],"_links":{"self":[{"href":"https:\/\/iigual.com.br\/blog\/wp-json\/wp\/v2\/posts\/1448","targetHints":{"allow":["GET"]}}],"collection":[{"href":"https:\/\/iigual.com.br\/blog\/wp-json\/wp\/v2\/posts"}],"about":[{"href":"https:\/\/iigual.com.br\/blog\/wp-json\/wp\/v2\/types\/post"}],"author":[{"embeddable":true,"href":"https:\/\/iigual.com.br\/blog\/wp-json\/wp\/v2\/users\/7"}],"replies":[{"embeddable":true,"href":"https:\/\/iigual.com.br\/blog\/wp-json\/wp\/v2\/comments?post=1448"}],"version-history":[{"count":1,"href":"https:\/\/iigual.com.br\/blog\/wp-json\/wp\/v2\/posts\/1448\/revisions"}],"predecessor-version":[{"id":1452,"href":"https:\/\/iigual.com.br\/blog\/wp-json\/wp\/v2\/posts\/1448\/revisions\/1452"}],"wp:featuredmedia":[{"embeddable":true,"href":"https:\/\/iigual.com.br\/blog\/wp-json\/wp\/v2\/media\/1450"}],"wp:attachment":[{"href":"https:\/\/iigual.com.br\/blog\/wp-json\/wp\/v2\/media?parent=1448"}],"wp:term":[{"taxonomy":"category","embeddable":true,"href":"https:\/\/iigual.com.br\/blog\/wp-json\/wp\/v2\/categories?post=1448"},{"taxonomy":"post_tag","embeddable":true,"href":"https:\/\/iigual.com.br\/blog\/wp-json\/wp\/v2\/tags?post=1448"}],"curies":[{"name":"wp","href":"https:\/\/api.w.org\/{rel}","templated":true}]}}